{"id":25593,"date":"2014-06-05T14:44:25","date_gmt":"2014-06-05T13:44:25","guid":{"rendered":"http:\/\/blog.francescophoto.it\/?p=25593"},"modified":"2014-06-05T14:44:25","modified_gmt":"2014-06-05T13:44:25","slug":"sony-world-photography-awards-2015","status":"publish","type":"post","link":"https:\/\/francescophoto.it\/blog\/2014\/06\/05\/sony-world-photography-awards-2015\/","title":{"rendered":"Sony World Photography Awards 2015"},"content":{"rendered":"<p><a href=\"https:\/\/blog.francescophoto.it\/wp-content\/uploads\/2014\/06\/swpa_colour.jpg\"><img loading=\"lazy\" decoding=\"async\" class=\"alignright  wp-image-25594\" src=\"http:\/\/blog.francescophoto.it\/wp-content\/uploads\/2014\/06\/swpa_colour.jpg?w=500\" alt=\"SWPA_COLOUR\" width=\"406\" height=\"82\" \/><\/a>Sony comunica che si aprono le iscrizioni ai Sony World Photography Awards 2015 organizzati dalla World Photography Organisation. Fotografi professionisti, amatori, giovani e studenti di tutto il mondo potranno caricare gratuitamente i loro scatti migliori su <a href=\"http:\/\/www.worldphoto.org\/\">www.worldphoto.org<\/a>. In palio per i partecipanti numerosi premi in denaro e avanzatissime attrezzature di Sony per il Digital Imaging. Tutti i vincitori verranno premiati durante la cerimonia di gala, che si terr\u00e0 a Londra il 23 Aprile 2015.<!--more--><\/p>\n<p>E&#8217; un concorso molto interessante che nelle scorse edizioni ha visto la partecipazione di numerosi fotografi italiani, tra cui ci sono stati diversi vincitori.<\/p>\n<p>Riporto il comunicato stampa Sony.<\/p>\n<p>_________________________________________________________________________________<\/p>\n<p>&nbsp;<\/p>\n<table class=\"outlineTable\" border=\"0\" width=\"722\" cellspacing=\"0\" cellpadding=\"0\">\n<tbody>\n<tr>\n<td valign=\"top\">\n<table border=\"0\" width=\"100%\" cellspacing=\"0\" cellpadding=\"0\" bgcolor=\"#ffffff\">\n<tbody>\n<tr>\n<td><span class=\"releaseDate\">02\/06\/2014 09:00<\/span><\/td>\n<\/tr>\n<tr>\n<td><\/td>\n<td><\/td>\n<\/tr>\n<tr>\n<td>\n<h1>Aperte le iscrizioni a Sony World Photography Awards 2015<\/h1>\n<\/td>\n<\/tr>\n<tr>\n<td><\/td>\n<\/tr>\n<tr>\n<td><img loading=\"lazy\" decoding=\"async\" src=\"http:\/\/presscentre.sony.eu\/templates\/Sony\/images\/space.gif\" alt=\"Sony\" width=\"1\" height=\"10\" border=\"0\" \/><\/td>\n<\/tr>\n<tr>\n<td>Aprono le iscrizioni ai Sony World Photography Awards 2015 organizzati dalla World Photography Organisation. Fotografi professionisti, amatori, giovani e studenti di tutto il mondo potranno caricare gratuitamente i loro scatti migliori su <a href=\"http:\/\/www.worldphoto.org\/\">www.worldphoto.org<\/a>. In palio per i partecipanti numerosi premi in denaro e avanzatissime attrezzature di Sony per il Digital Imaging. Tutti i vincitori verranno premiati durante la cerimonia di gala, che si terr\u00e0 a Londra il 23 Aprile 2015.<b>Sony World Photography Awards 2015<\/b><\/p>\n<p>Dalla sua prima edizione nel 2007, Sony World Photography Awards ha raccolto oltre 700.000 immagini da 230 paesi. Dedito alla ricerca dei migliori esponenti della fotografia contemporanea internazionale, il contest pu\u00f2 essere annoverato fra i principali concorsi di fotografia a livello mondiale. L&#8217;ultima ad aggiudicarsi L\u2019Iris d\u2019Or e il titolo di Photographer of the Year \u00e8 stata l&#8217;americana Sara Naomi Lewkowicz con la serie di scatti &#8220;<i>Shane and Maggie&#8221;,<\/i> un&#8217;analisi intima e forte di una vicenda di violenza domestica rappresentata come un processo.<\/p>\n<p>Tra gli altri fotografi selezionati del concorso Professionisti, ai Sony World Photography Awards 2014, sono stati tre gli italiani vincitori:<\/p>\n<p>&nbsp;<\/p>\n<ul>\n<li>Viviana Peretti, Fotografo dell&#8217;anno &#8211; Arte e cultura<\/li>\n<li>Myriam Meloni, Fotografo dell&#8217;anno &#8211; Lifestyle<\/li>\n<li>Salvatore Di Gregorio, Fotografo dell&#8217;anno &#8211; Sport<\/li>\n<\/ul>\n<p>&nbsp;<\/p>\n<p>Per i vincitori dei titoli Iris d\u2019Or\/Photographer of the Year e Open Photographer of the Year sono previsti premi in denaro, mentre i migliori di ogni categoria si aggiudicheranno l&#8217;ultima generazione di prodotti per il Digital Imaging di Sony; al numero uno della sezione Student Focus andr\u00e0 invece un corredo di apparecchi fotografici d&#8217;avanguardia di Sony, da destinare al proprio istituto. Le immagini vincitrici e finaliste saranno inoltre pubblicate nell&#8217;edizione 2015 del volume Sony World Photography Awards ed esposte alla Somerset House di Londra.<\/p>\n<p>I Sony World Photography Awards 2015 si suddividono nei seguenti concorsi:<\/p>\n<p>&nbsp;<\/p>\n<ul>\n<li>Professionisti \u2013 15 categorie valutate sulla base di un book di scatti<\/li>\n<li>Open \u2013 10 categorie valutate sulla base di una sola immagine<\/li>\n<li>Giovani \u2013 tre categorie per fotografi sotto i 20 anni valutate sulla base di una sola immagine<\/li>\n<li>Student Focus \u2013 per gli studenti di fotografia degli istituti superiori di et\u00e0 compresa tra 18 e 30 anni.<\/li>\n<\/ul>\n<p>&nbsp;<\/p>\n<p>Le iscrizioni per i concorsi Open e Giovani chiuderanno alle ore 23:59 GMT di luned\u00ec 5 gennaio 2014, mentre le iscrizioni al concorso per Professionisti potranno pervenire fino alle ore 23:59 GMT di gioved\u00ec 8 gennaio 2015. Per l&#8217;elenco delle categorie, si rimanda alle note per la stampa.<\/p>\n<p>Nell&#8217;ambito del concorso Student Focus 2015, i fotografi dovranno presentare un unico scatto, simbolo della cultura consumistica moderna. L&#8217;immagine pu\u00f2 essere incisiva o di basso profilo, ma dovr\u00e0 raffigurare qualcosa che a giudizio del fotografo riflette la societ\u00e0 di oggi. Le iscrizioni per il concorso Student Focus chiudono il 6 dicembre 2014.<\/p>\n<p>Gli appuntamenti imperdibili per i Sony World Photography Awards 2015 sono:<\/p>\n<p>&nbsp;<\/p>\n<ul>\n<li>6 dicembre 2014 \u2013 Chiusura delle iscrizioni per il concorso Student Focus<\/li>\n<li>5 gennaio 2015 \u2013 Chiusura delle iscrizioni per i concorsi Open e Giovani<\/li>\n<li>8 gennaio 2015 \u2013 Chiusura delle iscrizioni per il concorso Professionisti<\/li>\n<li>10 febbraio 2015 \u2013 Annuncio dei finalisti dei concorsi Professionisti, Open, Giovani e Student Focus<\/li>\n<li>17 marzo 2015 \u2013 Annuncio del vincitore del riconoscimento Outstanding Contribution to Photography<\/li>\n<li>31 marzo 2015 \u2013 Annuncio dei vincitori dei concorsi Open e Giovani<\/li>\n<li>23 aprile 2015 \u2013 Cerimonia di gala a Londra, con consegna dell\u2019Iris d\u2019Or e del titolo di Photographer of the Year, premiazione dei vincitori delle categorie Professionisti e assegnazione dei titoli di Photographer of the Year per i concorsi Open, Giovani e Student Focus<\/li>\n<li>24 aprile-10 maggio \u2013 Sony World Photography Awards Exhibition 2015 alla Somerset House di Londra.<\/li>\n<\/ul>\n<p>&nbsp;<\/p>\n<p>Maggiori dettagli sulla World Photography Organisation e i Sony World Photography Awards sono disponibili al sito <a href=\"http:\/\/www.worldphoto.org\/\">www.worldphoto.org.<\/a><\/td>\n<\/tr>\n<tr>\n<td><img loading=\"lazy\" decoding=\"async\" src=\"http:\/\/presscentre.sony.eu\/templates\/Sony\/images\/space.gif\" alt=\"Sony\" width=\"1\" height=\"10\" border=\"0\" \/><\/td>\n<\/tr>\n<tr>\n<td><img loading=\"lazy\" decoding=\"async\" src=\"http:\/\/presscentre.sony.eu\/templates\/Sony\/images\/space.gif\" alt=\"Sony\" width=\"1\" height=\"20\" border=\"0\" \/><\/td>\n<\/tr>\n<\/tbody>\n<\/table>\n<\/td>\n<td><img loading=\"lazy\" decoding=\"async\" src=\"http:\/\/presscentre.sony.eu\/templates\/Sony\/images\/space.gif\" alt=\"Sony\" width=\"1\" height=\"1\" border=\"0\" \/><\/td>\n<td valign=\"top\">\n<table border=\"0\" width=\"100%\" cellspacing=\"0\" cellpadding=\"0\" bgcolor=\"#ffffff\">\n<tbody>\n<tr>\n<td><\/td>\n<\/tr>\n<tr>\n<td><img decoding=\"async\" src=\"http:\/\/presscentre.sony.eu\/templates\/Sony\/images\/space.gif\" alt=\"Sony\" width=\"100%\" height=\"1\" border=\"0\" \/><\/td>\n<\/tr>\n<tr>\n<td><span class=\"emphasis smallerText\">Elementi correlati: <\/span><\/td>\n<\/tr>\n<tr>\n<td valign=\"top\">\n<table border=\"0\" width=\"100%\" cellspacing=\"0\" cellpadding=\"0\" bgcolor=\"#ffffff\">\n<tbody>\n<tr>\n<td><img loading=\"lazy\" decoding=\"async\" src=\"http:\/\/presscentre.sony.eu\/templates\/Sony\/images\/space.gif\" alt=\"Sony\" width=\"160\" height=\"1\" border=\"0\" \/><\/td>\n<\/tr>\n<tr>\n<td bgcolor=\"#ffffff\"><img loading=\"lazy\" decoding=\"async\" src=\"http:\/\/presscentre.sony.eu\/templates\/Sony\/images\/space.gif\" alt=\"Sony\" width=\"1\" height=\"10\" border=\"0\" \/><\/td>\n<\/tr>\n<tr>\n<td bgcolor=\"#ffffff\"><a class=\"smallerText\" href=\"http:\/\/presscentre.sony.eu\/imagelibrary\/detail.aspx?MediaDetailsID=272094&amp;HUserID=4FAB1xFk3Xa45JwapzxmCQ..\"><img decoding=\"async\" src=\"http:\/\/presscentre.sony.eu\/imagelibrary\/displayMedia.ashx?MediaDetailsID=272094&amp;SizeID=2\" alt=\"SWPA-logo 2014\" border=\"0\" \/><\/a><\/td>\n<\/tr>\n<tr>\n<td bgcolor=\"#ffffff\"><img loading=\"lazy\" decoding=\"async\" src=\"http:\/\/presscentre.sony.eu\/templates\/Sony\/images\/space.gif\" alt=\"Sony\" width=\"1\" height=\"3\" border=\"0\" \/><\/td>\n<\/tr>\n<tr>\n<td bgcolor=\"#ffffff\"><a class=\"smallerText\" href=\"http:\/\/presscentre.sony.eu\/imagelibrary\/detail.aspx?MediaDetailsID=272094&amp;HUserID=4FAB1xFk3Xa45JwapzxmCQ..\">SWPA-logo 2014<\/a><\/td>\n<\/tr>\n<tr>\n<td bgcolor=\"#ffffff\"><img loading=\"lazy\" decoding=\"async\" src=\"http:\/\/presscentre.sony.eu\/templates\/Sony\/images\/space.gif\" alt=\"Sony\" width=\"1\" height=\"10\" border=\"0\" \/><\/td>\n<\/tr>\n<tr>\n<td bgcolor=\"#ffffff\"><img loading=\"lazy\" decoding=\"async\" src=\"http:\/\/presscentre.sony.eu\/templates\/Sony\/images\/space.gif\" alt=\"Sony\" width=\"1\" height=\"10\" border=\"0\" \/><\/td>\n<\/tr>\n<tr>\n<td bgcolor=\"#ffffff\"><a class=\"smallerText\" href=\"http:\/\/presscentre.sony.eu\/imagelibrary\/detail.aspx?MediaDetailsID=273841&amp;HUserID=4FAB1xFk3Xa45JwapzxmCQ..\"><img decoding=\"async\" src=\"http:\/\/presscentre.sony.eu\/imagelibrary\/displayMedia.ashx?MediaDetailsID=273841&amp;SizeID=2\" alt=\"comunicato SWPA 2015\" border=\"0\" \/><\/a><\/td>\n<\/tr>\n<tr>\n<td bgcolor=\"#ffffff\"><img loading=\"lazy\" decoding=\"async\" src=\"http:\/\/presscentre.sony.eu\/templates\/Sony\/images\/space.gif\" alt=\"Sony\" width=\"1\" height=\"3\" border=\"0\" \/><\/td>\n<\/tr>\n<tr>\n<td bgcolor=\"#ffffff\"><a class=\"smallerText\" href=\"http:\/\/presscentre.sony.eu\/imagelibrary\/detail.aspx?MediaDetailsID=273841&amp;HUserID=4FAB1xFk3Xa45JwapzxmCQ..\">comunicato SWPA 2015<\/a><\/td>\n<\/tr>\n<tr>\n<td bgcolor=\"#ffffff\"><img loading=\"lazy\" decoding=\"async\" src=\"http:\/\/presscentre.sony.eu\/templates\/Sony\/images\/space.gif\" alt=\"Sony\" width=\"1\" height=\"10\" border=\"0\" \/><\/td>\n<\/tr>\n<tr>\n<td><\/td>\n<\/tr>\n<\/tbody>\n<\/table>\n<\/td>\n<\/tr>\n<\/tbody>\n<\/table>\n<\/td>\n<td><img loading=\"lazy\" decoding=\"async\" src=\"http:\/\/presscentre.sony.eu\/templates\/Sony\/images\/space.gif\" alt=\"Sony\" width=\"1\" height=\"1\" border=\"0\" \/><\/td>\n<\/tr>\n<tr>\n<td><img loading=\"lazy\" decoding=\"async\" src=\"http:\/\/presscentre.sony.eu\/templates\/Sony\/images\/space.gif\" alt=\"Sony\" width=\"1\" height=\"1\" border=\"0\" \/><\/td>\n<td>\n<table border=\"0\" width=\"100%\" cellspacing=\"0\" cellpadding=\"0\" bgcolor=\"#ffffff\">\n<tbody>\n<tr>\n<td><\/td>\n<\/tr>\n<\/tbody>\n<\/table>\n<\/td>\n<\/tr>\n<\/tbody>\n<\/table>\n","protected":false},"excerpt":{"rendered":"<p>Sony comunica che si aprono le iscrizioni ai Sony World Photography Awards 2015 organizzati dalla World Photography Organisation. Fotografi professionisti, amatori, giovani e studenti di tutto il mondo potranno caricare gratuitamente i loro scatti migliori su www.worldphoto.org. In palio per i partecipanti numerosi premi in denaro e avanzatissime attrezzature di Sony per il Digital Imaging. &hellip; <a href=\"https:\/\/francescophoto.it\/blog\/2014\/06\/05\/sony-world-photography-awards-2015\/\" class=\"more-link\">Continua la lettura di <span class=\"screen-reader-text\">Sony World Photography Awards 2015<\/span> <span class=\"meta-nav\">&rarr;<\/span><\/a><\/p>\n","protected":false},"author":1,"featured_media":0,"comment_status":"open","ping_status":"open","sticky":false,"template":"","format":"standard","meta":{"_jetpack_memberships_contains_paid_content":false,"footnotes":""},"categories":[11,17],"tags":[],"class_list":["post-25593","post","type-post","status-publish","format-standard","hentry","category-eventi","category-generale"],"jetpack_featured_media_url":"","jetpack_sharing_enabled":true,"_links":{"self":[{"href":"https:\/\/francescophoto.it\/blog\/wp-json\/wp\/v2\/posts\/25593","targetHints":{"allow":["GET"]}}],"collection":[{"href":"https:\/\/francescophoto.it\/blog\/wp-json\/wp\/v2\/posts"}],"about":[{"href":"https:\/\/francescophoto.it\/blog\/wp-json\/wp\/v2\/types\/post"}],"author":[{"embeddable":true,"href":"https:\/\/francescophoto.it\/blog\/wp-json\/wp\/v2\/users\/1"}],"replies":[{"embeddable":true,"href":"https:\/\/francescophoto.it\/blog\/wp-json\/wp\/v2\/comments?post=25593"}],"version-history":[{"count":0,"href":"https:\/\/francescophoto.it\/blog\/wp-json\/wp\/v2\/posts\/25593\/revisions"}],"wp:attachment":[{"href":"https:\/\/francescophoto.it\/blog\/wp-json\/wp\/v2\/media?parent=25593"}],"wp:term":[{"taxonomy":"category","embeddable":true,"href":"https:\/\/francescophoto.it\/blog\/wp-json\/wp\/v2\/categories?post=25593"},{"taxonomy":"post_tag","embeddable":true,"href":"https:\/\/francescophoto.it\/blog\/wp-json\/wp\/v2\/tags?post=25593"}],"curies":[{"name":"wp","href":"https:\/\/api.w.org\/{rel}","templated":true}]}}