{"id":25085,"date":"2014-04-30T17:19:21","date_gmt":"2014-04-30T16:19:21","guid":{"rendered":"http:\/\/blog.francescophoto.it\/?p=25085"},"modified":"2014-04-30T17:19:21","modified_gmt":"2014-04-30T16:19:21","slug":"sony-nex-5t-test","status":"publish","type":"post","link":"https:\/\/francescophoto.it\/blog\/2014\/04\/30\/sony-nex-5t-test\/","title":{"rendered":"Sony NEX-5T : test"},"content":{"rendered":"<p><a href=\"http:\/\/blog.francescophoto.it\/wp-content\/uploads\/2014\/04\/dsc03652.jpg\"><img loading=\"lazy\" decoding=\"async\" class=\"alignright size-thumbnail wp-image-25093\" src=\"http:\/\/blog.francescophoto.it\/wp-content\/uploads\/2014\/04\/dsc03652.jpg?w=128\" alt=\"DSC03652\" width=\"128\" height=\"96\" \/><\/a>La NEX-5T \u00e8 l&#8217;unica superstite della serie di mirrorless NEX. Infatti attualmente la Sony denomina tutte le sue nuove mirrorless come Ax000 ed ha gi\u00e0 presentato la A5000, modello base, e la A6000 top di gamma.<br \/>\nLa NEX-5T monta un sensore di dimensioni APS-C con 16 Mpx. Il corpo \u00e8 di dimensioni molto contenute con uno schermo da 3&#8243; e non dispone di mirino e di flash integrato. In compenso lo schermo \u00e8 orientabile fino a potersi rivolgere in avanti per autoritratti. Sono disponibili i classici funzionamenti a programma, a priorit\u00e0 e manuale pi\u00f9 una serie di scene e filtri creativi. L&#8217;innesto obiettivi \u00e8 il nuovo Sony E che dispone di un discreto numero di obiettivi in continua crescita. Con un adattatore si possono montare gli inoltre gli obiettivi con innesto Sony Alpha mantenendo anche l&#8217;autofocus.<!--more--><br \/>\nLa NEX-5T \u00e8 una mirrorless con un corpo molto compatto. Questa \u00e8 la sua caratteristica fondamentale che, in unione allo zoom 16-50 altrettanto compatto, ne fa una fotocamera praticamente tascabile in grado per\u00f2 di produrre immagini di elevata qualit\u00e0. Non dispone di uno stabilizzatore integrato, ma alcuni dei suoi obiettivi sono stabilizzati. Un&#8217;altra sua caratteristica fondamentale \u00e8 il sistema autofocus ibrido. Il sensore infatti comprende un certo numero di pixel sdoppiati che consentono di realizzare la messa a fuoco a rilevamento di fase, tipica delle reflex e pi\u00f9 veloce di quella a rilevamento di contrasto. In questo caso la messa a fuoco \u00e8 per\u00f2 anche integrata con quella a rilevamento di contrasto, attuata su tutto il sensore, che consente anche un&#8217;elevata precisione.<br \/>\nLe sue principali caratteristiche sono:<\/p>\n<p>&#8211; sensore CMOS di formato APS-C (23,5&#215;15,6 mm) con 16 Mpx<br \/>\n&#8211; processore d&#8217;immagine Bionz<br \/>\n&#8211; corpo lega di magnesio<br \/>\n&#8211; innesto obiettivi Sony E<br \/>\n&#8211; schermo da 3&#8243; e 921.000 pixel orientabile in alto e in basso<br \/>\n&#8211; autofocus ibrido rilevamento di fase e di contrasto con 25 punti AF selezionabili automaticamente o manualmente<br \/>\n&#8211; modalit\u00e0 di esposizione completamente automatica, Program, a priorit\u00e0, manuale e con scene predisposte<br \/>\n&#8211; sensibilit\u00e0 automatica o manuale da 100 a 25.60000 Iso<br \/>\n&#8211; otturatore con tempi da 30 secondi ad 1\/4000<br \/>\n&#8211; disponibilit\u00e0 di effetti creativi e funzione panorama<br \/>\n&#8211; flash esterno inseribile sull&#8217;apposita slitta fornito con la fotocamera<br \/>\n&#8211; ripresa video Full HD a 1920&#215;1080 pixel a 50, 25 e 24 fg\/s in formato Mpeg4 e AVCHD con audio stereo<br \/>\n&#8211; velocit\u00e0 di raffica fino a 10 fg\/s<br \/>\n&#8211; sistema di pulizia del sensore a vibrazione ultra sonica<br \/>\n&#8211; usa schede SD\/SDHC\/SDXC<br \/>\n&#8211; batteria agli ioni di litio NP-FW50<br \/>\n&#8211; dimensioni 111x59x39 mm<br \/>\n&#8211; peso 276 grammi<\/p>\n<p>La Sony NEX-5T costa circa 600 \u20ac in kit con lo zoom 16-50 mm f\/3,5-5,6 stabilizzato.<\/p>\n<p>&nbsp;<\/p>\n<p><a href=\"http:\/\/blog.francescophoto.it\/wp-content\/uploads\/2014\/04\/dsc03669.jpg\"><img loading=\"lazy\" decoding=\"async\" class=\"alignnone size-medium wp-image-25101\" src=\"http:\/\/blog.francescophoto.it\/wp-content\/uploads\/2014\/04\/dsc03669.jpg?w=500\" alt=\"DSC03669\" width=\"500\" height=\"375\" \/><\/a><\/p>\n<p>________________________________________________________________<\/p>\n<p><a href=\"http:\/\/blog.francescophoto.it\/profilo\/samples\/sony-nex-5t-descrizione-e-uso\/\">Descrizione &amp; uso<\/a><br \/>\n<a href=\"http:\/\/blog.francescophoto.it\/profilo\/samples\/sony-nex-5t-prestazioni\/\">Prestazioni<\/a><br \/>\n<a href=\"http:\/\/blog.francescophoto.it\/profilo\/samples\/sony-nex-5t-galleria\/\">Galleria<\/a><br \/>\n<a href=\"http:\/\/blog.francescophoto.it\/profilo\/samples\/sony-nex-5t-conclusioni\/\">Conclusioni<\/a><\/p>\n<p>________________________________________________________________<\/p>\n<p><a href=\"http:\/\/blog.francescophoto.it\/profilo\/samples\/sony-nex-5t-descrizione-e-uso\/\">Successiva<\/a> ==&gt;<\/p>\n","protected":false},"excerpt":{"rendered":"<p>La NEX-5T \u00e8 l&#8217;unica superstite della serie di mirrorless NEX. Infatti attualmente la Sony denomina tutte le sue nuove mirrorless come Ax000 ed ha gi\u00e0 presentato la A5000, modello base, e la A6000 top di gamma. La NEX-5T monta un sensore di dimensioni APS-C con 16 Mpx. Il corpo \u00e8 di dimensioni molto contenute con &hellip; <a href=\"https:\/\/francescophoto.it\/blog\/2014\/04\/30\/sony-nex-5t-test\/\" class=\"more-link\">Continua la lettura di <span class=\"screen-reader-text\">Sony NEX-5T : test<\/span> <span class=\"meta-nav\">&rarr;<\/span><\/a><\/p>\n","protected":false},"author":1,"featured_media":0,"comment_status":"open","ping_status":"open","sticky":false,"template":"","format":"standard","meta":{"_jetpack_memberships_contains_paid_content":false,"footnotes":""},"categories":[47,12,22,37],"tags":[256,526,884,895,1171],"class_list":["post-25085","post","type-post","status-publish","format-standard","hentry","category-47","category-evil","category-mirrorless","category-test-fotocamere","tag-aps","tag-evil","tag-mirrorless","tag-nex-5t","tag-sony"],"jetpack_featured_media_url":"","jetpack_sharing_enabled":true,"_links":{"self":[{"href":"https:\/\/francescophoto.it\/blog\/wp-json\/wp\/v2\/posts\/25085","targetHints":{"allow":["GET"]}}],"collection":[{"href":"https:\/\/francescophoto.it\/blog\/wp-json\/wp\/v2\/posts"}],"about":[{"href":"https:\/\/francescophoto.it\/blog\/wp-json\/wp\/v2\/types\/post"}],"author":[{"embeddable":true,"href":"https:\/\/francescophoto.it\/blog\/wp-json\/wp\/v2\/users\/1"}],"replies":[{"embeddable":true,"href":"https:\/\/francescophoto.it\/blog\/wp-json\/wp\/v2\/comments?post=25085"}],"version-history":[{"count":0,"href":"https:\/\/francescophoto.it\/blog\/wp-json\/wp\/v2\/posts\/25085\/revisions"}],"wp:attachment":[{"href":"https:\/\/francescophoto.it\/blog\/wp-json\/wp\/v2\/media?parent=25085"}],"wp:term":[{"taxonomy":"category","embeddable":true,"href":"https:\/\/francescophoto.it\/blog\/wp-json\/wp\/v2\/categories?post=25085"},{"taxonomy":"post_tag","embeddable":true,"href":"https:\/\/francescophoto.it\/blog\/wp-json\/wp\/v2\/tags?post=25085"}],"curies":[{"name":"wp","href":"https:\/\/api.w.org\/{rel}","templated":true}]}}