{"id":24968,"date":"2014-04-22T23:16:18","date_gmt":"2014-04-22T22:16:18","guid":{"rendered":"http:\/\/blog.francescophoto.it\/?p=24968"},"modified":"2014-04-22T23:16:18","modified_gmt":"2014-04-22T22:16:18","slug":"lytro-illum","status":"publish","type":"post","link":"https:\/\/francescophoto.it\/blog\/2014\/04\/22\/lytro-illum\/","title":{"rendered":"Lytro Illum"},"content":{"rendered":"<p><a href=\"http:\/\/blog.francescophoto.it\/wp-content\/uploads\/2014\/04\/4586423805.jpg\"><img loading=\"lazy\" decoding=\"async\" class=\"alignright size-thumbnail wp-image-24974\" src=\"http:\/\/blog.francescophoto.it\/wp-content\/uploads\/2014\/04\/4586423805.jpg?w=111\" alt=\"4586423805\" width=\"111\" height=\"96\" \/><\/a>La Lytro produttrice delle innovative fotocamere &#8220;light field&#8221; in grado di riprendere un &#8220;campo di luce&#8221; ha presentato una nuova e rivoluzionaria fotocamera.<br \/>\nLa Illum che si affianca al primo modello innovativo, ma dalla strana forma a parallelepipedo, presenta caratteristiche molto pi\u00f9 interessanti.<br \/>\nLa particolarit\u00e0 fondamentale delle fotocamere Lytro \u00e8 che non riprendono un campo bidimensionale, come tutte le attuali fotocamere. Sono cio\u00e8 in grado di riprendere i raggi di luce che arrivano sul sensore da tutte le direzioni, cio\u00e8 un campo di luce &#8220;light field&#8221;. In questo modo possono produrre foto sulle quali si pu\u00f2 variare a piacere il punto di messa a fuoco, la profondit\u00e0 di campo e la prospettiva.<!--more--><br \/>\nQuesto \u00e8 realizzato con una tecnologia particolare Lytro che prevede dellee spaciali microlenti sul senore in grado di riprendere il campo di luce.<br \/>\nIl sensore della Illum \u00e8 realizzato appositamente per questa fotocamera ed ha le dimensioni di 1&#8243; al contrario del precedente modello che aveva un sensore molto pi\u00f9 piccolo da 1\/3&#8243;.<br \/>\nNonostante ci\u00f2 la Illum ha un&#8217;obiettivo zoom notevolissimo equivalente ad un 30-250 mm con apertura costante f\/2,0.<\/p>\n<p>Le sue principali caratteristiche sono:<\/p>\n<p>&#8211; sensore &#8220;light field&#8221; di specifica progettazione da 40 megaray<br \/>\n&#8211; obiettivo zoom 8x 30-250 mm equivalente con apertura costante f\/2,0<br \/>\n&#8211; otturatore con tempi fino a 1\/4000 di secondo<br \/>\n&#8211; capacit\u00e0 di messa a fuoco macro estremamente ravvicinata<br \/>\n&#8211; schermo da 4&#8243; con controlli di tipo touch articolato<br \/>\n&#8211; slitta per la connessione di flash esterni<br \/>\n&#8211; dimensioni 86x145x166 mm<br \/>\n&#8211; peso 940 grammi<\/p>\n<p>Il software a corredo ha le seguenti caratteristiche:<\/p>\n<p>&#8211; cortrolli virtuali in post produzione per apertura, messa a fuoco, modifica della prospettiva<br \/>\n&#8211; possibilit\u00e0 di riproduzione immediata in 3D<br \/>\n&#8211; assistenza interattiva per la profondit\u00e0<br \/>\n&#8211; libreria drag and drop per animazioni, incluso panning e zoom, messa a fuoco e prospettiva<br \/>\n&#8211; possibilit\u00e0 di condivisione con social network come Facebook, Twitter, Pinterest e Google+<br \/>\n&#8211; compatibilit\u00e0 con i software di Adobe e Apple<br \/>\nLa Lytro Illum sar\u00e0 disponibile, in USA, da giugno a 1.499 $.<br \/>\nLa Illum \u00e8 una fotocamera veramente innovativa, sia a livello tecnologico che di design. Il suo approccio fotografico a &#8220;campo di luce&#8221; \u00e8 unico e promette infinite possibilit\u00e0 ai fotografi creativi.<br \/>\nSe e quando sar\u00e0 disponibile anche da noi spero di effettuarne una prova completa per capire bene le possibilit\u00e0 di questo tipo di fotografia. In ogni caso la prover\u00f2 alla prossima Photokina a settembre.<\/p>\n<p>Per chi vuole saperne di pi\u00f9 vedere qui\u00a0<a href=\"https:\/\/www.lytro.com\/\">Lytro<\/a><\/p>\n<p>____________________________________________________________________<\/p>\n<p>&nbsp;<\/p>\n<p><a href=\"http:\/\/blog.francescophoto.it\/wp-content\/uploads\/2014\/04\/4586423805.jpg\"><img loading=\"lazy\" decoding=\"async\" class=\"alignnone size-medium wp-image-24974\" src=\"http:\/\/blog.francescophoto.it\/wp-content\/uploads\/2014\/04\/4586423805.jpg?w=500\" alt=\"4586423805\" width=\"500\" height=\"428\" \/><\/a><\/p>\n<p><a href=\"http:\/\/blog.francescophoto.it\/wp-content\/uploads\/2014\/04\/0429495808.jpg\"><img loading=\"lazy\" decoding=\"async\" class=\"alignnone size-medium wp-image-24972\" src=\"http:\/\/blog.francescophoto.it\/wp-content\/uploads\/2014\/04\/0429495808.jpg?w=500\" alt=\"0429495808\" width=\"500\" height=\"366\" \/><\/a><\/p>\n<p><a href=\"http:\/\/blog.francescophoto.it\/wp-content\/uploads\/2014\/04\/2202320538.jpg\"><img loading=\"lazy\" decoding=\"async\" class=\"alignnone size-medium wp-image-24973\" src=\"http:\/\/blog.francescophoto.it\/wp-content\/uploads\/2014\/04\/2202320538.jpg?w=500\" alt=\"2202320538\" width=\"500\" height=\"428\" \/><\/a><\/p>\n<p><a href=\"http:\/\/blog.francescophoto.it\/wp-content\/uploads\/2014\/04\/4802781004.jpg\"><img loading=\"lazy\" decoding=\"async\" class=\"alignnone size-medium wp-image-24975\" src=\"http:\/\/blog.francescophoto.it\/wp-content\/uploads\/2014\/04\/4802781004.jpg?w=500\" alt=\"4802781004\" width=\"500\" height=\"366\" \/><\/a><\/p>\n<p><a href=\"http:\/\/blog.francescophoto.it\/wp-content\/uploads\/2014\/04\/5028598281.jpg\"><img loading=\"lazy\" decoding=\"async\" class=\"alignnone size-medium wp-image-24976\" src=\"http:\/\/blog.francescophoto.it\/wp-content\/uploads\/2014\/04\/5028598281.jpg?w=500\" alt=\"5028598281\" width=\"500\" height=\"366\" \/><\/a><\/p>\n<p><a href=\"http:\/\/blog.francescophoto.it\/wp-content\/uploads\/2014\/04\/6717223789.jpg\"><img loading=\"lazy\" decoding=\"async\" class=\"alignnone size-medium wp-image-24977\" src=\"http:\/\/blog.francescophoto.it\/wp-content\/uploads\/2014\/04\/6717223789.jpg?w=385\" alt=\"6717223789\" width=\"385\" height=\"500\" \/><\/a><\/p>\n<p><a href=\"http:\/\/blog.francescophoto.it\/wp-content\/uploads\/2014\/04\/7795245335.jpg\"><img loading=\"lazy\" decoding=\"async\" class=\"alignnone size-medium wp-image-24978\" src=\"http:\/\/blog.francescophoto.it\/wp-content\/uploads\/2014\/04\/7795245335.jpg?w=500\" alt=\"7795245335\" width=\"500\" height=\"365\" \/><\/a><\/p>\n<p>&nbsp;<\/p>\n<p><a href=\"http:\/\/blog.francescophoto.it\/wp-content\/uploads\/2014\/04\/02-lfe2-707x388.jpg\"><img loading=\"lazy\" decoding=\"async\" class=\"alignnone size-medium wp-image-24970\" src=\"http:\/\/blog.francescophoto.it\/wp-content\/uploads\/2014\/04\/02-lfe2-707x388.jpg?w=500\" alt=\"02-lfe2-707x388\" width=\"500\" height=\"274\" \/><\/a><\/p>\n<figure id=\"attachment_24969\" aria-describedby=\"caption-attachment-24969\" style=\"width: 500px\" class=\"wp-caption alignnone\"><a href=\"http:\/\/blog.francescophoto.it\/wp-content\/uploads\/2014\/04\/01-sensor-707x388.jpg\"><img loading=\"lazy\" decoding=\"async\" class=\"size-medium wp-image-24969\" src=\"http:\/\/blog.francescophoto.it\/wp-content\/uploads\/2014\/04\/01-sensor-707x388.jpg?w=500\" alt=\"Sensore &quot;light field&quot;\" width=\"500\" height=\"274\" \/><\/a><figcaption id=\"caption-attachment-24969\" class=\"wp-caption-text\">Sensore &#8220;light field&#8221;<\/figcaption><\/figure>\n<figure id=\"attachment_24979\" aria-describedby=\"caption-attachment-24979\" style=\"width: 500px\" class=\"wp-caption alignnone\"><a href=\"http:\/\/blog.francescophoto.it\/wp-content\/uploads\/2014\/04\/productpage_hero_red.jpg\"><img loading=\"lazy\" decoding=\"async\" class=\"size-medium wp-image-24979\" src=\"http:\/\/blog.francescophoto.it\/wp-content\/uploads\/2014\/04\/productpage_hero_red.jpg?w=500\" alt=\"Lytro originale\" width=\"500\" height=\"333\" \/><\/a><figcaption id=\"caption-attachment-24979\" class=\"wp-caption-text\">Lytro originale<\/figcaption><\/figure>\n","protected":false},"excerpt":{"rendered":"<p>La Lytro produttrice delle innovative fotocamere &#8220;light field&#8221; in grado di riprendere un &#8220;campo di luce&#8221; ha presentato una nuova e rivoluzionaria fotocamera. La Illum che si affianca al primo modello innovativo, ma dalla strana forma a parallelepipedo, presenta caratteristiche molto pi\u00f9 interessanti. La particolarit\u00e0 fondamentale delle fotocamere Lytro \u00e8 che non riprendono un campo &hellip; <a href=\"https:\/\/francescophoto.it\/blog\/2014\/04\/22\/lytro-illum\/\" class=\"more-link\">Continua la lettura di <span class=\"screen-reader-text\">Lytro Illum<\/span> <span class=\"meta-nav\">&rarr;<\/span><\/a><\/p>\n","protected":false},"author":1,"featured_media":0,"comment_status":"open","ping_status":"open","sticky":false,"template":"","format":"standard","meta":{"_jetpack_memberships_contains_paid_content":false,"footnotes":""},"categories":[47,23],"tags":[703,781,842,843],"class_list":["post-24968","post","type-post","status-publish","format-standard","hentry","category-47","category-novita","tag-illum","tag-light-field","tag-lytro","tag-lytro-illum"],"jetpack_featured_media_url":"","jetpack_sharing_enabled":true,"_links":{"self":[{"href":"https:\/\/francescophoto.it\/blog\/wp-json\/wp\/v2\/posts\/24968","targetHints":{"allow":["GET"]}}],"collection":[{"href":"https:\/\/francescophoto.it\/blog\/wp-json\/wp\/v2\/posts"}],"about":[{"href":"https:\/\/francescophoto.it\/blog\/wp-json\/wp\/v2\/types\/post"}],"author":[{"embeddable":true,"href":"https:\/\/francescophoto.it\/blog\/wp-json\/wp\/v2\/users\/1"}],"replies":[{"embeddable":true,"href":"https:\/\/francescophoto.it\/blog\/wp-json\/wp\/v2\/comments?post=24968"}],"version-history":[{"count":0,"href":"https:\/\/francescophoto.it\/blog\/wp-json\/wp\/v2\/posts\/24968\/revisions"}],"wp:attachment":[{"href":"https:\/\/francescophoto.it\/blog\/wp-json\/wp\/v2\/media?parent=24968"}],"wp:term":[{"taxonomy":"category","embeddable":true,"href":"https:\/\/francescophoto.it\/blog\/wp-json\/wp\/v2\/categories?post=24968"},{"taxonomy":"post_tag","embeddable":true,"href":"https:\/\/francescophoto.it\/blog\/wp-json\/wp\/v2\/tags?post=24968"}],"curies":[{"name":"wp","href":"https:\/\/api.w.org\/{rel}","templated":true}]}}