{"id":24572,"date":"2014-03-14T01:52:35","date_gmt":"2014-03-14T00:52:35","guid":{"rendered":"http:\/\/blog.francescophoto.it\/?p=24572"},"modified":"2014-03-14T01:52:35","modified_gmt":"2014-03-14T00:52:35","slug":"fujifilm-x-m1-test","status":"publish","type":"post","link":"https:\/\/francescophoto.it\/blog\/2014\/03\/14\/fujifilm-x-m1-test\/","title":{"rendered":"Fujifilm X-M1 : test"},"content":{"rendered":"<p><a href=\"http:\/\/blog.francescophoto.it\/wp-content\/uploads\/2014\/03\/dsc03517c.jpg\"><img loading=\"lazy\" decoding=\"async\" class=\"alignright size-thumbnail wp-image-24594\" alt=\"DSC03517c\" src=\"http:\/\/blog.francescophoto.it\/wp-content\/uploads\/2014\/03\/dsc03517c.jpg?w=128\" width=\"128\" height=\"96\" \/><\/a>La X-M1 \u00e8 la pi\u00f9 economica mirrorless di Fujifilm con l&#8217;esclusivo sensore X-Trans CMOS. Non per questo \u00e8 una fotocamera base o dalle caratteristiche limitate. L&#8217;unica rinuncia rispetto alle sorelle X-E1 e X-E2 \u00e8 il mirino elettronico che non \u00e8 possibile avere nemmeno come optional. Questo ha consentito per\u00f2 di ridurre le dimensioni ed il peso della fotocamera che con un obiettivo &#8220;pancake&#8221; diventa tascabile. L&#8217;estetica pur mantenendo un certo sapore retr\u00f2 \u00e8 pi\u00f9 moderna delle altre mirrorless Fujifilm anche perch\u00e8 i comandi e la loro disposizione sono pi\u00f9 tradizionali per una fotocamera digitale. Infatti \u00e8 presente la manopola delle modalit\u00e0 di funzionamento invece della ghiera dei tempi e anche l&#8217;obiettivo in kit, XC 16-50 OIS non ha l&#8217;anello dei diaframmi. Il sensore, l&#8217;elettronica e tutte le altre caratteristiche sono invece simili a quelle della X-E1, ma l&#8217;elaboratore d&#8217;immagine \u00e8 lo stesso delle X-E2 e X-T2. In pi\u00f9 c&#8217;\u00e8 la connessione Wi-Fi.<!--more--><\/p>\n<p>Per questa serie di fotocamere Fuji ha sviluppato un nuovo sensore CMOS denominato X-Trans CMOS. La nuova matrice (CFA \u2013 Color Filter Array) non necessita di un filtro ottico passa-basso. Questo filtro infatti \u00e8 indispensabile per la riduzione del moir\u00e9 e dei falsi colori generati dai sensori convenzionali ma, nel contempo, degrada anche la risoluzione. Fuji ha sviluppato una nuova matrice CFA che si ispira alla casuale disposizione della grana nella pellicola, eliminando la necessit\u00e0 di un filtro ottico passa-basso per risolvere i problemi del moir\u00e9 e dei falsi colori. Nella matrice i pixel RGB sono disposti in gruppi di pixel 6\u00d76 con alta aperiodicit\u00e0 (casualit\u00e0). Aumentare il grado di casualit\u00e0 elimina la causa fondamentale del moir\u00e9 e dei falsi colori, un problema che si verifica nelle matrici convenzionali durante le riprese di elementi a righe e altri pattern ripetuti. La presenza di un pixel R, G e B in ogni serie di pixel orizzontali e verticali riduce al minimo la generazione di falsi colori e garantisce la superiore riproduzione dei colori stessi.<br \/>\nL\u2019utilizzo di una matrice ispirata alla pellicola ha reso necessario un processore pi\u00f9 potente per elaborare i dati dell\u2019immagine; per questo Fuji ha creato EXR Processor Pro. Questo processore consente di ottimizzare le potenzialit\u00e0 del sensore X-Trans CMOS fornendo elevata velocit\u00e0 e alta precisione di elaborazione delle immagini.<\/p>\n<p><a href=\"http:\/\/blog.francescophoto.it\/wp-content\/uploads\/2012\/04\/889img1.gif\"><img loading=\"lazy\" decoding=\"async\" class=\"alignnone size-medium wp-image-11189\" alt=\"889img1\" src=\"http:\/\/blog.francescophoto.it\/wp-content\/uploads\/2012\/04\/889img1.gif?w=500\" width=\"500\" height=\"242\" \/><\/a><\/p>\n<p>La X-M1 pu\u00f2 anche simulare la resa dei colori di alcune tra le pi\u00f9 famose pellicole Fuji, fra cui Velvia, Astia e Provia.<br \/>\nIn sintesi le caratteristiche principali della XM1 sono:<\/p>\n<p>&#8211; sensore APS CMOS da 16 Mpx X-Trans CMOS<br \/>\n&#8211; processore d&#8217;immagine EXR Processor II<br \/>\n&#8211; innesto obiettivi FUJIFILM \u201cX-Mount\u201d<br \/>\n&#8211; schermo orientabileda 3&#8243; con 920.000 pixel<br \/>\n&#8211; autofocus a rilevamento di contrasto con 49 punti AF<br \/>\n&#8211; otturatore con tempi da 30 secondi a 1\/4000<br \/>\n&#8211; modalit\u00e0 di funzionamento P\/A\/S\/M e scene<br \/>\n&#8211; velocit\u00e0 di raffica di 6 fg\/s<br \/>\n&#8211; Sistema di pulizia del sensore a vibrazione Ultra Sonica<br \/>\n&#8211; Ripresa video Full HD 1920&#215;1080 pixel 30p codec H\/264 con audio stereo<br \/>\n&#8211; flash integrato<br \/>\n&#8211; modalit\u00e0 di simulazione pellicola<br \/>\n&#8211; usa schede SD<br \/>\n&#8211; batteria agli ioni di litio con capacit\u00e0 di 350 scatti<br \/>\n&#8211; connettivit\u00e0 Wi-Fu<br \/>\n&#8211; dimensioni 117x67x39 mm<br \/>\n&#8211; peso 330 grammi<\/p>\n<p>La X-M1 costa con lo zoom XC 16-50 mm f\/3,5-5,6 OIS stabilizzato 650 \u20ac.<\/p>\n<p><a href=\"http:\/\/blog.francescophoto.it\/wp-content\/uploads\/2014\/03\/dsc03519.jpg\"><img loading=\"lazy\" decoding=\"async\" class=\"alignnone size-medium wp-image-24529\" alt=\"DSC03519\" src=\"http:\/\/blog.francescophoto.it\/wp-content\/uploads\/2014\/03\/dsc03519.jpg?w=500\" width=\"500\" height=\"375\" \/><\/a><\/p>\n<p>_______________________________________________<\/p>\n<p><a href=\"http:\/\/blog.francescophoto.it\/profilo\/samples\/fujifilm-x-m1-descrizione-e-uso\/\">Descrizione &amp; uso<\/a><br \/>\n<a href=\"http:\/\/blog.francescophoto.it\/profilo\/samples\/fujifilm-x-m1-prestazioni\/\">Prestazioni<\/a><br \/>\n<a href=\"http:\/\/blog.francescophoto.it\/profilo\/samples\/fujifilm-x-m1-galleria\/\">Galleria<\/a><br \/>\n<a href=\"http:\/\/blog.francescophoto.it\/profilo\/samples\/fujifilm-x-m1-conclusioni\/\">Conclusioni<\/a><\/p>\n<p>_________________________________________________________<\/p>\n<p><a href=\"http:\/\/blog.francescophoto.it\/profilo\/samples\/fujifilm-x-m1-descrizione-e-uso\/\">Successiva<\/a> ==&gt;<\/p>\n","protected":false},"excerpt":{"rendered":"<p>La X-M1 \u00e8 la pi\u00f9 economica mirrorless di Fujifilm con l&#8217;esclusivo sensore X-Trans CMOS. Non per questo \u00e8 una fotocamera base o dalle caratteristiche limitate. L&#8217;unica rinuncia rispetto alle sorelle X-E1 e X-E2 \u00e8 il mirino elettronico che non \u00e8 possibile avere nemmeno come optional. Questo ha consentito per\u00f2 di ridurre le dimensioni ed il &hellip; <a href=\"https:\/\/francescophoto.it\/blog\/2014\/03\/14\/fujifilm-x-m1-test\/\" class=\"more-link\">Continua la lettura di <span class=\"screen-reader-text\">Fujifilm X-M1 : test<\/span> <span class=\"meta-nav\">&rarr;<\/span><\/a><\/p>\n","protected":false},"author":1,"featured_media":0,"comment_status":"open","ping_status":"open","sticky":false,"template":"","format":"standard","meta":{"_jetpack_memberships_contains_paid_content":false,"footnotes":""},"categories":[47,12,22,37],"tags":[256,526,579,581,884,1312],"class_list":["post-24572","post","type-post","status-publish","format-standard","hentry","category-47","category-evil","category-mirrorless","category-test-fotocamere","tag-aps","tag-evil","tag-fuji","tag-fujifilm","tag-mirrorless","tag-x-m1"],"jetpack_featured_media_url":"","jetpack_sharing_enabled":true,"_links":{"self":[{"href":"https:\/\/francescophoto.it\/blog\/wp-json\/wp\/v2\/posts\/24572","targetHints":{"allow":["GET"]}}],"collection":[{"href":"https:\/\/francescophoto.it\/blog\/wp-json\/wp\/v2\/posts"}],"about":[{"href":"https:\/\/francescophoto.it\/blog\/wp-json\/wp\/v2\/types\/post"}],"author":[{"embeddable":true,"href":"https:\/\/francescophoto.it\/blog\/wp-json\/wp\/v2\/users\/1"}],"replies":[{"embeddable":true,"href":"https:\/\/francescophoto.it\/blog\/wp-json\/wp\/v2\/comments?post=24572"}],"version-history":[{"count":0,"href":"https:\/\/francescophoto.it\/blog\/wp-json\/wp\/v2\/posts\/24572\/revisions"}],"wp:attachment":[{"href":"https:\/\/francescophoto.it\/blog\/wp-json\/wp\/v2\/media?parent=24572"}],"wp:term":[{"taxonomy":"category","embeddable":true,"href":"https:\/\/francescophoto.it\/blog\/wp-json\/wp\/v2\/categories?post=24572"},{"taxonomy":"post_tag","embeddable":true,"href":"https:\/\/francescophoto.it\/blog\/wp-json\/wp\/v2\/tags?post=24572"}],"curies":[{"name":"wp","href":"https:\/\/api.w.org\/{rel}","templated":true}]}}