{"id":24459,"date":"2014-03-07T01:42:41","date_gmt":"2014-03-07T00:42:41","guid":{"rendered":"http:\/\/blog.francescophoto.it\/?p=24459"},"modified":"2014-03-07T01:42:41","modified_gmt":"2014-03-07T00:42:41","slug":"sony-a7r-e-fe-28-70-mm","status":"publish","type":"post","link":"https:\/\/francescophoto.it\/blog\/2014\/03\/07\/sony-a7r-e-fe-28-70-mm\/","title":{"rendered":"Sony A7R e FE 28-70 mm"},"content":{"rendered":"<p><a href=\"http:\/\/blog.francescophoto.it\/wp-content\/uploads\/2014\/03\/a7r_wsel2870l.jpg\"><img loading=\"lazy\" decoding=\"async\" class=\"alignright size-thumbnail wp-image-24474\" alt=\"A7R_wSEL2870l\" src=\"http:\/\/blog.francescophoto.it\/wp-content\/uploads\/2014\/03\/a7r_wsel2870l.jpg?w=128\" width=\"128\" height=\"89\" \/><\/a>La Sony A7R \u00e8 la mirrorless con la pi\u00f9 alta risoluzione attualmente disponibile, superando fra le fullframe la Leica M e fra le APS la NEX-7 sempre di Sony. Ha una risoluzione uguale a quella della Nikon D800, ma un corpo molto pi\u00f9 piccolo e leggero e per questo ha suscitato l&#8217;interesse di molti fotografi, sia di coloro che vogliono una mirrorless, ma di dimensioni e peso pi\u00f9 ridotti delle reflex attualmente disponibili, sia di chi possiede obiettivi per vecchie fotocamere a telemetro o reflex a pellicola e vorrebbe riutilizzarli in un corpo digitale fullframe per non dovere rinunciate a parte dell&#8217;angolo di copertura con l&#8217;effetto dell&#8217;aumento di focale apparente che si ha usando fotocamere con sensore APS o Micro 4\/3. Ci\u00f2 \u00e8 possibile perch\u00e8 la A7R come mirrorless ha un corpo sottile che consente, con opportuni anelli adattatori, di montarvi quasi tutti gli obiettivi.<br \/>\nL&#8217;elevata risoluzione del sensore dell&#8217;A7R per\u00f2 pu\u00f2 rendere critica la scelta degli obiettivi se se ne vuole sfruttare al massimo la risoluzione.<br \/>\nHo avuto occasione di provare brevemente un&#8217;A7R con il Sony FE 28-70 f\/3,5-5,6. Vediamo come va.<!--more--><br \/>\nIl sensore dell&#8217;A7R, oltre all&#8217;elevato numero di Mpx, 36, ha una particolarit\u00e0 che quello dell&#8217;A7 da 24 Mpx non ha: i pixel verso i bordi del sensore hanno le microlenti leggermente decentrate verso il centro. Questo dovrebbe favorire la ricezione di una maggiore quantit\u00e0 di luce dai raggi obliqui che arrivano dall&#8217;obiettivo che, essendo la fotocamera una mirrorless, hanno la lente posteriore molto vicina al sensore. Ci\u00f2 dovrebbe parte dell&#8217;effetto di vignettatura che si potrebbe avere con alcuni obiettivi, in particolare i grandangoli.<br \/>\nUn accorgimento simile era stato adottato in precedenza anche da Leica per le sue M.<\/p>\n<p>La A7R \u00e8 venduta da Sony senza obiettivo quindi all&#8217;atto del suo acquisto si pone il problema di quale scegliere. Attualmente gli obiettivi con innesto FE per le mirrorless fullframe Sony non sono molti. Ci sono due focali fisse Zeiss FE 35\/2,8 e FE 55\/1,8 e tre zoom Sony FE 28-70\/3,5-5,6, FE 70-200\/4,0 e Zeiss FE 24-70\/4,0. Volendo scegliere uno zoom di uso normale si pone il problema della scelta fra il Sony 28-70 che costa 499 \u20ac e lo Zeiss 24-70 che costa 1.199 \u20ac. La differenza \u00e8 tanta e molti penseranno che il Sony possa andare bene evitando di spendere tanto di pi\u00f9 per lo Zeiss.<br \/>\nHo avuto occasione di effettuare qualche prova con la A7R e il Sony 28-70, ma i risultati non sono stati molto favorevoli a questa accoppiata.<\/p>\n<p><a href=\"http:\/\/blog.francescophoto.it\/wp-content\/uploads\/2014\/03\/a7r_28-70.jpg\"><img loading=\"lazy\" decoding=\"async\" class=\"alignnone size-full wp-image-24464\" alt=\"A7R_28-70\" src=\"http:\/\/blog.francescophoto.it\/wp-content\/uploads\/2014\/03\/a7r_28-70.jpg\" width=\"395\" height=\"414\" \/><\/a><br \/>\nIl test \u00e8 nato proprio dai dubbi di un amico che aveva acquistato questa accoppiata e lamentava una scarsa nitidezza ai bordi delle immagini come si pu\u00f2 vedere dalle foto allegate.<\/p>\n\n<p>Pensando ad un difetto dell&#8217;obiettivo o addirittura del sensore li ho sottoposti a test misurando la risoluzione al centro e ai bordi con le mie usuali mire ottiche.<br \/>\nIl test ha escluso che si tratti di un difetto dell&#8217;obiettivo in quanto il suo comportamento \u00e8 uniforme su tutti i lati, escludendo quindi un difetto solo da un lato dovuto ad esempio ad un&#8217;errata centratura delle lenti.<br \/>\nLa misura della risoluzione ha per\u00f2 evidenziato una grande differenza fra centro e bordi alla focale di 24 mm a partire da tutta apertura f\/3,5 che si attenua di molto, ma non scompare compretamente, a f\/8,0 come si pu\u00f2 vedere dal grafico e dai ritagli al 100 % allegati.<\/p>\n<p><a href=\"http:\/\/blog.francescophoto.it\/wp-content\/uploads\/2014\/03\/risoluzione_a7r_28-70-28.jpg\"><img loading=\"lazy\" decoding=\"async\" class=\"alignnone size-medium wp-image-24470\" alt=\"Risoluzione_A7R_28-70-28\" src=\"http:\/\/blog.francescophoto.it\/wp-content\/uploads\/2014\/03\/risoluzione_a7r_28-70-28.jpg?w=500\" width=\"500\" height=\"327\" \/><\/a><\/p>\n<figure id=\"attachment_24460\" aria-describedby=\"caption-attachment-24460\" style=\"width: 300px\" class=\"wp-caption alignleft\"><a href=\"http:\/\/blog.francescophoto.it\/wp-content\/uploads\/2014\/03\/a7_28-70-28_bordi_f35.jpg\"><img loading=\"lazy\" decoding=\"async\" class=\"size-full wp-image-24460\" alt=\"28 mm f\/3,5 bordo\" src=\"http:\/\/blog.francescophoto.it\/wp-content\/uploads\/2014\/03\/a7_28-70-28_bordi_f35.jpg\" width=\"300\" height=\"400\" \/><\/a><figcaption id=\"caption-attachment-24460\" class=\"wp-caption-text\">28 mm f\/3,5 bordo<\/figcaption><\/figure>\n<figure id=\"attachment_24462\" aria-describedby=\"caption-attachment-24462\" style=\"width: 300px\" class=\"wp-caption alignnone\"><a href=\"http:\/\/blog.francescophoto.it\/wp-content\/uploads\/2014\/03\/a7_28-70-28_centro_f8.jpg\"><img loading=\"lazy\" decoding=\"async\" class=\"size-full wp-image-24462\" alt=\"28 mm f\/3,5 centro\" src=\"http:\/\/blog.francescophoto.it\/wp-content\/uploads\/2014\/03\/a7_28-70-28_centro_f8.jpg\" width=\"300\" height=\"400\" \/><\/a><figcaption id=\"caption-attachment-24462\" class=\"wp-caption-text\">28 mm f\/3,5 centro<\/figcaption><\/figure>\n<figure id=\"attachment_24461\" aria-describedby=\"caption-attachment-24461\" style=\"width: 300px\" class=\"wp-caption alignnone\"><a href=\"http:\/\/blog.francescophoto.it\/wp-content\/uploads\/2014\/03\/a7_28-70-28_bordi_f8.jpg\"><img loading=\"lazy\" decoding=\"async\" class=\"size-full wp-image-24461\" alt=\"28 mm f\/8,0 bordo\" src=\"http:\/\/blog.francescophoto.it\/wp-content\/uploads\/2014\/03\/a7_28-70-28_bordi_f8.jpg\" width=\"300\" height=\"400\" \/><\/a><figcaption id=\"caption-attachment-24461\" class=\"wp-caption-text\">28 mm f\/8,0 bordo<\/figcaption><\/figure>\n<figure id=\"attachment_24463\" aria-describedby=\"caption-attachment-24463\" style=\"width: 300px\" class=\"wp-caption alignnone\"><a href=\"http:\/\/blog.francescophoto.it\/wp-content\/uploads\/2014\/03\/a7_28-70-28_centro_f35.jpg\"><img loading=\"lazy\" decoding=\"async\" class=\"size-full wp-image-24463\" alt=\"28 mm f\/8,0 centro\" src=\"http:\/\/blog.francescophoto.it\/wp-content\/uploads\/2014\/03\/a7_28-70-28_centro_f35.jpg\" width=\"300\" height=\"400\" \/><\/a><figcaption id=\"caption-attachment-24463\" class=\"wp-caption-text\">28 mm f\/8,0 centro<\/figcaption><\/figure>\n<p>Questo vuol dire che l&#8217;obiettivo ha un&#8217;ottima risoluzione al centro, ma \u00e8 scarso ai bordi, oppure che il particolare progetto del sensore non si adatti alle caratteristiche dell&#8217;obiettivo che proietta i raggi di luce abbastanza obliquamente sul sensore. Poich\u00e8 per\u00f2 il difetto si attenua di molto, rientrando nei limiti di una normale differenza fra centro e bordi, a partire da f\/8, situazione in cui i raggi di luce proveniendo prevalentemente dal centro della lente posteriore sono ancora pi\u00f9 obliqui, si pu\u00f2 concludere che si tratta proprio di scarsa risoluzione dell&#8217;obiettivo alle aperture maggiori.<br \/>\nIn conclusione il Sony 28-70 non si rivela quindi molto adatto all&#8217;uso con la A7R penalizzandone la risoluzione ai bordi.<br \/>\nLo Zeiss 24-70 dovrebbe garantire prestazioni migliori: non ho fatto ancora misure, ma i primi risultati visivi su foto reali sembrano confermarlo.<\/p>\n<p>Infine uno splendido tramonto scattato con la A7R e il 28-70 per dimostrare che si possono fare belle foto indipendentemente dalla risoluzione.<\/p>\n<p><a href=\"http:\/\/blog.francescophoto.it\/wp-content\/uploads\/2014\/03\/dsc00246c.jpg\"><img loading=\"lazy\" decoding=\"async\" class=\"alignnone size-medium wp-image-24469\" alt=\"DSC00246c\" src=\"http:\/\/blog.francescophoto.it\/wp-content\/uploads\/2014\/03\/dsc00246c.jpg?w=500\" width=\"500\" height=\"333\" \/><\/a><\/p>\n","protected":false},"excerpt":{"rendered":"<p>La Sony A7R \u00e8 la mirrorless con la pi\u00f9 alta risoluzione attualmente disponibile, superando fra le fullframe la Leica M e fra le APS la NEX-7 sempre di Sony. Ha una risoluzione uguale a quella della Nikon D800, ma un corpo molto pi\u00f9 piccolo e leggero e per questo ha suscitato l&#8217;interesse di molti fotografi, &hellip; <a href=\"https:\/\/francescophoto.it\/blog\/2014\/03\/07\/sony-a7r-e-fe-28-70-mm\/\" class=\"more-link\">Continua la lettura di <span class=\"screen-reader-text\">Sony A7R e FE 28-70 mm<\/span> <span class=\"meta-nav\">&rarr;<\/span><\/a><\/p>\n","protected":false},"author":1,"featured_media":0,"comment_status":"open","ping_status":"open","sticky":false,"template":"","format":"standard","meta":{"_jetpack_memberships_contains_paid_content":false,"footnotes":""},"categories":[47,10,18],"tags":[221,543,585,936,1171],"class_list":["post-24459","post","type-post","status-publish","format-standard","hentry","category-47","category-dslr","category-impressioni-fotocamere","tag-a7r","tag-fe-28-70","tag-fullframe","tag-obiettivi","tag-sony"],"jetpack_featured_media_url":"","jetpack_sharing_enabled":true,"_links":{"self":[{"href":"https:\/\/francescophoto.it\/blog\/wp-json\/wp\/v2\/posts\/24459","targetHints":{"allow":["GET"]}}],"collection":[{"href":"https:\/\/francescophoto.it\/blog\/wp-json\/wp\/v2\/posts"}],"about":[{"href":"https:\/\/francescophoto.it\/blog\/wp-json\/wp\/v2\/types\/post"}],"author":[{"embeddable":true,"href":"https:\/\/francescophoto.it\/blog\/wp-json\/wp\/v2\/users\/1"}],"replies":[{"embeddable":true,"href":"https:\/\/francescophoto.it\/blog\/wp-json\/wp\/v2\/comments?post=24459"}],"version-history":[{"count":0,"href":"https:\/\/francescophoto.it\/blog\/wp-json\/wp\/v2\/posts\/24459\/revisions"}],"wp:attachment":[{"href":"https:\/\/francescophoto.it\/blog\/wp-json\/wp\/v2\/media?parent=24459"}],"wp:term":[{"taxonomy":"category","embeddable":true,"href":"https:\/\/francescophoto.it\/blog\/wp-json\/wp\/v2\/categories?post=24459"},{"taxonomy":"post_tag","embeddable":true,"href":"https:\/\/francescophoto.it\/blog\/wp-json\/wp\/v2\/tags?post=24459"}],"curies":[{"name":"wp","href":"https:\/\/api.w.org\/{rel}","templated":true}]}}