{"id":2415,"date":"2009-10-20T11:24:28","date_gmt":"2009-10-20T10:24:28","guid":{"rendered":"http:\/\/francescophoto.wordpress.com\/?p=2415"},"modified":"2009-10-20T11:24:28","modified_gmt":"2009-10-20T10:24:28","slug":"canon-1d-mk-iv","status":"publish","type":"post","link":"https:\/\/francescophoto.it\/blog\/2009\/10\/20\/canon-1d-mk-iv\/","title":{"rendered":"Canon 1D Mk IV"},"content":{"rendered":"<p><a href=\"http:\/\/blog.francescophoto.it\/wp-content\/uploads\/2009\/10\/1dmk4_6_l.jpg\"><img loading=\"lazy\" decoding=\"async\" class=\"alignright size-thumbnail wp-image-2414\" title=\"1DMK4_6_L\" src=\"http:\/\/blog.francescophoto.it\/wp-content\/uploads\/2009\/10\/1dmk4_6_l.jpg?w=91\" alt=\"1DMK4_6_L\" width=\"91\" height=\"96\" \/><\/a>Canon presenta oggi la nuova reflex digitale professionale per fotografi sportivi, fotoreporter, fotografi naturalisti e tutti coloro che devono operare con rapidit\u00e0 e velocit\u00e0 anche in condizioni difficili. La nuova EOS 1D IV usa un nuovo sensore CMOS, sempre di pormato APS-H (27,9&#215;18,6 mm) con fattore moltiplicativo 1,3, con la sensibilit\u00e0 massima di 102400 Iso, come la Nikon D3s presentata pochi giorni fa. La 1D IV offre poi una raffica che arriva a 10 fg\/s a pieno formato, un nuovo sistema autofocus con 45 punti di cui 39 a croce ad alta sensibilit\u00e0, un corpo in lega di alluminio e magnesio tropicalizzato e resistente all&#8217;umidit\u00e0 e infine la possibilit\u00e0 di riprese video Full HD 1080p che conferma ormai l&#8217;importanza del video anche nelle fotocamere professionali.<!--more--><\/p>\n<p>La EOS 1D IV si presenta con un aspetto ed un ingombro simile alla precedente. Le sue principali caratteristiche sono:<\/p>\n<p>&#8211; sensore CMOS di formato APS-H (27,9&#215;18,6 mm) con 16,1 Mpx e fattore moltiplicativo 1,3 e microlenti &#8220;gapless&#8221; cio\u00e8 senza spazio fra l&#8217;una e l&#8217;altra<br \/>\n&#8211; doppio elaboratore di immagini Digic IV con elaborazione delle immagini a 14 bit<br \/>\n&#8211; innesto obiettivi Canon EF compatibile con tutti gli obiettivi EF, ma non con gli EF-S per il formato APS-C<br \/>\n&#8211; corpo in lega di magnesio ed alluminio protetto contro polvere ed umidit\u00e0 con 76 guarnizioni<br \/>\n&#8211; schermo<br \/>\n&#8211; schermo da 3&#8243; con 920.000 pixel<br \/>\n&#8211; mirino ottico con copertura del 100 % e ingrandimento di 0,76x (equivalente a 0,59x rapportato al fullframe)<br \/>\n&#8211; sistema autofocus con 45 punti di cui 39 a croce e ad alta sensibilit\u00e0<br \/>\n&#8211; gamma di sensibilit\u00e0 da 100 a 12800 Iso espandibile da 50 a 102400 Iso<br \/>\n&#8211; tempi di otturazione da 30 sec fino a 1\/8000 sec pi\u00f9 la posa B<br \/>\n&#8211; possibilit\u00e0 di salvare in formato raw a 14 bit e in M-raw (9 Mpx) o S-raw (4 Mpx) per chi deve trasmettere rapidamente un&#8217;immagine e preferisce un formato pi\u00f9 piccolo per minimizzare i tempi<br \/>\n&#8211; velocit\u00e0 di raffica di 10 fg\/s per 28 raw o 121 jpeg<br \/>\n&#8211; sistema di misurazione dell&#8217;esposizione a 63 zone e collegato al punto autofocus scelto<br \/>\n&#8211; possibilit\u00e0 di riprendere video Full HD 1080p (1920&#215;1080 pixel) con possibilit\u00e0 di selezionare il frame rate a 30, 25 o 24 fg\/s. Durante il video \u00e8 possibile regolare il diaframma e la sensibilit\u00e0 anche in modalit\u00e0 estesa fino a 102400 Iso. Durante la ripresa si pu\u00f2 selezionare manualmente l&#8217;esposizione o impostare (oltre al formato Full HD) la risoluzione VGA o 720p<br \/>\n&#8211; sistema di riduzione della polvere<br \/>\n&#8211; slitta per flash pi\u00f9 contato per flash esterni<br \/>\n&#8211; doppio alloggiamento per schede di memoria CompactFlash e SD\/SDHC<br \/>\n&#8211; uscita video HDMI che consente il collegamento a sistemi video ad alta definizione<br \/>\n&#8211; connessione wireless con il trasmettitore opzionale WFT-E2 II A<br \/>\n&#8211; dimensioni 156 x 157 x 80 mm<br \/>\n&#8211; peso 1180 grammi<\/p>\n<p>Sar\u00e0 disponibile a dicembre inoltrato. Il prezzo in Italia non \u00e8 ancora stato comunicato, ma quello previsto in USA \u00e8 di 4999 $.<br \/>\nLa nuova Canon EOS 1D Mk IV, presentata a una settimana di distanza dalla Nikon D3s conferma la tendenza manifestata recentemente che vede l&#8217;estensione della sensibilit\u00e0 delle fotocamere a valori fino a poco tempo fa impensabili (e da sogno con la pellicola) e l&#8217;inserimento della funzione di ripresa video anche nelle professionali, a dimostrazione che questo non \u00e8 un gadget da riservare alle compattine, ma uno strumento di lavoro utile anche per chi professionalmente deve comunicare con l&#8217;immagine. Era facile immaginare che, con la diffusione di siti come YouTube e di giornali online che propongono immagini e video, a questo presto si sarebbe arrivati, nonostante che i cosiddetti &#8220;puristi&#8221; o i nostalgici storcano ancora un po&#8217; il naso (sono gli stessi per cui l&#8217;af no, l&#8217;esposizione automatica no, la misurazione ttl no, l&#8217;esposimetro incorporato no, ecc.).<br \/>\nPer il resto la 1D IV \u00e8 un notevole miglioramento rispetto alla precedente III. La risoluzione \u00e8 passata da 10 a 16 Mpx, la sensibilit\u00e0 al megagalattico valore di 102.400 Iso che consente riprese in condizioni di luce quasi nulla. Lo schermo ha finalmente 3&#8243; e 920.000 pixel e l&#8217;autofocus \u00e8 migliorato e dovrebbe aver risolto i problemi che affliggevano la precedente versione. Le sue caratteristiche di velocit\u00e0, robustezza, impermeabilizzazione e personalizzazione ne fanno una delle migliori fotocamere per i professionisti di riprese sportive, eventi, cronaca, natura e azione in generale.<br \/>\nIn questo ha come forte concorrente la nuova Nikon D3s, che l&#8217;ha preceduta, come al solito, di una settimana nel proporre al mondo professionale il video ed una sensibilit\u00e0 di 102.400 Iso. E&#8217; da valutare se sia preferibile avere pi\u00f9 pixel o un formato fullframe, e a far decidere i fotografi saranno sicuramente gli investimenti gi\u00e0 fatti in obiettivi e l&#8217;abitudine ad usare un certo prodotto. In generale si pu\u00f2 dire che in virt\u00f9 del suo formato (non per avere meno pixel!) la D3s dovrebbe presentare un rumore pi\u00f9 ridotto alle alte sensibilit\u00e0. La risoluzione, con buoni obiettivi, dovrebbe essere simile perch\u00e8 il formato pi\u00f9 ampio della D3s \u00e8 sicuramente compensato dal maggior numero di megapixel della Canon. Quest&#8217;ultima ha in pi\u00f9 il vantaggio del fattore moltiplicativo 1,3 che allunga le focali tele, riducendo quindi il peso ed il costo degli obiettivi, molto interessante per i fotografi sportivi e naturalisti.<\/p>\n<p><a href=\"http:\/\/blog.francescophoto.it\/wp-content\/uploads\/2009\/10\/1dmk4_1_l.jpg\"><img loading=\"lazy\" decoding=\"async\" class=\"alignnone size-large wp-image-2416\" title=\"1DMK4_1_L\" src=\"http:\/\/blog.francescophoto.it\/wp-content\/uploads\/2009\/10\/1dmk4_1_l.jpg?w=393\" alt=\"1DMK4_1_L\" width=\"393\" height=\"400\" \/><\/a><\/p>\n<p><a href=\"http:\/\/blog.francescophoto.it\/wp-content\/uploads\/2009\/10\/1dmk4_2_l.jpg\"><img loading=\"lazy\" decoding=\"async\" class=\"alignnone size-large wp-image-2417\" title=\"1DMK4_2_L\" src=\"http:\/\/blog.francescophoto.it\/wp-content\/uploads\/2009\/10\/1dmk4_2_l.jpg?w=388\" alt=\"1DMK4_2_L\" width=\"388\" height=\"400\" \/><\/a><\/p>\n<p><a href=\"http:\/\/blog.francescophoto.it\/wp-content\/uploads\/2009\/10\/1dmk4_3_l.jpg\"><img loading=\"lazy\" decoding=\"async\" class=\"alignnone size-large wp-image-2418\" title=\"1DMK4_3_L\" src=\"http:\/\/blog.francescophoto.it\/wp-content\/uploads\/2009\/10\/1dmk4_3_l.jpg?w=500\" alt=\"1DMK4_3_L\" width=\"500\" height=\"310\" \/><\/a><\/p>\n<p><a href=\"http:\/\/blog.francescophoto.it\/wp-content\/uploads\/2009\/10\/1dmk4_4_l.jpg\"><img loading=\"lazy\" decoding=\"async\" class=\"alignnone size-large wp-image-2419\" title=\"1DMK4_4_L\" src=\"http:\/\/blog.francescophoto.it\/wp-content\/uploads\/2009\/10\/1dmk4_4_l.jpg?w=234\" alt=\"1DMK4_4_L\" width=\"234\" height=\"400\" \/><\/a><\/p>\n<p><a href=\"http:\/\/blog.francescophoto.it\/wp-content\/uploads\/2009\/10\/1dmk4_5_l.jpg\"><img loading=\"lazy\" decoding=\"async\" class=\"alignnone size-large wp-image-2420\" title=\"1DMK4_5_L\" src=\"http:\/\/blog.francescophoto.it\/wp-content\/uploads\/2009\/10\/1dmk4_5_l.jpg?w=375\" alt=\"1DMK4_5_L\" width=\"375\" height=\"400\" \/><\/a><\/p>\n<figure id=\"attachment_2421\" aria-describedby=\"caption-attachment-2421\" style=\"width: 500px\" class=\"wp-caption alignnone\"><a href=\"http:\/\/blog.francescophoto.it\/wp-content\/uploads\/2009\/10\/1dmkiv-10.jpg\"><img loading=\"lazy\" decoding=\"async\" class=\"size-large wp-image-2421\" title=\"1dmkiv-10\" src=\"http:\/\/blog.francescophoto.it\/wp-content\/uploads\/2009\/10\/1dmkiv-10.jpg?w=500\" alt=\"Il corpo in lega di alluminio e magnesio\" width=\"500\" height=\"375\" \/><\/a><figcaption id=\"caption-attachment-2421\" class=\"wp-caption-text\">Il corpo in lega di alluminio e magnesio<\/figcaption><\/figure>\n<figure id=\"attachment_2422\" aria-describedby=\"caption-attachment-2422\" style=\"width: 500px\" class=\"wp-caption alignnone\"><a href=\"http:\/\/blog.francescophoto.it\/wp-content\/uploads\/2009\/10\/1dmkiv-tech03.jpg\"><img loading=\"lazy\" decoding=\"async\" class=\"size-large wp-image-2422\" title=\"1dmkiv-tech03\" src=\"http:\/\/blog.francescophoto.it\/wp-content\/uploads\/2009\/10\/1dmkiv-tech03.jpg?w=500\" alt=\"Le guarnizioni per l'impermeabilizzazione\" width=\"500\" height=\"375\" \/><\/a><figcaption id=\"caption-attachment-2422\" class=\"wp-caption-text\">Le guarnizioni per l&#039;impermeabilizzazione<\/figcaption><\/figure>\n<figure id=\"attachment_2423\" aria-describedby=\"caption-attachment-2423\" style=\"width: 500px\" class=\"wp-caption alignnone\"><a href=\"http:\/\/blog.francescophoto.it\/wp-content\/uploads\/2009\/10\/1dmkiv-tech06.gif\"><img loading=\"lazy\" decoding=\"async\" class=\"size-large wp-image-2423\" title=\"1dmkiv-tech06\" src=\"http:\/\/blog.francescophoto.it\/wp-content\/uploads\/2009\/10\/1dmkiv-tech06.gif?w=500\" alt=\"Le microlenti &quot;gapless&quot;\" width=\"500\" height=\"375\" \/><\/a><figcaption id=\"caption-attachment-2423\" class=\"wp-caption-text\">Le microlenti &quot;gapless&quot;<\/figcaption><\/figure>\n<figure id=\"attachment_2424\" aria-describedby=\"caption-attachment-2424\" style=\"width: 500px\" class=\"wp-caption alignnone\"><a href=\"http:\/\/blog.francescophoto.it\/wp-content\/uploads\/2009\/10\/1dmkiv-tech09.gif\"><img loading=\"lazy\" decoding=\"async\" class=\"size-large wp-image-2424\" title=\"1dmkiv-tech09\" src=\"http:\/\/blog.francescophoto.it\/wp-content\/uploads\/2009\/10\/1dmkiv-tech09.gif?w=500\" alt=\"I punti AFnel mirino\" width=\"500\" height=\"375\" \/><\/a><figcaption id=\"caption-attachment-2424\" class=\"wp-caption-text\">I punti AFnel mirino<\/figcaption><\/figure>\n","protected":false},"excerpt":{"rendered":"<p>Canon presenta oggi la nuova reflex digitale professionale per fotografi sportivi, fotoreporter, fotografi naturalisti e tutti coloro che devono operare con rapidit\u00e0 e velocit\u00e0 anche in condizioni difficili. La nuova EOS 1D IV usa un nuovo sensore CMOS, sempre di pormato APS-H (27,9&#215;18,6 mm) con fattore moltiplicativo 1,3, con la sensibilit\u00e0 massima di 102400 Iso, &hellip; <a href=\"https:\/\/francescophoto.it\/blog\/2009\/10\/20\/canon-1d-mk-iv\/\" class=\"more-link\">Continua la lettura di <span class=\"screen-reader-text\">Canon 1D Mk IV<\/span> <span class=\"meta-nav\">&rarr;<\/span><\/a><\/p>\n","protected":false},"author":1,"featured_media":0,"comment_status":"open","ping_status":"open","sticky":false,"template":"","format":"standard","meta":{"_jetpack_memberships_contains_paid_content":false,"footnotes":""},"categories":[42,10,23],"tags":[96,256,258,280,1271],"class_list":["post-2415","post","type-post","status-publish","format-standard","hentry","category-42","category-dslr","category-novita","tag-1d-mk-iv","tag-aps","tag-aps-h","tag-canon","tag-video"],"jetpack_featured_media_url":"","jetpack_sharing_enabled":true,"_links":{"self":[{"href":"https:\/\/francescophoto.it\/blog\/wp-json\/wp\/v2\/posts\/2415","targetHints":{"allow":["GET"]}}],"collection":[{"href":"https:\/\/francescophoto.it\/blog\/wp-json\/wp\/v2\/posts"}],"about":[{"href":"https:\/\/francescophoto.it\/blog\/wp-json\/wp\/v2\/types\/post"}],"author":[{"embeddable":true,"href":"https:\/\/francescophoto.it\/blog\/wp-json\/wp\/v2\/users\/1"}],"replies":[{"embeddable":true,"href":"https:\/\/francescophoto.it\/blog\/wp-json\/wp\/v2\/comments?post=2415"}],"version-history":[{"count":0,"href":"https:\/\/francescophoto.it\/blog\/wp-json\/wp\/v2\/posts\/2415\/revisions"}],"wp:attachment":[{"href":"https:\/\/francescophoto.it\/blog\/wp-json\/wp\/v2\/media?parent=2415"}],"wp:term":[{"taxonomy":"category","embeddable":true,"href":"https:\/\/francescophoto.it\/blog\/wp-json\/wp\/v2\/categories?post=2415"},{"taxonomy":"post_tag","embeddable":true,"href":"https:\/\/francescophoto.it\/blog\/wp-json\/wp\/v2\/tags?post=2415"}],"curies":[{"name":"wp","href":"https:\/\/api.w.org\/{rel}","templated":true}]}}