{"id":23387,"date":"2014-01-22T17:56:26","date_gmt":"2014-01-22T16:56:26","guid":{"rendered":"http:\/\/blog.francescophoto.it\/?p=23387"},"modified":"2014-01-22T17:56:26","modified_gmt":"2014-01-22T16:56:26","slug":"fujifilm-x-t1","status":"publish","type":"post","link":"https:\/\/francescophoto.it\/blog\/2014\/01\/22\/fujifilm-x-t1\/","title":{"rendered":"Fujifilm X-T1 ?"},"content":{"rendered":"<p><a href=\"http:\/\/blog.francescophoto.it\/wp-content\/uploads\/2014\/01\/main_en_01.jpg\"><img loading=\"lazy\" decoding=\"async\" class=\"alignright size-thumbnail wp-image-23391\" alt=\"main_en_01\" src=\"http:\/\/blog.francescophoto.it\/wp-content\/uploads\/2014\/01\/main_en_01.jpg?w=128\" width=\"128\" height=\"72\" \/><\/a>Le voci in rete si fanno ormai sempre pi\u00f9 precise ed oltre la conferma da parte di <a href=\"http:\/\/fujifilm-x.com\/teaser140128\/en\/\">Fujifilm<\/a> della presentazione della X-T1 il 28 gennaio, sono gi\u00e0 disponibili le principali caratteristiche, le foto e anche delle ipotesi di prezzo.<br \/>\nLa nuova X-T1 \u00e8 una mirrorless che si inserisce nella linea X delle fotocamere di classe elevata di Fujifilm. A differenza delle X-E1 e 2 e della X-Pro 1 avr\u00e0 una linea, sempre retr\u00f2, ma che ricorda le reflex Fujica prodotte negli anni 70 invece che le fotocamere a telemetro. Avr\u00e0 un sensore, di formato APS , X Trans II da 16 Mpx, un mirino elettronico migliore di quello della X-E2, un autofocus particolarmente veloce e il corpo ed alcuni obiettivi protetti da polvere ed acqua.<!--more--><br \/>\nLe sue caratteristiche principali saranno:<\/p>\n<p>&#8211; sensore di formato APS X Trans II da 16 Mpx<br \/>\n&#8211; mirino elettronico con 2,36 Mpx e ingrandimento 0,77x<br \/>\n&#8211; supporto di schede SD UHS-II superveloci<br \/>\n&#8211; doppio alloggiamento per schede di memoria<br \/>\n&#8211; velocit\u00e0 di raffica di 8 fg\/s con AF tracking<br \/>\n&#8211; corpo protetto da polvere ed acqua<br \/>\n&#8211; schermo orientabile<br \/>\n&#8211; linea simile alle reflex Fujica<br \/>\n&#8211; dimensioni inferiori alla X-E2<br \/>\n&#8211; disponibilit\u00e0 di un&#8217;impugnatura supplementare portabatteria<br \/>\n&#8211; connessione Wi-Fi<br \/>\n&#8211; sensibilit\u00e0 ISO fino a 51200<br \/>\n&#8211; disponibile in kit con lo zoom 18-55\/2,8-4,0 o con il 18-135 protetto da polvere ed acqua<\/p>\n<p>La X-T1 sar\u00e0 presentata il <a href=\"http:\/\/fujifilm-x.com\/teaser140128\/en\/\">28 gennaio<\/a> e dovrebbe essere in vendita da met\u00e0 febbraio.<\/p>\n<p>I prezzi ipotizzati sono 1.200 \u20ac solo corpo, 1.600 \u20ac con lo zoom XF 18-55 e 1.800 \u20ac con lo zoom XF 18-135 impermeabilizzato.<\/p>\n<p>A giudicare dalle prime foto sembra che la X-T1 mantenga l&#8217;ottima impostazione dei comandi delle X-E2 e X-Pro 1 aggiungendo alle ghiere per l&#8217;impostazione dei tempi, della compensazione dell&#8217;esposizione e di regolazione posteriore sul corpo, e a quella dei diaframmi sull&#8217;obiettivo, una nuova ghiera sulla sinistra per la regolazione della sensibilit\u00e0 con pure la posizione A (auto) e una ghiera di regolazione anteriore. A questo punto si potranno effettuare tutte le regolazioni (program, priorit\u00e0 tempi e diaframmi, manuale, ISO) in modo facile ed immediato senza nemmeno staccare l&#8217;occhio dal mirino.<\/p>\n<p>L&#8217;unico rimpianto \u00e8 che la X-T1 non sia una fullframe, come qualcuno aveva ipotizzato, anche se monta uno dei migliori sensori APS disponibili. Sar\u00e0 interessante valutare il suo livello di qualit\u00e0 d&#8217;immagine a confronto con la Sony A7 che \u00e8 confrontabile come dimensioni e prezzo. La X-T1 per ora ha a suo favore la qualit\u00e0 e la gamma dei suoi obiettivi X.<\/p>\n<p><a href=\"http:\/\/blog.francescophoto.it\/wp-content\/uploads\/2014\/01\/main_en_01.jpg\"><img loading=\"lazy\" decoding=\"async\" class=\"alignnone size-medium wp-image-23391\" alt=\"main_en_01\" src=\"http:\/\/blog.francescophoto.it\/wp-content\/uploads\/2014\/01\/main_en_01.jpg?w=500\" width=\"500\" height=\"281\" \/><\/a><\/p>\n<p><a href=\"http:\/\/blog.francescophoto.it\/wp-content\/uploads\/2014\/01\/fuji_x-t1_f02_zps767868ec.jpg\"><img loading=\"lazy\" decoding=\"async\" class=\"alignnone size-full wp-image-23389\" alt=\"fuji_x-t1_f02_zps767868ec\" src=\"http:\/\/blog.francescophoto.it\/wp-content\/uploads\/2014\/01\/fuji_x-t1_f02_zps767868ec.jpg\" width=\"493\" height=\"393\" \/><\/a><\/p>\n<p><a href=\"http:\/\/blog.francescophoto.it\/wp-content\/uploads\/2014\/01\/fuji_x-t1_t02_zpsa56ca973.jpg\"><img loading=\"lazy\" decoding=\"async\" class=\"alignnone size-full wp-image-23390\" alt=\"fuji_x-t1_t02_zpsa56ca973\" src=\"http:\/\/blog.francescophoto.it\/wp-content\/uploads\/2014\/01\/fuji_x-t1_t02_zpsa56ca973.jpg\" width=\"500\" height=\"427\" \/><\/a><\/p>\n<p><a href=\"http:\/\/blog.francescophoto.it\/wp-content\/uploads\/2014\/01\/fuji_x-t1_b02_zpsbd9be56c.jpg\"><img loading=\"lazy\" decoding=\"async\" class=\"alignnone size-medium wp-image-23388\" alt=\"fuji_x-t1_b02_zpsbd9be56c\" src=\"http:\/\/blog.francescophoto.it\/wp-content\/uploads\/2014\/01\/fuji_x-t1_b02_zpsbd9be56c.jpg?w=499\" width=\"499\" height=\"500\" \/><\/a><\/p>\n","protected":false},"excerpt":{"rendered":"<p>Le voci in rete si fanno ormai sempre pi\u00f9 precise ed oltre la conferma da parte di Fujifilm della presentazione della X-T1 il 28 gennaio, sono gi\u00e0 disponibili le principali caratteristiche, le foto e anche delle ipotesi di prezzo. La nuova X-T1 \u00e8 una mirrorless che si inserisce nella linea X delle fotocamere di classe &hellip; <a href=\"https:\/\/francescophoto.it\/blog\/2014\/01\/22\/fujifilm-x-t1\/\" class=\"more-link\">Continua la lettura di <span class=\"screen-reader-text\">Fujifilm X-T1 ?<\/span> <span class=\"meta-nav\">&rarr;<\/span><\/a><\/p>\n","protected":false},"author":1,"featured_media":0,"comment_status":"open","ping_status":"open","sticky":false,"template":"","format":"standard","meta":{"_jetpack_memberships_contains_paid_content":false,"footnotes":""},"categories":[12,22,23],"tags":[256,526,579,581,884,1319],"class_list":["post-23387","post","type-post","status-publish","format-standard","hentry","category-evil","category-mirrorless","category-novita","tag-aps","tag-evil","tag-fuji","tag-fujifilm","tag-mirrorless","tag-x-t1"],"jetpack_featured_media_url":"","jetpack_sharing_enabled":true,"_links":{"self":[{"href":"https:\/\/francescophoto.it\/blog\/wp-json\/wp\/v2\/posts\/23387","targetHints":{"allow":["GET"]}}],"collection":[{"href":"https:\/\/francescophoto.it\/blog\/wp-json\/wp\/v2\/posts"}],"about":[{"href":"https:\/\/francescophoto.it\/blog\/wp-json\/wp\/v2\/types\/post"}],"author":[{"embeddable":true,"href":"https:\/\/francescophoto.it\/blog\/wp-json\/wp\/v2\/users\/1"}],"replies":[{"embeddable":true,"href":"https:\/\/francescophoto.it\/blog\/wp-json\/wp\/v2\/comments?post=23387"}],"version-history":[{"count":0,"href":"https:\/\/francescophoto.it\/blog\/wp-json\/wp\/v2\/posts\/23387\/revisions"}],"wp:attachment":[{"href":"https:\/\/francescophoto.it\/blog\/wp-json\/wp\/v2\/media?parent=23387"}],"wp:term":[{"taxonomy":"category","embeddable":true,"href":"https:\/\/francescophoto.it\/blog\/wp-json\/wp\/v2\/categories?post=23387"},{"taxonomy":"post_tag","embeddable":true,"href":"https:\/\/francescophoto.it\/blog\/wp-json\/wp\/v2\/tags?post=23387"}],"curies":[{"name":"wp","href":"https:\/\/api.w.org\/{rel}","templated":true}]}}