{"id":21644,"date":"2013-10-11T18:45:58","date_gmt":"2013-10-11T17:45:58","guid":{"rendered":"http:\/\/blog.francescophoto.it\/?p=21644"},"modified":"2013-10-11T18:45:58","modified_gmt":"2013-10-11T17:45:58","slug":"metro-photo-challenge-2013","status":"publish","type":"post","link":"https:\/\/francescophoto.it\/blog\/2013\/10\/11\/metro-photo-challenge-2013\/","title":{"rendered":"Metro Photo Challenge 2013"},"content":{"rendered":"<p><img loading=\"lazy\" decoding=\"async\" class=\"alignright size-thumbnail wp-image-21645\" alt=\"FOTO SCATTATA SUL RASCIESA (ORTISEI) NEL 2003\" src=\"http:\/\/blog.francescophoto.it\/wp-content\/uploads\/2013\/10\/foto-scattata-sul-rasciesa-ortisei-nel-2003.jpg?w=72\" width=\"72\" height=\"96\" \/>Anche quest&#8217;anno la nostra amica e appassionata fotografa, Suor Maria Chiara Bonzano, partecipa al concorso internazionale <a href=\"http:\/\/metrophotochallenge.com\/\">Metro Photo Challenge<\/a> ed ha vinto per ben due volte come foto del giorno, il 4 ed il 10 ottobre. La foto pi\u00f9 bella che pubblico \u00e8 quella del 10 ottobre.<br \/>\nAnche quest&#8217;anno la foto \u00e8 stata scattata con una normale compatta ed il merito della sua bellezza va tutto all&#8217;autrice.<br \/>\nRiporto la descrizione che ne fa Suor Maria Chiara; &#8221; questo Crocifisso \u00e8 una bellissima &#8220;realizzazione&#8221; di un UOMO inserita in una natura stupenda, una &#8220;VISTA&#8221; da non stancarsi mai di guardare, &#8220;ringraziandone DIO senza stancarcene:&#8221; come diceva la nostra SANTA MADRE Maria Giuseppa Rossello!&#8221;<!--more--><br \/>\nCon questa foto dimostra come per fare qualcosa di bello ci vuole impegno, costanza e perseveranza, oltre naturalmente ad un occhio fotografico ed una grande preparazione.<br \/>\nLa macchina e l\u2019attrezzatura usata in questo caso non contano e non \u00e8 necessario conoscerli, conta solo il risultato.<br \/>\nIl concorso si chiude il 13 ottobre con la scelta del vincitore assoluto. La foto di Maria Chiara \u00e8 molto bella e merita di vincere, quindi vi invito a collegarvi alla pagina dei vincitori del sito Metro Photo Challenge all&#8217;indirizzo<br \/>\nhttp:\/\/metrophotochallenge.com\/view-photo\/a6-a66b5bc0ee1ce613c54d771f00059bf2_l<br \/>\ne votarla cliccando il pulsante <span style=\"color:#ff0000;\"><strong>Vota<\/strong><\/span> nel tondo in altro a desta.<br \/>\nMi raccomando date il vostro voto per far vincere questa bella foto!<\/p>\n<p><img loading=\"lazy\" decoding=\"async\" class=\"alignnone size-medium wp-image-21645\" alt=\"FOTO SCATTATA SUL RASCIESA (ORTISEI) NEL 2003\" src=\"http:\/\/blog.francescophoto.it\/wp-content\/uploads\/2013\/10\/foto-scattata-sul-rasciesa-ortisei-nel-2003.jpg?w=375\" width=\"375\" height=\"500\" \/><\/p>\n","protected":false},"excerpt":{"rendered":"<p>Anche quest&#8217;anno la nostra amica e appassionata fotografa, Suor Maria Chiara Bonzano, partecipa al concorso internazionale Metro Photo Challenge ed ha vinto per ben due volte come foto del giorno, il 4 ed il 10 ottobre. La foto pi\u00f9 bella che pubblico \u00e8 quella del 10 ottobre. Anche quest&#8217;anno la foto \u00e8 stata scattata con &hellip; <a href=\"https:\/\/francescophoto.it\/blog\/2013\/10\/11\/metro-photo-challenge-2013\/\" class=\"more-link\">Continua la lettura di <span class=\"screen-reader-text\">Metro Photo Challenge 2013<\/span> <span class=\"meta-nav\">&rarr;<\/span><\/a><\/p>\n","protected":false},"author":1,"featured_media":0,"comment_status":"open","ping_status":"open","sticky":false,"template":"","format":"standard","meta":{"_jetpack_memberships_contains_paid_content":false,"footnotes":""},"categories":[11,17],"tags":[185],"class_list":["post-21644","post","type-post","status-publish","format-standard","hentry","category-eventi","category-generale","tag-etro-photo-challenge"],"jetpack_featured_media_url":"","jetpack_sharing_enabled":true,"_links":{"self":[{"href":"https:\/\/francescophoto.it\/blog\/wp-json\/wp\/v2\/posts\/21644","targetHints":{"allow":["GET"]}}],"collection":[{"href":"https:\/\/francescophoto.it\/blog\/wp-json\/wp\/v2\/posts"}],"about":[{"href":"https:\/\/francescophoto.it\/blog\/wp-json\/wp\/v2\/types\/post"}],"author":[{"embeddable":true,"href":"https:\/\/francescophoto.it\/blog\/wp-json\/wp\/v2\/users\/1"}],"replies":[{"embeddable":true,"href":"https:\/\/francescophoto.it\/blog\/wp-json\/wp\/v2\/comments?post=21644"}],"version-history":[{"count":0,"href":"https:\/\/francescophoto.it\/blog\/wp-json\/wp\/v2\/posts\/21644\/revisions"}],"wp:attachment":[{"href":"https:\/\/francescophoto.it\/blog\/wp-json\/wp\/v2\/media?parent=21644"}],"wp:term":[{"taxonomy":"category","embeddable":true,"href":"https:\/\/francescophoto.it\/blog\/wp-json\/wp\/v2\/categories?post=21644"},{"taxonomy":"post_tag","embeddable":true,"href":"https:\/\/francescophoto.it\/blog\/wp-json\/wp\/v2\/tags?post=21644"}],"curies":[{"name":"wp","href":"https:\/\/api.w.org\/{rel}","templated":true}]}}