{"id":1882,"date":"2009-07-20T19:52:57","date_gmt":"2009-07-20T18:52:57","guid":{"rendered":"http:\/\/francescophoto.wordpress.com\/?p=1882"},"modified":"2009-07-20T19:52:57","modified_gmt":"2009-07-20T18:52:57","slug":"apollo-11-sbarco-sulla-luna","status":"publish","type":"post","link":"https:\/\/francescophoto.it\/blog\/2009\/07\/20\/apollo-11-sbarco-sulla-luna\/","title":{"rendered":"Apollo 11: sbarco sulla Luna"},"content":{"rendered":"<p><a href=\"http:\/\/blog.francescophoto.it\/wp-content\/uploads\/2009\/07\/gpn-2001-000013.jpg\"><img loading=\"lazy\" decoding=\"async\" class=\"alignright size-thumbnail wp-image-1884\" title=\"GPN-2001-000013\" src=\"http:\/\/blog.francescophoto.it\/wp-content\/uploads\/2009\/07\/gpn-2001-000013.jpg?w=96\" alt=\"GPN-2001-000013\" width=\"96\" height=\"96\" srcset=\"https:\/\/francescophoto.it\/blog\/wp-content\/uploads\/2009\/07\/gpn-2001-000013.jpg 576w, https:\/\/francescophoto.it\/blog\/wp-content\/uploads\/2009\/07\/gpn-2001-000013-500x500.jpg 500w\" sizes=\"auto, (max-width: 96px) 100vw, 96px\" \/><\/a>Quaranta anni fa,il <strong>20 luglio 1969<\/strong> l&#8217;uomo sbarca sulla Luna. Si tratta della <strong>pi\u00f9 grande conquista umana<\/strong> da quando l&#8217;uomo raggiunta la posizione eretta, centinaia di migliaia d&#8217;anni fa, ha potuto contemplare la Luna e da quel momento ha incominciato a sognare di poter un giorno raggiungerla. C&#8217;\u00e8 voluto tanto tempo, ma quel sogno si \u00e8 avverato e un gruppo di uomini, per la prima volta, si \u00e8 allontanato dalla terra ed \u00e8 arrivato su un altro corpo celeste. Questa impresa ha anche dimostrato che nulla \u00e8 impossibile quando si vuole raggiungere una meta e si ha la volont\u00e0 e la capacit\u00e0 di farlo e che non c&#8217;\u00e8 limite all&#8217;imaginazione umana.<!--more--><br \/>\nLa storia dell&#8217;umanit\u00e0 \u00e8 sempre stata costellata da nuove conquiste e dal desiderio di esplorare l&#8217;ignoto. E&#8217; un istinto dell&#8217;uomo sintetizzato mirabilmente nei versi del sommo poeta Dante che dice, per bocca di Ulisse: &#8220;Fatti non foste a viver come bruti, ma per seguir vertute e conoscenza&#8221;.<br \/>\nNei secoli l&#8217;uomo si \u00e8 sempre comportato in questo modo fino a esplorare e conoscere tutta la Terra, il suo pianeta. Ormai per chi aveva spirito di avventura non restava che la speranza della conquista dello spazio.<br \/>\nQuesta si \u00e8 concretizzata per merito di un grande presidente, Kennedy, e di un gruppo di uomini eccezionali, scienziati, piloti, tecnici, guidati dal famoso scienziato tedesco Werner Von Braun, progettista del Saturn V e da Karl Kranz, direttore della missione.<br \/>\nL&#8217;occasione fu la gara che si era accesa all&#8217;epoca con l&#8217;Unione Sovietica per la conquista dello spazio, ma i risultati andarono al di la delle previsioni, coinvolgendo emotivamente un&#8217;intera nazione, gli USA, e buona parte del mondo in questa impresa eccezionale.<br \/>\nDopo 4 giorni di viaggio, con una manovra perfetta il modulo lunare LEM, si \u00e8 staccato dalla nave madre Apollo e uscendo dall&#8217;orbita lunare \u00e8 atterrato nel Mare della Tranquillit\u00e0. Dopo poche ore gli astronauti hanno aperto il portello e sono scesi a calcare per la prima volta la superficie lunare.<br \/>\nRicordo con emozione vivissima le immagini, in biancionero, di Neil Armstrong che scendeva la scaletta e il suo piede, prima esitante, poi sicuro si pos\u00f2 sul suolo lunare. Fu un momento eccezionale, si concretizzava un sogno durato centinaia di migliaia d&#8217;anni. Dopo quel momento nulla sarebbe stato uguale.<br \/>\nAll&#8217;epoca l&#8217;impresa suscit\u00f2 grandissime speranze: finalmente davanti all&#8217;uomo che sulla Terra affollata incominciava a sentirsi stretto si aprivano enormi nuove possibilit\u00e0 con la conquista dello spazio e di altri pianeti. Chi aveva spirito di avventura e voleva rischiare avrebbe avuto una possibilit\u00e0.<br \/>\nPurtroppo le cose non sono andate cos\u00ec, ma ne parler\u00f2 un altro giorno.<br \/>\nOggi celebriamo la pi\u00f9 grande conquista umana e il trionfo dell&#8217;immaginazione che ci ha portato a concretizzare un sogno.<\/p>\n<figure id=\"attachment_1885\" aria-describedby=\"caption-attachment-1885\" style=\"width: 400px\" class=\"wp-caption alignnone\"><a href=\"http:\/\/blog.francescophoto.it\/wp-content\/uploads\/2009\/07\/as10-34-5112-2k.jpg\"><img loading=\"lazy\" decoding=\"async\" class=\"size-large wp-image-1885\" title=\"as10-34-5112-2k\" src=\"http:\/\/blog.francescophoto.it\/wp-content\/uploads\/2009\/07\/as10-34-5112-2k.jpg?w=400\" alt=\"Il LEM si \u00e8 staccato da Apollo 11 e inizia la discesa verso la Luna\" width=\"400\" height=\"400\" srcset=\"https:\/\/francescophoto.it\/blog\/wp-content\/uploads\/2009\/07\/as10-34-5112-2k.jpg 2000w, https:\/\/francescophoto.it\/blog\/wp-content\/uploads\/2009\/07\/as10-34-5112-2k-500x500.jpg 500w, https:\/\/francescophoto.it\/blog\/wp-content\/uploads\/2009\/07\/as10-34-5112-2k-768x768.jpg 768w, https:\/\/francescophoto.it\/blog\/wp-content\/uploads\/2009\/07\/as10-34-5112-2k-1536x1536.jpg 1536w\" sizes=\"auto, (max-width: 400px) 100vw, 400px\" \/><\/a><figcaption id=\"caption-attachment-1885\" class=\"wp-caption-text\">Il LEM si \u00e8 staccato da Apollo 11 e inizia la discesa verso la Luna<\/figcaption><\/figure>\n<figure id=\"attachment_1886\" aria-describedby=\"caption-attachment-1886\" style=\"width: 400px\" class=\"wp-caption alignnone\"><a href=\"http:\/\/blog.francescophoto.it\/wp-content\/uploads\/2009\/07\/as10-27-3873-2k.jpg\"><img loading=\"lazy\" decoding=\"async\" class=\"size-large wp-image-1886\" title=\"as10-27-3873-2k\" src=\"http:\/\/blog.francescophoto.it\/wp-content\/uploads\/2009\/07\/as10-27-3873-2k.jpg?w=400\" alt=\"Il modulo di comando Apollo 11 visto dal LEM\" width=\"400\" height=\"400\" srcset=\"https:\/\/francescophoto.it\/blog\/wp-content\/uploads\/2009\/07\/as10-27-3873-2k.jpg 2000w, https:\/\/francescophoto.it\/blog\/wp-content\/uploads\/2009\/07\/as10-27-3873-2k-500x500.jpg 500w, https:\/\/francescophoto.it\/blog\/wp-content\/uploads\/2009\/07\/as10-27-3873-2k-768x768.jpg 768w, https:\/\/francescophoto.it\/blog\/wp-content\/uploads\/2009\/07\/as10-27-3873-2k-1536x1536.jpg 1536w\" sizes=\"auto, (max-width: 400px) 100vw, 400px\" \/><\/a><figcaption id=\"caption-attachment-1886\" class=\"wp-caption-text\">Il modulo di comando Apollo 11 visto dal LEM<\/figcaption><\/figure>\n<figure id=\"attachment_1887\" aria-describedby=\"caption-attachment-1887\" style=\"width: 400px\" class=\"wp-caption alignnone\"><a href=\"http:\/\/blog.francescophoto.it\/wp-content\/uploads\/2009\/07\/as10-31-4650-2k.jpg\"><img loading=\"lazy\" decoding=\"async\" class=\"size-large wp-image-1887\" title=\"as10-31-4650-2k\" src=\"http:\/\/blog.francescophoto.it\/wp-content\/uploads\/2009\/07\/as10-31-4650-2k.jpg?w=400\" alt=\"In orbita intorno alla Luna\" width=\"400\" height=\"400\" srcset=\"https:\/\/francescophoto.it\/blog\/wp-content\/uploads\/2009\/07\/as10-31-4650-2k.jpg 2000w, https:\/\/francescophoto.it\/blog\/wp-content\/uploads\/2009\/07\/as10-31-4650-2k-500x500.jpg 500w, https:\/\/francescophoto.it\/blog\/wp-content\/uploads\/2009\/07\/as10-31-4650-2k-768x768.jpg 768w, https:\/\/francescophoto.it\/blog\/wp-content\/uploads\/2009\/07\/as10-31-4650-2k-1536x1536.jpg 1536w\" sizes=\"auto, (max-width: 400px) 100vw, 400px\" \/><\/a><figcaption id=\"caption-attachment-1887\" class=\"wp-caption-text\">In orbita intorno alla Luna<\/figcaption><\/figure>\n<p>\u00a0<\/p>\n<figure id=\"attachment_1898\" aria-describedby=\"caption-attachment-1898\" style=\"width: 400px\" class=\"wp-caption alignnone\"><a href=\"http:\/\/blog.francescophoto.it\/wp-content\/uploads\/2009\/07\/as11-37-5437-1200.jpg\"><img loading=\"lazy\" decoding=\"async\" class=\"size-large wp-image-1898\" title=\"as11-37-5437-1200\" src=\"http:\/\/blog.francescophoto.it\/wp-content\/uploads\/2009\/07\/as11-37-5437-1200.jpg?w=400\" alt=\"Vicino all'allunaggio\" width=\"400\" height=\"400\" srcset=\"https:\/\/francescophoto.it\/blog\/wp-content\/uploads\/2009\/07\/as11-37-5437-1200.jpg 1200w, https:\/\/francescophoto.it\/blog\/wp-content\/uploads\/2009\/07\/as11-37-5437-1200-500x500.jpg 500w, https:\/\/francescophoto.it\/blog\/wp-content\/uploads\/2009\/07\/as11-37-5437-1200-768x768.jpg 768w\" sizes=\"auto, (max-width: 400px) 100vw, 400px\" \/><\/a><figcaption id=\"caption-attachment-1898\" class=\"wp-caption-text\">Vicino all&#39;allunaggio<\/figcaption><\/figure>\n<p>\u00a0<\/p>\n<figure id=\"attachment_1907\" aria-describedby=\"caption-attachment-1907\" style=\"width: 397px\" class=\"wp-caption alignnone\"><a href=\"http:\/\/blog.francescophoto.it\/wp-content\/uploads\/2009\/07\/5454.jpg\"><img loading=\"lazy\" decoding=\"async\" class=\"size-large wp-image-1907 \" title=\"5454\" src=\"http:\/\/blog.francescophoto.it\/wp-content\/uploads\/2009\/07\/5454.jpg?w=397\" alt=\"Veduta dal LEM dopo l'allunaggio\" width=\"397\" height=\"400\" srcset=\"https:\/\/francescophoto.it\/blog\/wp-content\/uploads\/2009\/07\/5454.jpg 700w, https:\/\/francescophoto.it\/blog\/wp-content\/uploads\/2009\/07\/5454-497x500.jpg 497w\" sizes=\"auto, (max-width: 397px) 100vw, 397px\" \/><\/a><figcaption id=\"caption-attachment-1907\" class=\"wp-caption-text\">Vista dal LEM dopo l&#39;allunaggio<\/figcaption><\/figure>\n<figure id=\"attachment_1899\" aria-describedby=\"caption-attachment-1899\" style=\"width: 500px\" class=\"wp-caption alignnone\"><a href=\"http:\/\/blog.francescophoto.it\/wp-content\/uploads\/2009\/07\/s69_42583-1st-step.jpg\"><img loading=\"lazy\" decoding=\"async\" class=\"size-large wp-image-1899\" title=\"s69_42583-1st-step\" src=\"http:\/\/blog.francescophoto.it\/wp-content\/uploads\/2009\/07\/s69_42583-1st-step.jpg?w=500\" alt=\"Neil Armstrong sta per posare il piede sulla Luna. Come visto in TV\" width=\"500\" height=\"380\" srcset=\"https:\/\/francescophoto.it\/blog\/wp-content\/uploads\/2009\/07\/s69_42583-1st-step.jpg 600w, https:\/\/francescophoto.it\/blog\/wp-content\/uploads\/2009\/07\/s69_42583-1st-step-500x380.jpg 500w, https:\/\/francescophoto.it\/blog\/wp-content\/uploads\/2009\/07\/s69_42583-1st-step-128x96.jpg 128w\" sizes=\"auto, (max-width: 500px) 100vw, 500px\" \/><\/a><figcaption id=\"caption-attachment-1899\" class=\"wp-caption-text\">Neil Armstrong sta per posare il piede sulla Luna. Come visto in TV<\/figcaption><\/figure>\n<figure id=\"attachment_1888\" aria-describedby=\"caption-attachment-1888\" style=\"width: 400px\" class=\"wp-caption alignnone\"><a href=\"http:\/\/blog.francescophoto.it\/wp-content\/uploads\/2009\/07\/gpn-2001-000012.jpg\"><img loading=\"lazy\" decoding=\"async\" class=\"size-large wp-image-1888\" title=\"GPN-2001-000012\" src=\"http:\/\/blog.francescophoto.it\/wp-content\/uploads\/2009\/07\/gpn-2001-000012.jpg?w=400\" alt=\"Sulla Luna !\" width=\"400\" height=\"400\" srcset=\"https:\/\/francescophoto.it\/blog\/wp-content\/uploads\/2009\/07\/gpn-2001-000012.jpg 576w, https:\/\/francescophoto.it\/blog\/wp-content\/uploads\/2009\/07\/gpn-2001-000012-500x500.jpg 500w\" sizes=\"auto, (max-width: 400px) 100vw, 400px\" \/><\/a><figcaption id=\"caption-attachment-1888\" class=\"wp-caption-text\">Sulla Luna !<\/figcaption><\/figure>\n<figure id=\"attachment_1889\" aria-describedby=\"caption-attachment-1889\" style=\"width: 497px\" class=\"wp-caption alignnone\"><a href=\"http:\/\/blog.francescophoto.it\/wp-content\/uploads\/2009\/07\/gpn-2001-0000141.jpg\"><img loading=\"lazy\" decoding=\"async\" class=\"size-large wp-image-1889\" title=\"GPN-2001-000014\" src=\"http:\/\/blog.francescophoto.it\/wp-content\/uploads\/2009\/07\/gpn-2001-0000141.jpg?w=497\" alt=\"La prima impronta\" width=\"497\" height=\"400\" srcset=\"https:\/\/francescophoto.it\/blog\/wp-content\/uploads\/2009\/07\/gpn-2001-0000141.jpg 632w, https:\/\/francescophoto.it\/blog\/wp-content\/uploads\/2009\/07\/gpn-2001-0000141-500x402.jpg 500w\" sizes=\"auto, (max-width: 497px) 100vw, 497px\" \/><\/a><figcaption id=\"caption-attachment-1889\" class=\"wp-caption-text\">La prima impronta<\/figcaption><\/figure>\n<figure id=\"attachment_1890\" aria-describedby=\"caption-attachment-1890\" style=\"width: 397px\" class=\"wp-caption alignnone\"><a href=\"http:\/\/blog.francescophoto.it\/wp-content\/uploads\/2009\/07\/369227main_aldrinlm_full.jpg\"><img loading=\"lazy\" decoding=\"async\" class=\"size-large wp-image-1890\" title=\"369227main_aldrinLM_full\" src=\"http:\/\/blog.francescophoto.it\/wp-content\/uploads\/2009\/07\/369227main_aldrinlm_full.jpg?w=397\" alt=\"Aldrin al lavoro sul LEM\" width=\"397\" height=\"400\" srcset=\"https:\/\/francescophoto.it\/blog\/wp-content\/uploads\/2009\/07\/369227main_aldrinlm_full.jpg 2349w, https:\/\/francescophoto.it\/blog\/wp-content\/uploads\/2009\/07\/369227main_aldrinlm_full-497x500.jpg 497w, https:\/\/francescophoto.it\/blog\/wp-content\/uploads\/2009\/07\/369227main_aldrinlm_full-768x772.jpg 768w, https:\/\/francescophoto.it\/blog\/wp-content\/uploads\/2009\/07\/369227main_aldrinlm_full-1528x1536.jpg 1528w, https:\/\/francescophoto.it\/blog\/wp-content\/uploads\/2009\/07\/369227main_aldrinlm_full-2037x2048.jpg 2037w\" sizes=\"auto, (max-width: 397px) 100vw, 397px\" \/><\/a><figcaption id=\"caption-attachment-1890\" class=\"wp-caption-text\">Aldrin al lavoro sul LEM<\/figcaption><\/figure>\n<figure id=\"attachment_1891\" aria-describedby=\"caption-attachment-1891\" style=\"width: 382px\" class=\"wp-caption alignnone\"><a href=\"http:\/\/blog.francescophoto.it\/wp-content\/uploads\/2009\/07\/gpn-2000-001102.jpg\"><img loading=\"lazy\" decoding=\"async\" class=\"size-large wp-image-1891\" title=\"GPN-2000-001102\" src=\"http:\/\/blog.francescophoto.it\/wp-content\/uploads\/2009\/07\/gpn-2000-001102.jpg?w=382\" alt=\"Esperimenti scientifici sulla Luna\" width=\"382\" height=\"400\" srcset=\"https:\/\/francescophoto.it\/blog\/wp-content\/uploads\/2009\/07\/gpn-2000-001102.jpg 640w, https:\/\/francescophoto.it\/blog\/wp-content\/uploads\/2009\/07\/gpn-2000-001102-478x500.jpg 478w\" sizes=\"auto, (max-width: 382px) 100vw, 382px\" \/><\/a><figcaption id=\"caption-attachment-1891\" class=\"wp-caption-text\">Esperimenti scientifici sulla Luna<\/figcaption><\/figure>\n<figure id=\"attachment_1892\" aria-describedby=\"caption-attachment-1892\" style=\"width: 414px\" class=\"wp-caption alignnone\"><a href=\"http:\/\/blog.francescophoto.it\/wp-content\/uploads\/2009\/07\/gpn-2000-001211.jpg\"><img loading=\"lazy\" decoding=\"async\" class=\"size-large wp-image-1892\" title=\"GPN-2000-001211\" src=\"http:\/\/blog.francescophoto.it\/wp-content\/uploads\/2009\/07\/gpn-2000-001211.jpg?w=414\" alt=\"Ancora esperimenti\" width=\"414\" height=\"400\" srcset=\"https:\/\/francescophoto.it\/blog\/wp-content\/uploads\/2009\/07\/gpn-2000-001211.jpg 663w, https:\/\/francescophoto.it\/blog\/wp-content\/uploads\/2009\/07\/gpn-2000-001211-500x483.jpg 500w\" sizes=\"auto, (max-width: 414px) 100vw, 414px\" \/><\/a><figcaption id=\"caption-attachment-1892\" class=\"wp-caption-text\">Ancora esperimenti<\/figcaption><\/figure>\n<figure id=\"attachment_1893\" aria-describedby=\"caption-attachment-1893\" style=\"width: 500px\" class=\"wp-caption alignnone\"><a href=\"http:\/\/blog.francescophoto.it\/wp-content\/uploads\/2009\/07\/gpn-2000-001209.jpg\"><img loading=\"lazy\" decoding=\"async\" class=\"size-large wp-image-1893\" title=\"GPN-2000-001209\" src=\"http:\/\/blog.francescophoto.it\/wp-content\/uploads\/2009\/07\/gpn-2000-001209.jpg?w=500\" alt=\"Armstrong al lavoro\" width=\"500\" height=\"308\" srcset=\"https:\/\/francescophoto.it\/blog\/wp-content\/uploads\/2009\/07\/gpn-2000-001209.jpg 668w, https:\/\/francescophoto.it\/blog\/wp-content\/uploads\/2009\/07\/gpn-2000-001209-500x308.jpg 500w\" sizes=\"auto, (max-width: 500px) 100vw, 500px\" \/><\/a><figcaption id=\"caption-attachment-1893\" class=\"wp-caption-text\">Armstrong al lavoro<\/figcaption><\/figure>\n<figure id=\"attachment_1901\" aria-describedby=\"caption-attachment-1901\" style=\"width: 408px\" class=\"wp-caption alignnone\"><a href=\"http:\/\/blog.francescophoto.it\/wp-content\/uploads\/2009\/07\/as11_44_6549-1k.jpg\"><img loading=\"lazy\" decoding=\"async\" class=\"size-large wp-image-1901\" title=\"as11_44_6549-1k\" src=\"http:\/\/blog.francescophoto.it\/wp-content\/uploads\/2009\/07\/as11_44_6549-1k.jpg?w=408\" alt=\"as11_44_6549-1k\" width=\"408\" height=\"400\" srcset=\"https:\/\/francescophoto.it\/blog\/wp-content\/uploads\/2009\/07\/as11_44_6549-1k.jpg 1000w, https:\/\/francescophoto.it\/blog\/wp-content\/uploads\/2009\/07\/as11_44_6549-1k-500x489.jpg 500w, https:\/\/francescophoto.it\/blog\/wp-content\/uploads\/2009\/07\/as11_44_6549-1k-768x751.jpg 768w\" sizes=\"auto, (max-width: 408px) 100vw, 408px\" \/><\/a><figcaption id=\"caption-attachment-1901\" class=\"wp-caption-text\">La Terra sorge sull&#39;orizzonte lunare<\/figcaption><\/figure>\n<p>\u00a0<\/p>\n<figure id=\"attachment_1895\" aria-describedby=\"caption-attachment-1895\" style=\"width: 499px\" class=\"wp-caption alignnone\"><a href=\"http:\/\/blog.francescophoto.it\/wp-content\/uploads\/2009\/07\/346593main_moonimg_03_full.jpg\"><img loading=\"lazy\" decoding=\"async\" class=\"size-large wp-image-1895 \" title=\"346593main_moonimg_03_full\" src=\"http:\/\/blog.francescophoto.it\/wp-content\/uploads\/2009\/07\/346593main_moonimg_03_full.jpg?w=499\" alt=\"La Terra sorge sull'orizzonte lunare\" width=\"499\" height=\"400\" srcset=\"https:\/\/francescophoto.it\/blog\/wp-content\/uploads\/2009\/07\/346593main_moonimg_03_full.jpg 1536w, https:\/\/francescophoto.it\/blog\/wp-content\/uploads\/2009\/07\/346593main_moonimg_03_full-500x400.jpg 500w, https:\/\/francescophoto.it\/blog\/wp-content\/uploads\/2009\/07\/346593main_moonimg_03_full-768x615.jpg 768w\" sizes=\"auto, (max-width: 499px) 100vw, 499px\" \/><\/a><figcaption id=\"caption-attachment-1895\" class=\"wp-caption-text\">La Terra nel cielo lunare<\/figcaption><\/figure>\n<figure id=\"attachment_1894\" aria-describedby=\"caption-attachment-1894\" style=\"width: 401px\" class=\"wp-caption alignnone\"><a href=\"http:\/\/blog.francescophoto.it\/wp-content\/uploads\/2009\/07\/gpn-2000-001210.jpg\"><img loading=\"lazy\" decoding=\"async\" class=\"size-large wp-image-1894\" title=\"GPN-2000-001210\" src=\"http:\/\/blog.francescophoto.it\/wp-content\/uploads\/2009\/07\/gpn-2000-001210.jpg?w=401\" alt=\"Il LEM sta tornando verso il modulo di comando\" width=\"401\" height=\"400\" srcset=\"https:\/\/francescophoto.it\/blog\/wp-content\/uploads\/2009\/07\/gpn-2000-001210.jpg 643w, https:\/\/francescophoto.it\/blog\/wp-content\/uploads\/2009\/07\/gpn-2000-001210-500x498.jpg 500w\" sizes=\"auto, (max-width: 401px) 100vw, 401px\" \/><\/a><figcaption id=\"caption-attachment-1894\" class=\"wp-caption-text\">Il LEM sta tornando verso il modulo di comando<\/figcaption><\/figure>\n<p>\u00a0<\/p>\n<figure id=\"attachment_1903\" aria-describedby=\"caption-attachment-1903\" style=\"width: 474px\" class=\"wp-caption alignnone\"><a href=\"http:\/\/blog.francescophoto.it\/wp-content\/uploads\/2009\/07\/6642.jpg\"><img loading=\"lazy\" decoding=\"async\" class=\"size-large wp-image-1903\" title=\"6642\" src=\"http:\/\/blog.francescophoto.it\/wp-content\/uploads\/2009\/07\/6642.jpg?w=474\" alt=\"Il LEM di ritorno visto dal modulo di comando\" width=\"474\" height=\"399\" srcset=\"https:\/\/francescophoto.it\/blog\/wp-content\/uploads\/2009\/07\/6642.jpg 800w, https:\/\/francescophoto.it\/blog\/wp-content\/uploads\/2009\/07\/6642-500x421.jpg 500w, https:\/\/francescophoto.it\/blog\/wp-content\/uploads\/2009\/07\/6642-768x647.jpg 768w\" sizes=\"auto, (max-width: 474px) 100vw, 474px\" \/><\/a><figcaption id=\"caption-attachment-1903\" class=\"wp-caption-text\">Il LEM di ritorno visto dal modulo di comando<\/figcaption><\/figure>\n<figure id=\"attachment_1904\" aria-describedby=\"caption-attachment-1904\" style=\"width: 401px\" class=\"wp-caption alignnone\"><a href=\"http:\/\/blog.francescophoto.it\/wp-content\/uploads\/2009\/07\/6667.jpg\"><img loading=\"lazy\" decoding=\"async\" class=\"size-large wp-image-1904\" title=\"6667\" src=\"http:\/\/blog.francescophoto.it\/wp-content\/uploads\/2009\/07\/6667.jpg?w=401\" alt=\"La Luna ripresa durante il viaggio di ritorno\" width=\"401\" height=\"400\" srcset=\"https:\/\/francescophoto.it\/blog\/wp-content\/uploads\/2009\/07\/6667.jpg 800w, https:\/\/francescophoto.it\/blog\/wp-content\/uploads\/2009\/07\/6667-500x500.jpg 500w, https:\/\/francescophoto.it\/blog\/wp-content\/uploads\/2009\/07\/6667-768x766.jpg 768w\" sizes=\"auto, (max-width: 401px) 100vw, 401px\" \/><\/a><figcaption id=\"caption-attachment-1904\" class=\"wp-caption-text\">La Luna ripresa durante il viaggio di ritorno<\/figcaption><\/figure>\n<figure id=\"attachment_1905\" aria-describedby=\"caption-attachment-1905\" style=\"width: 341px\" class=\"wp-caption alignnone\"><a href=\"http:\/\/blog.francescophoto.it\/wp-content\/uploads\/2009\/07\/6689.jpg\"><img loading=\"lazy\" decoding=\"async\" class=\"size-large wp-image-1905\" title=\"6689\" src=\"http:\/\/blog.francescophoto.it\/wp-content\/uploads\/2009\/07\/6689.jpg?w=341\" alt=\"Quarto di Terra crescente durante il viaggio di ritorno\" width=\"341\" height=\"400\" srcset=\"https:\/\/francescophoto.it\/blog\/wp-content\/uploads\/2009\/07\/6689.jpg 683w, https:\/\/francescophoto.it\/blog\/wp-content\/uploads\/2009\/07\/6689-427x500.jpg 427w\" sizes=\"auto, (max-width: 341px) 100vw, 341px\" \/><\/a><figcaption id=\"caption-attachment-1905\" class=\"wp-caption-text\">Quarto di Terra crescente durante il viaggio di ritorno<\/figcaption><\/figure>\n","protected":false},"excerpt":{"rendered":"<p>Quaranta anni fa,il 20 luglio 1969 l&#8217;uomo sbarca sulla Luna. Si tratta della pi\u00f9 grande conquista umana da quando l&#8217;uomo raggiunta la posizione eretta, centinaia di migliaia d&#8217;anni fa, ha potuto contemplare la Luna e da quel momento ha incominciato a sognare di poter un giorno raggiungerla. C&#8217;\u00e8 voluto tanto tempo, ma quel sogno si &hellip; <a href=\"https:\/\/francescophoto.it\/blog\/2009\/07\/20\/apollo-11-sbarco-sulla-luna\/\" class=\"more-link\">Continua la lettura di <span class=\"screen-reader-text\">Apollo 11: sbarco sulla Luna<\/span> <span class=\"meta-nav\">&rarr;<\/span><\/a><\/p>\n","protected":false},"author":1,"featured_media":0,"comment_status":"open","ping_status":"open","sticky":false,"template":"","format":"standard","meta":{"_jetpack_memberships_contains_paid_content":false,"footnotes":""},"categories":[28],"tags":[254,833,889],"class_list":["post-1882","post","type-post","status-publish","format-standard","hentry","category-spazio","tag-apollo-11","tag-luna","tag-nasa"],"jetpack_featured_media_url":"","jetpack_sharing_enabled":true,"_links":{"self":[{"href":"https:\/\/francescophoto.it\/blog\/wp-json\/wp\/v2\/posts\/1882","targetHints":{"allow":["GET"]}}],"collection":[{"href":"https:\/\/francescophoto.it\/blog\/wp-json\/wp\/v2\/posts"}],"about":[{"href":"https:\/\/francescophoto.it\/blog\/wp-json\/wp\/v2\/types\/post"}],"author":[{"embeddable":true,"href":"https:\/\/francescophoto.it\/blog\/wp-json\/wp\/v2\/users\/1"}],"replies":[{"embeddable":true,"href":"https:\/\/francescophoto.it\/blog\/wp-json\/wp\/v2\/comments?post=1882"}],"version-history":[{"count":0,"href":"https:\/\/francescophoto.it\/blog\/wp-json\/wp\/v2\/posts\/1882\/revisions"}],"wp:attachment":[{"href":"https:\/\/francescophoto.it\/blog\/wp-json\/wp\/v2\/media?parent=1882"}],"wp:term":[{"taxonomy":"category","embeddable":true,"href":"https:\/\/francescophoto.it\/blog\/wp-json\/wp\/v2\/categories?post=1882"},{"taxonomy":"post_tag","embeddable":true,"href":"https:\/\/francescophoto.it\/blog\/wp-json\/wp\/v2\/tags?post=1882"}],"curies":[{"name":"wp","href":"https:\/\/api.w.org\/{rel}","templated":true}]}}