{"id":1631,"date":"2009-06-24T22:57:39","date_gmt":"2009-06-24T21:57:39","guid":{"rendered":"http:\/\/francescophoto.wordpress.com\/?p=1631"},"modified":"2009-06-24T22:57:39","modified_gmt":"2009-06-24T21:57:39","slug":"anteprima-samsung-nx3","status":"publish","type":"post","link":"https:\/\/francescophoto.it\/blog\/2009\/06\/24\/anteprima-samsung-nx3\/","title":{"rendered":"Anteprima: Samsung NX3"},"content":{"rendered":"<p><a href=\"http:\/\/blog.francescophoto.it\/wp-content\/uploads\/2009\/06\/nx.jpg\"><img loading=\"lazy\" decoding=\"async\" class=\"alignright size-thumbnail wp-image-1632\" title=\"NX\" src=\"http:\/\/blog.francescophoto.it\/wp-content\/uploads\/2009\/06\/nx.jpg?w=128\" alt=\"NX\" width=\"128\" height=\"96\" srcset=\"https:\/\/francescophoto.it\/blog\/wp-content\/uploads\/2009\/06\/nx.jpg 432w, https:\/\/francescophoto.it\/blog\/wp-content\/uploads\/2009\/06\/nx-128x96.jpg 128w\" sizes=\"auto, (max-width: 128px) 100vw, 128px\" \/><\/a>Circolano sempre pi\u00f9 insistentemente le anticipazioni che riguardano l&#8217;imminente presentazione della Samsung NX la nuova ibrida anticipata dal produttore coreano all&#8217;ultimo PMA. Si tratta di una fotocamera che, come le recenti Panasonic G1 e GH1 e l&#8217;Olympus E-P1, offre la possibilit\u00e0 di intercambiare gli obiettivi, pur non essendo una reflex e utilizza un sensore di (relativamente) grandi dimensioni, cio\u00e8 di formato APS.<br \/>\nLa NX3, a differenza per\u00f2 della E-P1 avr\u00e0 oltre allo schermo anche un mirino elettronico, come le Panasonic, e una forma del corpo che la far\u00e0 assomigliare ad una reflex, pur con dimensioni ridotte, soprattutto per quanto riguarda lo spessore.<\/p>\n<p><!--more--><\/p>\n<p>Le caratteristiche principali della nuova NX3 dovrebbero essere;<br \/>\n&#8211; sensore CMOS da 14,6 megapixel e rapporto dimensionale 3:2<br \/>\n&#8211; mirino elettronico a LED 1620&#215;1080 punti, 250 Hz con copertura al 100 %<br \/>\n&#8211; schermo da 3&#8242; con tecnologia AMOLED 980&#215;720 punti<br \/>\n&#8211; sensibilit\u00e0 da 100 a 6400 Iso<br \/>\n&#8211; raffica fino a 4 fg\/s<br \/>\n&#8211; video HD 720p<br \/>\n&#8211; innesto obiettivi K<\/p>\n<p>La NX3 sembrerebbe molto interessante per le sue caratteristiche e per il sensore pi\u00f9 grande di quello delle Micro 4\/3 che quindi dovrebbe garantire una qualit\u00e0 d&#8217;immagine migliore, anche se non si tratter\u00e0 di una compatta quasi tascabile, come la Olympus E-P1. Resta da vedere quali obiettivi Samsung render\u00e0 disponibili e se sar\u00e0 possibile utilizzarvi alcune focali fisse Pentax, i &#8220;Limited&#8221; molto interessanti, mantenendo tutti gli automatismi.<br \/>\nLa presentazione dovrebbe avvenire il 7 o il 15 luglio, in linea con le promesse Samsung che aveva parlato al PMA di una presentazione nella seconda met\u00e0 del 2009.<\/p>\n<p><a href=\"http:\/\/blog.francescophoto.it\/wp-content\/uploads\/2009\/06\/nx.jpg\"><img loading=\"lazy\" decoding=\"async\" class=\"alignnone size-full wp-image-1632\" title=\"NX\" src=\"http:\/\/blog.francescophoto.it\/wp-content\/uploads\/2009\/06\/nx.jpg\" alt=\"NX\" width=\"432\" height=\"324\" srcset=\"https:\/\/francescophoto.it\/blog\/wp-content\/uploads\/2009\/06\/nx.jpg 432w, https:\/\/francescophoto.it\/blog\/wp-content\/uploads\/2009\/06\/nx-128x96.jpg 128w\" sizes=\"auto, (max-width: 432px) 100vw, 432px\" \/><\/a><\/p>\n<p><a href=\"http:\/\/blog.francescophoto.it\/wp-content\/uploads\/2009\/06\/samsung_nx_3.jpg\"><img loading=\"lazy\" decoding=\"async\" class=\"alignnone size-large wp-image-1633\" title=\"samsung_nx_3\" src=\"http:\/\/blog.francescophoto.it\/wp-content\/uploads\/2009\/06\/samsung_nx_3.jpg?w=500\" alt=\"samsung_nx_3\" width=\"500\" height=\"320\" srcset=\"https:\/\/francescophoto.it\/blog\/wp-content\/uploads\/2009\/06\/samsung_nx_3.jpg 550w, https:\/\/francescophoto.it\/blog\/wp-content\/uploads\/2009\/06\/samsung_nx_3-500x321.jpg 500w\" sizes=\"auto, (max-width: 500px) 100vw, 500px\" \/><\/a><\/p>\n","protected":false},"excerpt":{"rendered":"<p>Circolano sempre pi\u00f9 insistentemente le anticipazioni che riguardano l&#8217;imminente presentazione della Samsung NX la nuova ibrida anticipata dal produttore coreano all&#8217;ultimo PMA. Si tratta di una fotocamera che, come le recenti Panasonic G1 e GH1 e l&#8217;Olympus E-P1, offre la possibilit\u00e0 di intercambiare gli obiettivi, pur non essendo una reflex e utilizza un sensore di &hellip; <a href=\"https:\/\/francescophoto.it\/blog\/2009\/06\/24\/anteprima-samsung-nx3\/\" class=\"more-link\">Continua la lettura di <span class=\"screen-reader-text\">Anteprima: Samsung NX3<\/span> <span class=\"meta-nav\">&rarr;<\/span><\/a><\/p>\n","protected":false},"author":1,"featured_media":0,"comment_status":"open","ping_status":"open","sticky":false,"template":"","format":"standard","meta":{"_jetpack_memberships_contains_paid_content":false,"footnotes":""},"categories":[8,10,23],"tags":[256,1130],"class_list":["post-1631","post","type-post","status-publish","format-standard","hentry","category-compatte","category-dslr","category-novita","tag-aps","tag-samsung"],"jetpack_featured_media_url":"","jetpack_sharing_enabled":true,"_links":{"self":[{"href":"https:\/\/francescophoto.it\/blog\/wp-json\/wp\/v2\/posts\/1631","targetHints":{"allow":["GET"]}}],"collection":[{"href":"https:\/\/francescophoto.it\/blog\/wp-json\/wp\/v2\/posts"}],"about":[{"href":"https:\/\/francescophoto.it\/blog\/wp-json\/wp\/v2\/types\/post"}],"author":[{"embeddable":true,"href":"https:\/\/francescophoto.it\/blog\/wp-json\/wp\/v2\/users\/1"}],"replies":[{"embeddable":true,"href":"https:\/\/francescophoto.it\/blog\/wp-json\/wp\/v2\/comments?post=1631"}],"version-history":[{"count":0,"href":"https:\/\/francescophoto.it\/blog\/wp-json\/wp\/v2\/posts\/1631\/revisions"}],"wp:attachment":[{"href":"https:\/\/francescophoto.it\/blog\/wp-json\/wp\/v2\/media?parent=1631"}],"wp:term":[{"taxonomy":"category","embeddable":true,"href":"https:\/\/francescophoto.it\/blog\/wp-json\/wp\/v2\/categories?post=1631"},{"taxonomy":"post_tag","embeddable":true,"href":"https:\/\/francescophoto.it\/blog\/wp-json\/wp\/v2\/tags?post=1631"}],"curies":[{"name":"wp","href":"https:\/\/api.w.org\/{rel}","templated":true}]}}