{"id":16055,"date":"2013-01-04T18:04:09","date_gmt":"2013-01-04T17:04:09","guid":{"rendered":"http:\/\/blog.francescophoto.it\/?p=16055"},"modified":"2013-01-04T18:04:09","modified_gmt":"2013-01-04T17:04:09","slug":"prime-novita-2013","status":"publish","type":"post","link":"https:\/\/francescophoto.it\/blog\/2013\/01\/04\/prime-novita-2013\/","title":{"rendered":"Prime novit\u00e0 2013"},"content":{"rendered":"<p><img loading=\"lazy\" decoding=\"async\" class=\"alignright size-thumbnail wp-image-16056\" alt=\"CosacedietrolangoloR\" src=\"http:\/\/blog.francescophoto.it\/wp-content\/uploads\/2013\/01\/cosacedietrolangolor.jpg?w=97\" width=\"97\" height=\"96\" \/>Siamo appena entrati nel nuovo anno ma, complice l&#8217;imminente apertura del C.E.S. (Consumer Electronic Show) a Las Vegas il prossimo 8 gennaio, gi\u00e0 sono disponibili le prime anticipazioni e previsioni che le case lanceranno nel 2013.<br \/>\nAl CES di solito non vengono presentate novit\u00e0 importanti in quanto \u00e8 una fiera dedicata all&#8217;elettronica in generale e non particolarmente alla fotografia. Di solito i produttori rinnovano la gamma di compatte destinate al pubblico di massa che frequenta il CES, ma ogni tanto viene presentata qualche novit\u00e0 interessante.<!--more--><\/p>\n<p>Marca per marca vediamo quali sono le previsioni pi\u00f9 attendibili e quali di queste verranno presentate al CES fra pochi giorni.<\/p>\n<h3>Canon<\/h3>\n<p>Al CES dovrebbe presentare due nuovi obiettivi: un EF 35 f\/1,4 L II e un EF 14-24 f\/2,8 L.<br \/>\nTra febbraio e marzo dovrebbero arrivare una nuova EOS-M probabilmente dotata di mirino elettronico e la EOS 7D Mk II di cui non si conoscono ancora le specifiche. E&#8217; probabile anche la presentazione di una nova fullframe con pi\u00f9 di 40 Mpx e un corpo simile alla EOS 5D Mk III.<\/p>\n<h3>Fujifilm<\/h3>\n<p>Al CES dovrebbe presentare tre nuove superzoom, una compatta normale ed una impermeabile. Le novit\u00e0 pi\u00f9 interessanti saranno per\u00f2 le nuove X-100S e X-20 che sostituiranno rispettivamente la X-100 e la X-10. La X-100S potrebbe avere il sensore X-Trans CMOS gi\u00e0 montato sulle X-Pro1 e X-E1.<\/p>\n<h3>Nikon<\/h3>\n<p>Al CES presenter\u00e0 due nuove mirrorless della linea 1: la J3, che sostituir\u00e0 la J2 apparsa pochi mesi fa, con un sensore da 14 Mpx e la S1, pi\u00f9 economica, che si posizioner\u00e0 alla base della gamma, con un sensore da 10 Mpx.<br \/>\nIn seguito dovrebbe arrivare la D7200 in sostituzione della D7000, con u sensore da 24 Mpx. Forse pi\u00f9 avanti nel corso dell&#8217;anno una sostituta della D300s che potrebbe chiamarsi D9000, anche se la probabilit\u00e0 \u00e8 bassa e una D4X con pi\u00f9 Mpx dell&#8217;attuale D4.<\/p>\n<h3>Olympus<\/h3>\n<p>Al CES presenter\u00e0 tre superzoom e tre compatte impermeabili.<br \/>\nVerso la fine di gennaio o i primi di febbraio dovrebbe arrivare una nuova PEN con il sensore uguale alla OM-D E-M5 ed un mirino elettronico. La novit\u00e0 pi\u00f9 interessante arriver\u00e0 in seguito e sar\u00e0 una seconda OM-D che dovrebbe avere la pi\u00f9 avanzata tecnologia del mercato.<\/p>\n<h3>Panasonic<\/h3>\n<p>Al CES annuncer\u00e0 una decina di nuove compatte.<br \/>\nPoi le novit\u00e0 principali dovrebbero essere la G7 e la GF7, evoluzione delle attuali G5 e GF5, che vedremo in primavera. Ci saranno anche nuovi obiettivi: un 42,5 mm f\/1,2 e un 150 mm f\/2,8.<\/p>\n<h3>Samsung<\/h3>\n<p>Ha appena presentato una nuova mirrorless, la NX300 con sensore da 20 Mpx e capace di riprese in 3D, ne parler\u00f2 in un apposito articolo.<\/p>\n<h3>Sony<\/h3>\n<p>Al CES presenter\u00e0 alcune nuove compatte.<br \/>\nIn seguito oltre a nuove NEX e SLT sta progettando una mirrorless fullframe che ancora non \u00e8 stato deciso se presentare, ma che potrebbe avere 24 o anche 30-32 Mpx e un autofocus anche a rilevamento di fase.<\/p>\n","protected":false},"excerpt":{"rendered":"<p>Siamo appena entrati nel nuovo anno ma, complice l&#8217;imminente apertura del C.E.S. (Consumer Electronic Show) a Las Vegas il prossimo 8 gennaio, gi\u00e0 sono disponibili le prime anticipazioni e previsioni che le case lanceranno nel 2013. Al CES di solito non vengono presentate novit\u00e0 importanti in quanto \u00e8 una fiera dedicata all&#8217;elettronica in generale e &hellip; <a href=\"https:\/\/francescophoto.it\/blog\/2013\/01\/04\/prime-novita-2013\/\" class=\"more-link\">Continua la lettura di <span class=\"screen-reader-text\">Prime novit\u00e0 2013<\/span> <span class=\"meta-nav\">&rarr;<\/span><\/a><\/p>\n","protected":false},"author":1,"featured_media":0,"comment_status":"open","ping_status":"open","sticky":false,"template":"","format":"standard","meta":{"_jetpack_memberships_contains_paid_content":false,"footnotes":""},"categories":[17],"tags":[256,280,289,296,299,428,526,581,585,878,879,884,905,943,985,1130,1171,1194],"class_list":["post-16055","post","type-post","status-publish","format-standard","hentry","category-generale","tag-aps","tag-canon","tag-ces","tag-compatte","tag-consumer-electronic-show","tag-dslr","tag-evil","tag-fujifilm","tag-fullframe","tag-micro-4-3","tag-microfourthirds","tag-mirrorless","tag-nikon","tag-olympus","tag-panasonic","tag-samsung","tag-sony","tag-superzoom"],"jetpack_featured_media_url":"","jetpack_sharing_enabled":true,"_links":{"self":[{"href":"https:\/\/francescophoto.it\/blog\/wp-json\/wp\/v2\/posts\/16055","targetHints":{"allow":["GET"]}}],"collection":[{"href":"https:\/\/francescophoto.it\/blog\/wp-json\/wp\/v2\/posts"}],"about":[{"href":"https:\/\/francescophoto.it\/blog\/wp-json\/wp\/v2\/types\/post"}],"author":[{"embeddable":true,"href":"https:\/\/francescophoto.it\/blog\/wp-json\/wp\/v2\/users\/1"}],"replies":[{"embeddable":true,"href":"https:\/\/francescophoto.it\/blog\/wp-json\/wp\/v2\/comments?post=16055"}],"version-history":[{"count":0,"href":"https:\/\/francescophoto.it\/blog\/wp-json\/wp\/v2\/posts\/16055\/revisions"}],"wp:attachment":[{"href":"https:\/\/francescophoto.it\/blog\/wp-json\/wp\/v2\/media?parent=16055"}],"wp:term":[{"taxonomy":"category","embeddable":true,"href":"https:\/\/francescophoto.it\/blog\/wp-json\/wp\/v2\/categories?post=16055"},{"taxonomy":"post_tag","embeddable":true,"href":"https:\/\/francescophoto.it\/blog\/wp-json\/wp\/v2\/tags?post=16055"}],"curies":[{"name":"wp","href":"https:\/\/api.w.org\/{rel}","templated":true}]}}