{"id":1599,"date":"2009-06-17T22:36:30","date_gmt":"2009-06-17T21:36:30","guid":{"rendered":"http:\/\/francescophoto.wordpress.com\/?p=1599"},"modified":"2009-06-17T22:36:30","modified_gmt":"2009-06-17T21:36:30","slug":"prezzi-olympus-pen-e-p1","status":"publish","type":"post","link":"https:\/\/francescophoto.it\/blog\/2009\/06\/17\/prezzi-olympus-pen-e-p1\/","title":{"rendered":"Prezzi Olympus Pen E-P1"},"content":{"rendered":"<p><a href=\"http:\/\/blog.francescophoto.it\/wp-content\/uploads\/2009\/06\/e-p1_5_l.jpg\"><img loading=\"lazy\" decoding=\"async\" class=\"alignright size-thumbnail wp-image-1573\" title=\"E-P1_5_L\" src=\"http:\/\/blog.francescophoto.it\/wp-content\/uploads\/2009\/06\/e-p1_5_l.jpg?w=128\" alt=\"E-P1_5_L\" width=\"128\" height=\"80\" srcset=\"https:\/\/francescophoto.it\/blog\/wp-content\/uploads\/2009\/06\/e-p1_5_l.jpg 1024w, https:\/\/francescophoto.it\/blog\/wp-content\/uploads\/2009\/06\/e-p1_5_l-500x313.jpg 500w, https:\/\/francescophoto.it\/blog\/wp-content\/uploads\/2009\/06\/e-p1_5_l-768x482.jpg 768w\" sizes=\"auto, (max-width: 128px) 100vw, 128px\" \/><\/a>La nuova Olympus \u00e8 stata appena presentata e ancora non se ne sa la disponibilit\u00e0 precisa in Italia, ma gi\u00e0 in rete si trovano molte preview con foto di esempio e in alcuni casi anche filmati.<\/p>\n<p>In alcuni negozi online tedeschi poi \u00e8 gi\u00e0 esposta in vendita e sono disponibili i prezzi sia per il solo corpo, sia per la macchina in kit con gli obiettivi 14-42 e 17 mm.<!--more--><\/p>\n<p>I prezzi in Germania, dove l&#8217;IVA \u00e8 al 19 %, sono i seguenti:<\/p>\n<p>&#8211; Pen E-P1 solo corpo, sia\u00a0argento che bianco\u00a0 699 \u20ac<\/p>\n<p>&#8211; Pen E-P1, sia argento che bianco\u00a0con zoom Zuiko 14-42\/3.5-5.6 799 \u20ac<\/p>\n<p>&#8211; Pen E-P1 , sia argento che bianco con Zuiko 17\/2.8 e mirino 899 \u20ac<\/p>\n<p>&#8211; Pen E-P1, sia argento che bianco con zoom 14\/42, 17\/2.8 e mirino 999 \u20ac<\/p>\n<p>Mi sembrano un po&#8217; alti, ma si tratta di una fotocamera abbastanza esclusiva e unica sul mercato, perci\u00f2 si paga la novit\u00e0, come succede spesso per prodotti di alta tecnologia e design come ad esempio i Mac e l&#8217;i-Phone.<\/p>\n","protected":false},"excerpt":{"rendered":"<p>La nuova Olympus \u00e8 stata appena presentata e ancora non se ne sa la disponibilit\u00e0 precisa in Italia, ma gi\u00e0 in rete si trovano molte preview con foto di esempio e in alcuni casi anche filmati. In alcuni negozi online tedeschi poi \u00e8 gi\u00e0 esposta in vendita e sono disponibili i prezzi sia per il &hellip; <a href=\"https:\/\/francescophoto.it\/blog\/2009\/06\/17\/prezzi-olympus-pen-e-p1\/\" class=\"more-link\">Continua la lettura di <span class=\"screen-reader-text\">Prezzi Olympus Pen E-P1<\/span> <span class=\"meta-nav\">&rarr;<\/span><\/a><\/p>\n","protected":false},"author":1,"featured_media":0,"comment_status":"open","ping_status":"open","sticky":false,"template":"","format":"standard","meta":{"_jetpack_memberships_contains_paid_content":false,"footnotes":""},"categories":[8,20,21,23],"tags":[126,879,943],"class_list":["post-1599","post","type-post","status-publish","format-standard","hentry","category-compatte","category-mercato","category-micro-4-3","category-novita","tag-4-3","tag-microfourthirds","tag-olympus"],"jetpack_featured_media_url":"","jetpack_sharing_enabled":true,"_links":{"self":[{"href":"https:\/\/francescophoto.it\/blog\/wp-json\/wp\/v2\/posts\/1599","targetHints":{"allow":["GET"]}}],"collection":[{"href":"https:\/\/francescophoto.it\/blog\/wp-json\/wp\/v2\/posts"}],"about":[{"href":"https:\/\/francescophoto.it\/blog\/wp-json\/wp\/v2\/types\/post"}],"author":[{"embeddable":true,"href":"https:\/\/francescophoto.it\/blog\/wp-json\/wp\/v2\/users\/1"}],"replies":[{"embeddable":true,"href":"https:\/\/francescophoto.it\/blog\/wp-json\/wp\/v2\/comments?post=1599"}],"version-history":[{"count":0,"href":"https:\/\/francescophoto.it\/blog\/wp-json\/wp\/v2\/posts\/1599\/revisions"}],"wp:attachment":[{"href":"https:\/\/francescophoto.it\/blog\/wp-json\/wp\/v2\/media?parent=1599"}],"wp:term":[{"taxonomy":"category","embeddable":true,"href":"https:\/\/francescophoto.it\/blog\/wp-json\/wp\/v2\/categories?post=1599"},{"taxonomy":"post_tag","embeddable":true,"href":"https:\/\/francescophoto.it\/blog\/wp-json\/wp\/v2\/tags?post=1599"}],"curies":[{"name":"wp","href":"https:\/\/api.w.org\/{rel}","templated":true}]}}