{"id":1559,"date":"2009-06-16T15:02:33","date_gmt":"2009-06-16T14:02:33","guid":{"rendered":"http:\/\/francescophoto.wordpress.com\/?p=1559"},"modified":"2009-06-16T15:02:33","modified_gmt":"2009-06-16T14:02:33","slug":"olympus-pen-e-p1","status":"publish","type":"post","link":"https:\/\/francescophoto.it\/blog\/2009\/06\/16\/olympus-pen-e-p1\/","title":{"rendered":"Olympus Pen E-P1"},"content":{"rendered":"<p><a href=\"http:\/\/blog.francescophoto.it\/wp-content\/uploads\/2009\/06\/e-p1_10_l.jpg\"><img loading=\"lazy\" decoding=\"async\" class=\"alignright size-thumbnail wp-image-1560\" title=\"E-P1_10_L\" src=\"http:\/\/blog.francescophoto.it\/wp-content\/uploads\/2009\/06\/e-p1_10_l.jpg?w=128\" alt=\"E-P1_10_L\" width=\"128\" height=\"80\" srcset=\"https:\/\/francescophoto.it\/blog\/wp-content\/uploads\/2009\/06\/e-p1_10_l.jpg 1024w, https:\/\/francescophoto.it\/blog\/wp-content\/uploads\/2009\/06\/e-p1_10_l-500x313.jpg 500w, https:\/\/francescophoto.it\/blog\/wp-content\/uploads\/2009\/06\/e-p1_10_l-768x480.jpg 768w\" sizes=\"auto, (max-width: 128px) 100vw, 128px\" \/><\/a>E&#8217; finalmente arrivata! Dopo tante anticipazioni e richiami al suo passato la Olympus ha presentato a Berlino la sua prima compatta Micro Four Thirds, la Pen E-P1. La fotocamera \u00e8 una compatta ad obiettivi intercambiabili, secondo lo standard Micro 4\/3, con un sensore da 12 Mpx, controlli manuali o automatici, stabilizzazione sul sensore, sistema di eliminazione della polvere e capacit\u00e0 di riprendere video in formato HD 720p. Il design e l&#8217;aspetto si richiamano ad una serie di fotocamere prodotte in passato da Olympus, la serie Pen ed in particolare alla Pen F, una reflex mezzo formato progettata dal famoso progettista Maitani, che ebbe un discreto successo, specialmente in USA.<br \/>\nLa nuova PEN E-P1 inaugura una nuova categoria e si presenta come una fotocamera facile da usare per tutti e da portare sempre con se, grazie alla sua compattezza. Vedremo nel seguito dell&#8217;articolo quanto ci\u00f2 sia vero.<\/p>\n<p><!--more--><br \/>\nLe principali caratteristiche della nuova Pen E-P1 sono:<br \/>\n&#8211; sensore Live MOS da 12,3 megapixel<br \/>\n&#8211; stile retr\u00f2 con corpo in metallo, il pi\u00f9 piccolo fra quelli ad obiettivi intercambiabili<br \/>\n&#8211; disponibile in argento o bianco opaco; gli obiettivi saranno argento o neri<br \/>\n&#8211; innesto obiettivi Micro Four Thirds con un fattore di moltiplicazione 2x<br \/>\n&#8211; due nuove ottiche M Zuiko disponibili: 17 mm f\/2,8 e zoom 14-42 chiudibile per renderlo pi\u00f9 compatto per il trasporto<br \/>\n&#8211; supporto delle precedenti ottiche Four Thirds con un adattatore optional; alcune funzioneranno in autofocus, altre no<br \/>\n&#8211; \u00e8 disponibile un adattatore per gli obiettivi in montatura Olympus OM e Leica R e M<br \/>\n&#8211; Stabilizzazione d&#8217;immagine sul sensore<br \/>\n&#8211; nuovo elaboratore d&#8217;immagine TruePic V, che offre migliori colori, specialmente il violetto, aumento del dettaglio e miglior riduzione del rumore<br \/>\n&#8211; sistema di riduzione della polvere<br \/>\n&#8211;\u00a0schermo da 3&#8242; con 230.000 pixel non orientabile<br \/>\n&#8211; live view con AF a rilevazione di contrasto, riconoscimento dei volti eprevisualizzazione della foto<br \/>\n&#8211; controllo automatico con scelta automatica della scena e modalit\u00e0 manuale<br \/>\n&#8211; misurazione esposizione su 324 aree<br \/>\n&#8211; sensibilit\u00e0 da 100 a 6400 Iso<br \/>\n&#8211; disponibilit\u00e0 di numerose modalit\u00e0 scene, Art Filters e esposizioni multiple<br \/>\n&#8211; due ghiere di regolazione posteriori<br \/>\n&#8211; puo registrare video a 1280&#215;720 e 30 fg\/s (720p), con audio stereo e AF continuo (con alcuni obiettivi) con una durata fino a 7 minuti<br \/>\n&#8211; mirino ottico esterno aggiuntivo opzionale, a fuoco fisso, adatto all&#8217;obiettivo 17 mm<br \/>\n&#8211; nuovo flash FL-14 progettato per la E-P1<br \/>\n&#8211; utilizza le sche de SD\/SDHC e una batteria al litio BLS-1 con un&#8217;autonomia di 300 foto<br \/>\n&#8211; misura 121x70x36 e pesa 335 grammi senza obiettivo<\/p>\n<p>La Pen E-P1 sar\u00e0 disponibile in luglio ad un prezzo previsto in USA di circa 750 $ solo corpo, 800 $ con l&#8217;obiettivo 14-42 e 900 $ con il 17\/2,8 e il mirino.<\/p>\n<p>La nuova Olympus sembra una fotocamera interessante ed \u00e8 presentata universalmente come la fotocamera che unisce la qualit\u00e0 di immagine di una reflex alla maneggevolezza e tascabilit\u00e0 di una compatta.<br \/>\nIo, che a differenza delle famose e ben note riviste online o su carta, non ho partecipato alla conferenza di presentazione di Berlino completamente spesata, in quanto nessuno si sogna di invitarmi a questo tipo di eventi, sono in posizione di dire quello che penso.<br \/>\nLa E-P1 \u00e8 indubbiamente interessante perch\u00e8 cerca finalmente di proporre una compatta che produca delle immagini di qualit\u00e0 simile alle reflex.<br \/>\nIn realt\u00e0 ci riesce solo parzialmente.<br \/>\nInnanzitutto non \u00e8 poi cos\u00ec compatta e non \u00e8 assolutamente tascabile, se non in una giacca e solo con il 17 mm. La Panasonic G1 \u00e8 solo un po&#8217; pi\u00f9 alta per via del mirino posto sopra lo schermo, ma con un design come le prime fotocamere della serie FZ (colo mirino spostato sulla sinistra) avrebbe potuto essere molto pi\u00f9 comatta, ma questo non era l&#8217;obiettivo di Panasonic.<br \/>\nIl secondo punto \u00e8 il formato del sensore che \u00e8 si pi\u00f9 grande di quello delle compatte, ma \u00e8 sempre un quarto di quello di una fulframe. La prima Pen degli anni 60 era una mezzoformato, l&#8217;attuale nuova \u00e8 una quartoformato, e questo fa s\u00ec che la qualit\u00e0 d&#8217;immagine non sar\u00e0 uguale a quella di una reflex.<br \/>\nTerzo e pi\u00f9 grave problema, i precedenti possono essere sopportati, \u00e8 quello dell&#8217;assenza di un mirino, salvo quello aggiuntivo ottico con il 17 mm. Trovo assolutamente scomodo dover inquadrare guardando lo schermo con le braccia allungate davanti a me. Oltretutto in questa posizione la presa della fotocamera \u00e8 molto meno stabile, per non commentare di quando viene tenuta, assurdamente, con una sola mano. Quando si scatta al sole non si vede poi assolutamente nulla. Sarebbe stata una bellissima cosa se Olympus avesse aggiunto, in posizione laterale come le vecchie superzoom FZ o qualche compatta Nikon, un mirino elettronico che avrebbe consentito un&#8217;inquadratura precisa e un&#8217;impugnatura stabile. Questo \u00e8 il mio principale motivo di perplessit\u00e0 su questa fotocamera, peraltro interessante perch\u00e8 potrebbe costituire un&#8217;alternativa meno ingombrante e vistosa alle reflex per la street photografy e il reportage, in particolare in unione al 17 mm (equivalente a un 34). L&#8217;assenza di mirino per\u00f2, a pensarci bene, potrebbe rivelarsi un vantaggio per chi vuol dissimularsi nella folla, perch\u00e8 pu\u00f2 far apparire il pi\u00f9 impegnato dei fotoamatori o professionisti come un banale turista da fotoricordo<br \/>\nAltri punti suscettibili di miglioramento potrebbero essere lo schermo, che sarebbe preferibile fosse orientabile, un flash incorporato, molto utile per il fill in (ma personalmente preferisco farne a meno a vantaggio di un minor ingombro e peso)\u00a0ed infine la disponibilit\u00e0 di un obiettivo pi\u00f9 luminoso f\/2.0 almeno, ma siamo alla prima versione e son cose che potranno venire in seguito.<br \/>\nIn conclusione una fotocamera da valutare attentamente, non di uso universale, ma preziosa per portarla dietro il pi\u00f9 possibile e per certi tipi di foto.<br \/>\nRimane comunque per me che ho sempre ammirato e posseduto le Olympus, le favolose OM1 e OM2 e la compatta XA,\u00a0e ho sempre ammirato il grande progettista Maitani,\u00a0 l&#8217;attesa per una vera compatta con sensore grande, tipo la famosa Olympus XA che nelle dimensioni di un pacchetto di sigarette offriva un fantastico 35 mm f\/2,8 a 6 lenti, un telemetro e un pieno formato 24&#215;36 mm. Perch\u00e8 oggi non si pu\u00f2 fare, magari solo con il formato APS?<\/p>\n<p>Nonostante i difetti che ho evidenziato per\u00f2 questa fotocamera mi piace e pu\u00f2 darsi che mi decida a prenderla, anche perch\u00e8 \u00e8 qualcosa di veramente diverso da quanto fino ad adesso offriva il mercato. Sicuramente ci\u00f2 \u00e8 legato al suo aspetto retr\u00f2 e ai sentmenti evocativi e di distinzione che suscita.<\/p>\n<p>18\/6:<br \/>\n<a href=\"http:\/\/kenrockwell.com\/olympus\/e-p1.htm\">Ken Rokwel<\/a> ha finalmente commentato sul suo famoso sito fotografico la nuova E-P1. Mi fa molto piacere che\u00a0abbia usato lo stesso termine usato da me, quartoformato, in inglese &#8220;quarter-frame&#8221; , per definire la nuova fotocamera, a causa delle dimensioni del suo sensore che sono 1\/4 di quelle di una fullframe. Ha evidenziato inoltre gli stessi difetti da me descritti e cio\u00e8 la mancanza di un mirino e di un flash integrato (questo per me meno grave) e pensa che sia una fotocamera abbastanza lenta e quindi adatta solo per soggetti statici e non per fotografare i figli in movimento o per riprese sportive. Vedremo se \u00e8 vero, io ho chiesto ad Olympus una E-P1 in prova per fotografare una partita di baseball di mio figlio. Speriamo di poterne riferire sul blog e di poter pubblicare le immagini nella mia galleria.<\/p>\n<p>\u00a0<\/p>\n<p><a href=\"http:\/\/blog.francescophoto.it\/wp-content\/uploads\/2009\/06\/e-p1_6_l.jpg\"><img loading=\"lazy\" decoding=\"async\" class=\"alignnone size-large wp-image-1564\" title=\"E-P1_6_L\" src=\"http:\/\/blog.francescophoto.it\/wp-content\/uploads\/2009\/06\/e-p1_6_l.jpg?w=500\" alt=\"E-P1_6_L\" width=\"500\" height=\"274\" srcset=\"https:\/\/francescophoto.it\/blog\/wp-content\/uploads\/2009\/06\/e-p1_6_l.jpg 1024w, https:\/\/francescophoto.it\/blog\/wp-content\/uploads\/2009\/06\/e-p1_6_l-500x275.jpg 500w, https:\/\/francescophoto.it\/blog\/wp-content\/uploads\/2009\/06\/e-p1_6_l-768x422.jpg 768w\" sizes=\"auto, (max-width: 500px) 100vw, 500px\" \/><\/a><\/p>\n<p><a href=\"http:\/\/blog.francescophoto.it\/wp-content\/uploads\/2009\/06\/e-p1_7_l.jpg\"><img loading=\"lazy\" decoding=\"async\" class=\"alignnone size-large wp-image-1565\" title=\"E-P1_7_L\" src=\"http:\/\/blog.francescophoto.it\/wp-content\/uploads\/2009\/06\/e-p1_7_l.jpg?w=500\" alt=\"E-P1_7_L\" width=\"500\" height=\"272\" srcset=\"https:\/\/francescophoto.it\/blog\/wp-content\/uploads\/2009\/06\/e-p1_7_l.jpg 1024w, https:\/\/francescophoto.it\/blog\/wp-content\/uploads\/2009\/06\/e-p1_7_l-500x272.jpg 500w, https:\/\/francescophoto.it\/blog\/wp-content\/uploads\/2009\/06\/e-p1_7_l-768x419.jpg 768w\" sizes=\"auto, (max-width: 500px) 100vw, 500px\" \/><\/a><\/p>\n<p><a href=\"http:\/\/blog.francescophoto.it\/wp-content\/uploads\/2009\/06\/e-p1_8_l.jpg\"><img loading=\"lazy\" decoding=\"async\" class=\"alignnone size-large wp-image-1566\" title=\"E-P1_8_L\" src=\"http:\/\/blog.francescophoto.it\/wp-content\/uploads\/2009\/06\/e-p1_8_l.jpg?w=500\" alt=\"E-P1_8_L\" width=\"500\" height=\"279\" srcset=\"https:\/\/francescophoto.it\/blog\/wp-content\/uploads\/2009\/06\/e-p1_8_l.jpg 1024w, https:\/\/francescophoto.it\/blog\/wp-content\/uploads\/2009\/06\/e-p1_8_l-500x280.jpg 500w, https:\/\/francescophoto.it\/blog\/wp-content\/uploads\/2009\/06\/e-p1_8_l-768x430.jpg 768w\" sizes=\"auto, (max-width: 500px) 100vw, 500px\" \/><\/a><\/p>\n<p><a href=\"http:\/\/blog.francescophoto.it\/wp-content\/uploads\/2009\/06\/e-p1_9_l.jpg\"><img loading=\"lazy\" decoding=\"async\" class=\"alignnone size-large wp-image-1567\" title=\"E-P1_9_L\" src=\"http:\/\/blog.francescophoto.it\/wp-content\/uploads\/2009\/06\/e-p1_9_l.jpg?w=500\" alt=\"E-P1_9_L\" width=\"500\" height=\"346\" srcset=\"https:\/\/francescophoto.it\/blog\/wp-content\/uploads\/2009\/06\/e-p1_9_l.jpg 1024w, https:\/\/francescophoto.it\/blog\/wp-content\/uploads\/2009\/06\/e-p1_9_l-500x346.jpg 500w, https:\/\/francescophoto.it\/blog\/wp-content\/uploads\/2009\/06\/e-p1_9_l-768x532.jpg 768w\" sizes=\"auto, (max-width: 500px) 100vw, 500px\" \/><\/a><\/p>\n<p><a href=\"http:\/\/blog.francescophoto.it\/wp-content\/uploads\/2009\/06\/e-p1_10_l.jpg\"><img loading=\"lazy\" decoding=\"async\" class=\"alignnone size-large wp-image-1560\" title=\"E-P1_10_L\" src=\"http:\/\/blog.francescophoto.it\/wp-content\/uploads\/2009\/06\/e-p1_10_l.jpg?w=500\" alt=\"E-P1_10_L\" width=\"500\" height=\"312\" srcset=\"https:\/\/francescophoto.it\/blog\/wp-content\/uploads\/2009\/06\/e-p1_10_l.jpg 1024w, https:\/\/francescophoto.it\/blog\/wp-content\/uploads\/2009\/06\/e-p1_10_l-500x313.jpg 500w, https:\/\/francescophoto.it\/blog\/wp-content\/uploads\/2009\/06\/e-p1_10_l-768x480.jpg 768w\" sizes=\"auto, (max-width: 500px) 100vw, 500px\" \/><\/a><\/p>\n<p><a href=\"http:\/\/blog.francescophoto.it\/wp-content\/uploads\/2009\/06\/e-p1_1_l.jpg\"><img loading=\"lazy\" decoding=\"async\" class=\"alignnone size-large wp-image-1568\" title=\"E-P1_1_L\" src=\"http:\/\/blog.francescophoto.it\/wp-content\/uploads\/2009\/06\/e-p1_1_l.jpg?w=500\" alt=\"E-P1_1_L\" width=\"500\" height=\"275\" srcset=\"https:\/\/francescophoto.it\/blog\/wp-content\/uploads\/2009\/06\/e-p1_1_l.jpg 1024w, https:\/\/francescophoto.it\/blog\/wp-content\/uploads\/2009\/06\/e-p1_1_l-500x275.jpg 500w, https:\/\/francescophoto.it\/blog\/wp-content\/uploads\/2009\/06\/e-p1_1_l-768x423.jpg 768w\" sizes=\"auto, (max-width: 500px) 100vw, 500px\" \/><\/a><\/p>\n<p><a href=\"http:\/\/blog.francescophoto.it\/wp-content\/uploads\/2009\/06\/e-p1_2_l.jpg\"><img loading=\"lazy\" decoding=\"async\" class=\"alignnone size-large wp-image-1569\" title=\"E-P1_2_L\" src=\"http:\/\/blog.francescophoto.it\/wp-content\/uploads\/2009\/06\/e-p1_2_l.jpg?w=500\" alt=\"E-P1_2_L\" width=\"500\" height=\"272\" srcset=\"https:\/\/francescophoto.it\/blog\/wp-content\/uploads\/2009\/06\/e-p1_2_l.jpg 1024w, https:\/\/francescophoto.it\/blog\/wp-content\/uploads\/2009\/06\/e-p1_2_l-500x273.jpg 500w, https:\/\/francescophoto.it\/blog\/wp-content\/uploads\/2009\/06\/e-p1_2_l-768x419.jpg 768w\" sizes=\"auto, (max-width: 500px) 100vw, 500px\" \/><\/a><\/p>\n<p><a href=\"http:\/\/blog.francescophoto.it\/wp-content\/uploads\/2009\/06\/e-p1_3_l.jpg\"><img loading=\"lazy\" decoding=\"async\" class=\"alignnone size-large wp-image-1570\" title=\"E-P1_3_L\" src=\"http:\/\/blog.francescophoto.it\/wp-content\/uploads\/2009\/06\/e-p1_3_l.jpg?w=500\" alt=\"E-P1_3_L\" width=\"500\" height=\"278\" srcset=\"https:\/\/francescophoto.it\/blog\/wp-content\/uploads\/2009\/06\/e-p1_3_l.jpg 1024w, https:\/\/francescophoto.it\/blog\/wp-content\/uploads\/2009\/06\/e-p1_3_l-500x278.jpg 500w, https:\/\/francescophoto.it\/blog\/wp-content\/uploads\/2009\/06\/e-p1_3_l-768x428.jpg 768w, https:\/\/francescophoto.it\/blog\/wp-content\/uploads\/2009\/06\/e-p1_3_l-672x372.jpg 672w\" sizes=\"auto, (max-width: 500px) 100vw, 500px\" \/><\/a><\/p>\n<p><a href=\"http:\/\/blog.francescophoto.it\/wp-content\/uploads\/2009\/06\/e-p1_4_l.jpg\"><img loading=\"lazy\" decoding=\"async\" class=\"alignnone size-large wp-image-1571\" title=\"E-P1_4_L\" src=\"http:\/\/blog.francescophoto.it\/wp-content\/uploads\/2009\/06\/e-p1_4_l.jpg?w=500\" alt=\"E-P1_4_L\" width=\"500\" height=\"345\" srcset=\"https:\/\/francescophoto.it\/blog\/wp-content\/uploads\/2009\/06\/e-p1_4_l.jpg 1024w, https:\/\/francescophoto.it\/blog\/wp-content\/uploads\/2009\/06\/e-p1_4_l-500x346.jpg 500w, https:\/\/francescophoto.it\/blog\/wp-content\/uploads\/2009\/06\/e-p1_4_l-768x531.jpg 768w\" sizes=\"auto, (max-width: 500px) 100vw, 500px\" \/><\/a><\/p>\n<p><a href=\"http:\/\/blog.francescophoto.it\/wp-content\/uploads\/2009\/06\/e-p1_5_l.jpg\"><img loading=\"lazy\" decoding=\"async\" class=\"alignnone size-large wp-image-1573\" title=\"E-P1_5_L\" src=\"http:\/\/blog.francescophoto.it\/wp-content\/uploads\/2009\/06\/e-p1_5_l.jpg?w=500\" alt=\"E-P1_5_L\" width=\"500\" height=\"313\" srcset=\"https:\/\/francescophoto.it\/blog\/wp-content\/uploads\/2009\/06\/e-p1_5_l.jpg 1024w, https:\/\/francescophoto.it\/blog\/wp-content\/uploads\/2009\/06\/e-p1_5_l-500x313.jpg 500w, https:\/\/francescophoto.it\/blog\/wp-content\/uploads\/2009\/06\/e-p1_5_l-768x482.jpg 768w\" sizes=\"auto, (max-width: 500px) 100vw, 500px\" \/><\/a><\/p>\n<p><a href=\"http:\/\/blog.francescophoto.it\/wp-content\/uploads\/2009\/06\/mzuiko_17mm_2-8_1_l.jpg\"><img loading=\"lazy\" decoding=\"async\" class=\"alignnone size-large wp-image-1575\" title=\"MZUIKO_17MM_2.8_1_L\" src=\"http:\/\/blog.francescophoto.it\/wp-content\/uploads\/2009\/06\/mzuiko_17mm_2-8_1_l.jpg?w=287\" alt=\"MZUIKO_17MM_2.8_1_L\" width=\"287\" height=\"400\" srcset=\"https:\/\/francescophoto.it\/blog\/wp-content\/uploads\/2009\/06\/mzuiko_17mm_2-8_1_l.jpg 552w, https:\/\/francescophoto.it\/blog\/wp-content\/uploads\/2009\/06\/mzuiko_17mm_2-8_1_l-359x500.jpg 359w\" sizes=\"auto, (max-width: 287px) 100vw, 287px\" \/><\/a><\/p>\n<p><a href=\"http:\/\/blog.francescophoto.it\/wp-content\/uploads\/2009\/06\/mzuiko_14-42mm_3-5-5-6_1_l.jpg\"><img loading=\"lazy\" decoding=\"async\" class=\"alignnone size-large wp-image-1576\" title=\"MZUIKO_14-42MM_3.5-5.6_1_L\" src=\"http:\/\/blog.francescophoto.it\/wp-content\/uploads\/2009\/06\/mzuiko_14-42mm_3-5-5-6_1_l.jpg?w=393\" alt=\"MZUIKO_14-42MM_3.5-5.6_1_L\" width=\"393\" height=\"400\" srcset=\"https:\/\/francescophoto.it\/blog\/wp-content\/uploads\/2009\/06\/mzuiko_14-42mm_3-5-5-6_1_l.jpg 755w, https:\/\/francescophoto.it\/blog\/wp-content\/uploads\/2009\/06\/mzuiko_14-42mm_3-5-5-6_1_l-492x500.jpg 492w\" sizes=\"auto, (max-width: 393px) 100vw, 393px\" \/><\/a><\/p>\n<p><a href=\"http:\/\/blog.francescophoto.it\/wp-content\/uploads\/2009\/06\/mzuiko_14-42mm_3-5-5-6_2_l.jpg\"><img loading=\"lazy\" decoding=\"async\" class=\"alignnone size-large wp-image-1577\" title=\"MZUIKO_14-42MM_3.5-5.6_2_L\" src=\"http:\/\/blog.francescophoto.it\/wp-content\/uploads\/2009\/06\/mzuiko_14-42mm_3-5-5-6_2_l.jpg?w=393\" alt=\"MZUIKO_14-42MM_3.5-5.6_2_L\" width=\"393\" height=\"400\" srcset=\"https:\/\/francescophoto.it\/blog\/wp-content\/uploads\/2009\/06\/mzuiko_14-42mm_3-5-5-6_2_l.jpg 756w, https:\/\/francescophoto.it\/blog\/wp-content\/uploads\/2009\/06\/mzuiko_14-42mm_3-5-5-6_2_l-492x500.jpg 492w\" sizes=\"auto, (max-width: 393px) 100vw, 393px\" \/><\/a><\/p>\n<p><a href=\"http:\/\/blog.francescophoto.it\/wp-content\/uploads\/2009\/06\/mft_fl-14_1_l.jpg\"><img loading=\"lazy\" decoding=\"async\" class=\"alignnone size-large wp-image-1578\" title=\"MFT_FL-14_1_L\" src=\"http:\/\/blog.francescophoto.it\/wp-content\/uploads\/2009\/06\/mft_fl-14_1_l.jpg?w=500\" alt=\"MFT_FL-14_1_L\" width=\"500\" height=\"277\" srcset=\"https:\/\/francescophoto.it\/blog\/wp-content\/uploads\/2009\/06\/mft_fl-14_1_l.jpg 1024w, https:\/\/francescophoto.it\/blog\/wp-content\/uploads\/2009\/06\/mft_fl-14_1_l-500x277.jpg 500w, https:\/\/francescophoto.it\/blog\/wp-content\/uploads\/2009\/06\/mft_fl-14_1_l-768x426.jpg 768w, https:\/\/francescophoto.it\/blog\/wp-content\/uploads\/2009\/06\/mft_fl-14_1_l-672x372.jpg 672w\" sizes=\"auto, (max-width: 500px) 100vw, 500px\" \/><\/a><\/p>\n<p><a href=\"http:\/\/blog.francescophoto.it\/wp-content\/uploads\/2009\/06\/mft_vf-1_1_s.jpg\"><img loading=\"lazy\" decoding=\"async\" class=\"alignnone size-full wp-image-1579\" title=\"MFT_VF-1_1_S\" src=\"http:\/\/blog.francescophoto.it\/wp-content\/uploads\/2009\/06\/mft_vf-1_1_s.jpg\" alt=\"MFT_VF-1_1_S\" width=\"300\" height=\"244\" \/><\/a><\/p>\n<p><a href=\"http:\/\/blog.francescophoto.it\/wp-content\/uploads\/2009\/06\/mft_vf-1_2_l.jpg\"><img loading=\"lazy\" decoding=\"async\" class=\"alignnone size-large wp-image-1580\" title=\"MFT_VF-1_2_L\" src=\"http:\/\/blog.francescophoto.it\/wp-content\/uploads\/2009\/06\/mft_vf-1_2_l.jpg?w=498\" alt=\"MFT_VF-1_2_L\" width=\"498\" height=\"400\" srcset=\"https:\/\/francescophoto.it\/blog\/wp-content\/uploads\/2009\/06\/mft_vf-1_2_l.jpg 958w, https:\/\/francescophoto.it\/blog\/wp-content\/uploads\/2009\/06\/mft_vf-1_2_l-500x401.jpg 500w, https:\/\/francescophoto.it\/blog\/wp-content\/uploads\/2009\/06\/mft_vf-1_2_l-768x616.jpg 768w\" sizes=\"auto, (max-width: 498px) 100vw, 498px\" \/><\/a><\/p>\n<figure id=\"attachment_1581\" aria-describedby=\"caption-attachment-1581\" style=\"width: 450px\" class=\"wp-caption alignnone\"><a href=\"http:\/\/blog.francescophoto.it\/wp-content\/uploads\/2009\/06\/camera-lens-adapters.jpg\"><img loading=\"lazy\" decoding=\"async\" class=\"size-full wp-image-1581\" title=\"camera-lens-adapters\" src=\"http:\/\/blog.francescophoto.it\/wp-content\/uploads\/2009\/06\/camera-lens-adapters.jpg\" alt=\"Adattatori per obiettivi OM e 4\/3\" width=\"450\" height=\"347\" \/><\/a><figcaption id=\"caption-attachment-1581\" class=\"wp-caption-text\">Adattatori per obiettivi OM e 4\/3<\/figcaption><\/figure>\n<div class=\"mceTemp\">\n<figure id=\"attachment_1582\" aria-describedby=\"caption-attachment-1582\" style=\"width: 430px\" class=\"wp-caption alignnone\"><a href=\"http:\/\/blog.francescophoto.it\/wp-content\/uploads\/2009\/06\/camera-side1-closed.jpg\"><img loading=\"lazy\" decoding=\"async\" class=\"size-full wp-image-1582\" title=\"camera-side1-closed\" src=\"http:\/\/blog.francescophoto.it\/wp-content\/uploads\/2009\/06\/camera-side1-closed.jpg\" alt=\"Zoom chiuso\" width=\"430\" height=\"378\" \/><\/a><figcaption id=\"caption-attachment-1582\" class=\"wp-caption-text\">Zoom chiuso<\/figcaption><\/figure>\n<\/div>\n<div class=\"mceTemp\"><a href=\"http:\/\/blog.francescophoto.it\/wp-content\/uploads\/2009\/06\/camera-side1-open.jpg\"><img loading=\"lazy\" decoding=\"async\" class=\"size-full wp-image-1583\" title=\"camera-side1-open\" src=\"http:\/\/blog.francescophoto.it\/wp-content\/uploads\/2009\/06\/camera-side1-open.jpg\" alt=\"camera-side1-open\" width=\"475\" height=\"311\" \/><\/a><\/div>\n<div class=\"mceTemp\"><a href=\"http:\/\/blog.francescophoto.it\/wp-content\/uploads\/2009\/06\/29.jpg\"><img loading=\"lazy\" decoding=\"async\" class=\"alignnone size-large wp-image-1612\" title=\"29\" src=\"http:\/\/blog.francescophoto.it\/wp-content\/uploads\/2009\/06\/29.jpg?w=500\" alt=\"29\" width=\"500\" height=\"375\" srcset=\"https:\/\/francescophoto.it\/blog\/wp-content\/uploads\/2009\/06\/29.jpg 800w, https:\/\/francescophoto.it\/blog\/wp-content\/uploads\/2009\/06\/29-500x375.jpg 500w, https:\/\/francescophoto.it\/blog\/wp-content\/uploads\/2009\/06\/29-128x96.jpg 128w, https:\/\/francescophoto.it\/blog\/wp-content\/uploads\/2009\/06\/29-768x576.jpg 768w\" sizes=\"auto, (max-width: 500px) 100vw, 500px\" \/><\/a><\/div>\n<div class=\"mceTemp\"><a href=\"http:\/\/blog.francescophoto.it\/wp-content\/uploads\/2009\/06\/562497977_ihlgw-m.jpg\"><img loading=\"lazy\" decoding=\"async\" class=\"alignnone size-large wp-image-1613\" title=\"562497977_ihLgW-M\" src=\"http:\/\/blog.francescophoto.it\/wp-content\/uploads\/2009\/06\/562497977_ihlgw-m.jpg?w=500\" alt=\"562497977_ihLgW-M\" width=\"500\" height=\"205\" srcset=\"https:\/\/francescophoto.it\/blog\/wp-content\/uploads\/2009\/06\/562497977_ihlgw-m.jpg 600w, https:\/\/francescophoto.it\/blog\/wp-content\/uploads\/2009\/06\/562497977_ihlgw-m-500x205.jpg 500w\" sizes=\"auto, (max-width: 500px) 100vw, 500px\" \/><\/a><\/div>\n<div class=\"mceTemp\">\n<figure id=\"attachment_1584\" aria-describedby=\"caption-attachment-1584\" style=\"width: 312px\" class=\"wp-caption alignnone\"><a href=\"http:\/\/blog.francescophoto.it\/wp-content\/uploads\/2009\/06\/camera-vs-penf1.jpg\"><img loading=\"lazy\" decoding=\"async\" class=\"size-full wp-image-1584\" title=\"camera-vs-penf\" src=\"http:\/\/blog.francescophoto.it\/wp-content\/uploads\/2009\/06\/camera-vs-penf1.jpg\" alt=\"Penn F e E-P1\" width=\"312\" height=\"360\" \/><\/a><figcaption id=\"caption-attachment-1584\" class=\"wp-caption-text\">Penn F e E-P1<\/figcaption><\/figure>\n<\/div>\n<div class=\"mceTemp\">\n<figure id=\"attachment_1585\" aria-describedby=\"caption-attachment-1585\" style=\"width: 300px\" class=\"wp-caption alignnone\"><a href=\"http:\/\/blog.francescophoto.it\/wp-content\/uploads\/2009\/06\/maitani-1.jpg\"><img loading=\"lazy\" decoding=\"async\" class=\"size-full wp-image-1585\" title=\"Maitani-1\" src=\"http:\/\/blog.francescophoto.it\/wp-content\/uploads\/2009\/06\/maitani-1.jpg\" alt=\"Yoshihisa Maitani\" width=\"300\" height=\"435\" \/><\/a><figcaption id=\"caption-attachment-1585\" class=\"wp-caption-text\">Yoshihisa Maitani<\/figcaption><\/figure>\n<\/div>\n","protected":false},"excerpt":{"rendered":"<p>E&#8217; finalmente arrivata! Dopo tante anticipazioni e richiami al suo passato la Olympus ha presentato a Berlino la sua prima compatta Micro Four Thirds, la Pen E-P1. La fotocamera \u00e8 una compatta ad obiettivi intercambiabili, secondo lo standard Micro 4\/3, con un sensore da 12 Mpx, controlli manuali o automatici, stabilizzazione sul sensore, sistema di &hellip; <a href=\"https:\/\/francescophoto.it\/blog\/2009\/06\/16\/olympus-pen-e-p1\/\" class=\"more-link\">Continua la lettura di <span class=\"screen-reader-text\">Olympus Pen E-P1<\/span> <span class=\"meta-nav\">&rarr;<\/span><\/a><\/p>\n","protected":false},"author":1,"featured_media":0,"comment_status":"open","ping_status":"open","sticky":false,"template":"","format":"standard","meta":{"_jetpack_memberships_contains_paid_content":false,"footnotes":""},"categories":[42,21,23],"tags":[126,296,570,867,879,943],"class_list":["post-1559","post","type-post","status-publish","format-standard","hentry","category-42","category-micro-4-3","category-novita","tag-4-3","tag-compatte","tag-fourthirds","tag-maitani","tag-microfourthirds","tag-olympus"],"jetpack_featured_media_url":"","jetpack_sharing_enabled":true,"_links":{"self":[{"href":"https:\/\/francescophoto.it\/blog\/wp-json\/wp\/v2\/posts\/1559","targetHints":{"allow":["GET"]}}],"collection":[{"href":"https:\/\/francescophoto.it\/blog\/wp-json\/wp\/v2\/posts"}],"about":[{"href":"https:\/\/francescophoto.it\/blog\/wp-json\/wp\/v2\/types\/post"}],"author":[{"embeddable":true,"href":"https:\/\/francescophoto.it\/blog\/wp-json\/wp\/v2\/users\/1"}],"replies":[{"embeddable":true,"href":"https:\/\/francescophoto.it\/blog\/wp-json\/wp\/v2\/comments?post=1559"}],"version-history":[{"count":0,"href":"https:\/\/francescophoto.it\/blog\/wp-json\/wp\/v2\/posts\/1559\/revisions"}],"wp:attachment":[{"href":"https:\/\/francescophoto.it\/blog\/wp-json\/wp\/v2\/media?parent=1559"}],"wp:term":[{"taxonomy":"category","embeddable":true,"href":"https:\/\/francescophoto.it\/blog\/wp-json\/wp\/v2\/categories?post=1559"},{"taxonomy":"post_tag","embeddable":true,"href":"https:\/\/francescophoto.it\/blog\/wp-json\/wp\/v2\/tags?post=1559"}],"curies":[{"name":"wp","href":"https:\/\/api.w.org\/{rel}","templated":true}]}}