{"id":1550,"date":"2009-06-14T23:47:01","date_gmt":"2009-06-14T22:47:01","guid":{"rendered":"http:\/\/francescophoto.wordpress.com\/?p=1550"},"modified":"2009-06-14T23:47:01","modified_gmt":"2009-06-14T22:47:01","slug":"canon-500d-e-i-difetti-di-dpp","status":"publish","type":"post","link":"https:\/\/francescophoto.it\/blog\/2009\/06\/14\/canon-500d-e-i-difetti-di-dpp\/","title":{"rendered":"Canon 500D e i difetti di DPP (Agg. 2)"},"content":{"rendered":"<p><a href=\"http:\/\/blog.francescophoto.it\/wp-content\/uploads\/2009\/05\/dpp011.jpg\"><img loading=\"lazy\" decoding=\"async\" class=\"alignright size-thumbnail wp-image-1517\" title=\"DPP01\" src=\"http:\/\/blog.francescophoto.it\/wp-content\/uploads\/2009\/05\/dpp011.jpg?w=128\" alt=\"DPP01\" width=\"128\" height=\"92\" srcset=\"https:\/\/francescophoto.it\/blog\/wp-content\/uploads\/2009\/05\/dpp011.jpg 1024w, https:\/\/francescophoto.it\/blog\/wp-content\/uploads\/2009\/05\/dpp011-500x362.jpg 500w, https:\/\/francescophoto.it\/blog\/wp-content\/uploads\/2009\/05\/dpp011-768x557.jpg 768w\" sizes=\"auto, (max-width: 128px) 100vw, 128px\" \/><\/a>Sto cercando ormai da diversi giorni di elaborare le foto scattate al Canon Day dell 8 maggio per presentarne i risultati. Avevo scattato in particolare foto con alti valori di sensibilit\u00e0 Iso, da 400 fino a 12800, per verificare la qualit\u00e0 d&#8217;immagine delle fotocamere alle alte sensibilit\u00e0. Infatti non dubito che tutte le reflex Canon provate forniscano un&#8217;ottima qualit\u00e0 alle basse s<a href=\"http:\/\/blog.francescophoto.it\/wp-content\/uploads\/2009\/03\/eos-500d-fsl-w-ef-s-18-55mm-is.jpg\"><img loading=\"lazy\" decoding=\"async\" class=\"alignright size-thumbnail wp-image-1284\" title=\"eos-500d-fsl-w-ef-s-18-55mm-is\" src=\"http:\/\/blog.francescophoto.it\/wp-content\/uploads\/2009\/03\/eos-500d-fsl-w-ef-s-18-55mm-is.jpg?w=128\" alt=\"eos-500d-fsl-w-ef-s-18-55mm-is\" width=\"128\" height=\"95\" \/><\/a>ensibilit\u00e0, ma siccome molti hanno manifestato dubbi che l&#8217;alta densit\u00e0 di pixel, 15 Mpx, nei sensori APS delle ultime Canon 50D e 500D comportava un aumento del rumore, volevo verificare questa ipotesi, a confronto con la 40D e con la Nikon D80, entrambe da 10 Mpx. Ero poi molto interessato al confronto con le reflex fulframe di Canon, la 1Ds Mk III e la nuova 5D Mk II. Tutti gli scatti sono stati eseguiti in raw, per ottenere la migliore qualit\u00e0 possibile e per non influenzare il risultato con le impostazioni per l&#8217;elaborazione jpeg in macchina.<!--more--><br \/>\nMi sono attrezzato quindi sul mio computer con i software necessari per la conversione delle foto da raw a jpeg. In particolare ho usato DPP, il software fornito da Canon per la conversione dei suoi raw (CR2). In alternativa ho Adobe Lightroom 2.3.<br \/>\nPurtroppo i risultati ottenuti con DPP sono stati negativi. La prima conversione effettuata, utilizzando tutte le impostazioni di default e convertendo da raw a jpeg tutte le foto contenute nella cartella relativa a ciascuna reflex, hanno mostrato dei risultati molto morbidi e poco dettagliati, come se fosse stata applicata una forte riduzione di rumore. Ho provato allora a convertire alcune foto singolarmente, impostando il profilo standard fra i Picture stile disponibili, ma le foto hanno mostrato, in particolare quelle da 3200 Iso in su, un rumore e degli artefatti eccessivi, accompagnati da fastidiosissimi puntini bianchi nelle zone dello sfondo nero. Anche convertendo l&#8217;intera cartella, come precedentemente fatto, non ho pi\u00f9 ottenuto i risultati precedenti, ma sempre i fastidiosissimi difetti citati.<br \/>\nHo provato allora a convertire le foto con Lightroom e ho ottenuto per tutte le fotocamere, salvo la 500D, ottimi risultati, senza i difetti manifestati nelle foto convertite con DPP. Purtroppo per\u00f2 n\u00e8 Lightroom 2.3, n\u00e8 tutti gli altri software di cui disponevo (RawTherapee, FastStone, Acdsee), pur aggiornati all&#8217;ultima versione supportavano la conversione delle foto fatte con la 500D. L&#8217;unico attualmente a farlo, oltre a DPP, \u00e8 la versione beta 5.4 di Adobe Camera Raw (ACR). Ci\u00f2 presuppone per\u00f2 la disponibilit\u00e0 di Photoshop CS4, che ho dovuto installare in versione trial e che richiede oltretutto grandi risorse di disco e di ram sul computer.<br \/>\nSi tratta perci\u00f2 di un grosso problema per i nuovi utenti della 500D. Mi sembra assurdo che Canon, visto che per il momento le foto in formato raw scattate con la 500D si possono convertire quasi esclusivamente con DPP, non fornisca un software adeguato e senza i grossi difetti e problemi che ho riscontrato.<br \/>\nSconsiglio dunque tutti ad acauistare una 500D fino a che il suo formato raw non sia supportato con versioni definitive dai software di conversione disponibili o che Canon non fornisca una versione corretta di DPP, senza i gravi difetti di conversione manifestati.<br \/>\nSpero prima possibile di presentare i risultati che ho ottenuto per farvi verificare quanto detto.<\/p>\n<p>Aggiornamento:<\/p>\n<p>ho scaricato dal sito Canon USA l&#8217;ultima versione di DPP, la 3.6.10. Devo fare ancora delle prove approfondite con le foto scattate con tutte le reflex Canon, ma sembra che questa risolva i problemi che ho segnalato.<\/p>\n<p>Peccato per\u00f2 che la versione precedente 3.6 era quella disponibile sul sito Canon quando ho scattato le foto ai primi di maggio, quando la 500D era gi\u00e0 in produzione e vendita, e risultava come l&#8217;aggiornamento pi\u00f9 recente.<\/p>\n<p>Evidentemente c&#8217;\u00e8 stato uno sfasamento fra distribuzione e vendita della nuova reflex e del software adeguato a trattare le sue immagini.<\/p>\n<p>16\/6: DPP mi sta facendo impazzire. Su un computer che ho in ufficio la versione 3.6.10 si comporta bene e produce dei jpeg molto simili per qualit\u00e0 a quelli di ACR. Sul computer di casa invece produce dei risultati pessimi. Questo a parit\u00e0 di sistema operativo, Windows XP Professional SP2 e con in input gli stessi file raw. Non mi era mai capitata prima una cosa del gener. Devo ancora capire il perch\u00e8, ma tutto ci\u00f2 mi fa comunque pensare che questo software non \u00e8 molto affidabile.<\/p>\n","protected":false},"excerpt":{"rendered":"<p>Sto cercando ormai da diversi giorni di elaborare le foto scattate al Canon Day dell 8 maggio per presentarne i risultati. Avevo scattato in particolare foto con alti valori di sensibilit\u00e0 Iso, da 400 fino a 12800, per verificare la qualit\u00e0 d&#8217;immagine delle fotocamere alle alte sensibilit\u00e0. Infatti non dubito che tutte le reflex Canon &hellip; <a href=\"https:\/\/francescophoto.it\/blog\/2009\/06\/14\/canon-500d-e-i-difetti-di-dpp\/\" class=\"more-link\">Continua la lettura di <span class=\"screen-reader-text\">Canon 500D e i difetti di DPP (Agg. 2)<\/span> <span class=\"meta-nav\">&rarr;<\/span><\/a><\/p>\n","protected":false},"author":1,"featured_media":0,"comment_status":"open","ping_status":"open","sticky":false,"template":"","format":"standard","meta":{"_jetpack_memberships_contains_paid_content":false,"footnotes":""},"categories":[3,10],"tags":[256,280,381,416],"class_list":["post-1550","post","type-post","status-publish","format-standard","hentry","category-8-software","category-dslr","tag-aps","tag-canon","tag-digital-photo-professional","tag-dpp"],"jetpack_featured_media_url":"","jetpack_sharing_enabled":true,"_links":{"self":[{"href":"https:\/\/francescophoto.it\/blog\/wp-json\/wp\/v2\/posts\/1550","targetHints":{"allow":["GET"]}}],"collection":[{"href":"https:\/\/francescophoto.it\/blog\/wp-json\/wp\/v2\/posts"}],"about":[{"href":"https:\/\/francescophoto.it\/blog\/wp-json\/wp\/v2\/types\/post"}],"author":[{"embeddable":true,"href":"https:\/\/francescophoto.it\/blog\/wp-json\/wp\/v2\/users\/1"}],"replies":[{"embeddable":true,"href":"https:\/\/francescophoto.it\/blog\/wp-json\/wp\/v2\/comments?post=1550"}],"version-history":[{"count":0,"href":"https:\/\/francescophoto.it\/blog\/wp-json\/wp\/v2\/posts\/1550\/revisions"}],"wp:attachment":[{"href":"https:\/\/francescophoto.it\/blog\/wp-json\/wp\/v2\/media?parent=1550"}],"wp:term":[{"taxonomy":"category","embeddable":true,"href":"https:\/\/francescophoto.it\/blog\/wp-json\/wp\/v2\/categories?post=1550"},{"taxonomy":"post_tag","embeddable":true,"href":"https:\/\/francescophoto.it\/blog\/wp-json\/wp\/v2\/tags?post=1550"}],"curies":[{"name":"wp","href":"https:\/\/api.w.org\/{rel}","templated":true}]}}