{"id":15467,"date":"2012-12-10T01:44:52","date_gmt":"2012-12-10T00:44:52","guid":{"rendered":"http:\/\/blog.francescophoto.it\/?p=15467"},"modified":"2012-12-10T01:44:52","modified_gmt":"2012-12-10T00:44:52","slug":"fujifilm-xf1-impressioni","status":"publish","type":"post","link":"https:\/\/francescophoto.it\/blog\/2012\/12\/10\/fujifilm-xf1-impressioni\/","title":{"rendered":"Fujifilm XF1 : impressioni"},"content":{"rendered":"<p><img loading=\"lazy\" decoding=\"async\" class=\"alignright size-thumbnail wp-image-13602\" alt=\"XF1_Red_Front_Left_Wide\" src=\"http:\/\/blog.francescophoto.it\/wp-content\/uploads\/2012\/09\/xf1_red_front_left_wide.jpg?w=128\" width=\"128\" height=\"85\" \/>La XF1 \u00e8 una compatta \u201cpremium\u201d con uno stile classico. Ha un sensore EXR CMOS da 2,3&#8243; con 12 Mpx, come le X10 e X-S1, un obiettivo 6,4-25,6 mm equivalente ad un 25-100 mm f\/1,8-4,9 con stabilizzazione. Usa la tecnologia Fujifilm EXR per migliorare la gamma dinamica ed il rapporto segnale\/rumore. Il corpo \u00e8 in lega di magnesio rivestito in pelle sintetica in tre colori ed ha uno zoom a comando meccanico e rientrante. Si distingue per le dimensioni ridotte ed il profilo sottile del corpo quando l&#8217;obiettivo \u00e8 rientrato.<!--more--><\/p>\n<p>Le principali caratteristiche della XF1 sono:<\/p>\n<p>&#8211; sensore da 2\/3&#8243; EXR CMOS da 12 Mpx<br \/>\n&#8211; processore d&#8217;immagine EXR<br \/>\n&#8211; corpo in lega di magnesio<br \/>\n&#8211; schermo da 3&#8243; con 460.000 pixel<br \/>\n&#8211; autofocus a rilevamento di contrasto con messa a fuoco macro fino a 3 cm<br \/>\n&#8211; modalit\u00e0 di esposizione completamente automatica, Program, a priorit\u00e0, manuale e con scene predisposte<br \/>\n&#8211; sensibilit\u00e0 automatica o manuale da 100 a 6.400 Iso<br \/>\n&#8211; otturatore con tempi da 30 secondi ad 1\/4000<br \/>\n&#8211; disponibilit\u00e0 di profili colore che richiamano le pellicole Fujifilm Astia, Provia e Velvia<br \/>\n&#8211; ripresa video Full HD a 1920&#215;1080 pixel a 30 fg\/s in formato H.264 con audio stereo<br \/>\n&#8211; velocit\u00e0 di raffica fino a 10 fg\/s<br \/>\n&#8211; flash incorporato<br \/>\n&#8211; dimensioni 108x62x33 mm<br \/>\n&#8211; peso 255 grammi<\/p>\n<p>LaXF1 costa circa 420 \u20ac.<\/p>\n<p>La fotocamera, molto ben finita e costruita, si presenta bene con il corpo rivestito di morbida pelle sintetica antiscivolo in tre colori, nero, rosso e marrone. I comandi sono pochi, ma ben disposti, con la classica ghiera Fuji per la compensazione dell&#8217;esposizione all&#8217;estrema desta, molto comoda. In pi\u00f9 c&#8217;\u00e8 una ghiera di comando posteriore per le principali impostazioni, il pad a quattro vie con il pulsante centrale per i menu e la conferma delle scelte e anche un pulsante personalizzabile.<br \/>\nLo zoom ha un funzionamento particolare. Quando la macchina \u00e8 spenta pu\u00f2 rientrare quasi completamente nel corpo (sporge di un paio di millimetri) e la macchina assume un profilo totalmente piatto. E&#8217; pi\u00f9 spessa di uno smartphone, ma le sue altre due dimensioni sono inferiori ed in queste condizioni pu\u00f2 essere infilata in una qualsiasi tasca di jeans o altro. Per accenderla si deve per prima cosa estrarre l&#8217;obiettivo, ruotandolo, fino ad un primo fermo. Poi si ruota ancora e la macchina si accende posizionando l&#8217;obiettivo in posizione operativa. La variazione della focale si ottiene ruotando direttamente la ghiera dello zoom. Lo zoom 4x ha una focale equivalente di 25-100 mm, pi\u00f9 che adeguata per gli usi generali. La luminosit\u00e0 \u00e8 elevata f\/1,8 in posizione grandangolo e questo consente riprese in interni senza aumentare troppo la sensibilit\u00e0. In tele la luminosit\u00e0 diminuisce fino a f\/4,9, molto meno della X-10 che a 112 mm \u00e8 ancora f\/2,8, ma \u00e8 lo scotto che si deve pagare alla riduzione delle dimensioni e del peso e sopra tutto al fatto che l&#8217;obiettivo \u00e8 completamente rientrante, a differenza di quello della X-10 che rmane sporgente dal corpo.<br \/>\nIl sensore e l&#8217;elettronica sono gli stessi della X-10 e cos\u00ec \u00e8 la qualit\u00e0 d&#8217;immagine.<\/p>\n<p>Ho avuto modo, durante il Fujifilm day di ieri presso il negozio La Placa di Roma, di scattare alcune foto di prova.<br \/>\nLe foto sono state salvate sia in jpeg che in raw. Per quelle jpeg \u00e8 stato impostato in macchina un valore di nitidezza +1, il profilo colore della Fujifilm Astia e la riduzione del rumore al minimo. Le foto raw sono state convertite con Lightroom 4.3 RC perch\u00e8 pur avendo scaricato dal sito Fujifilm la vestione di Raw File Converter EX aggiornata (3.2.12.1) che supporta la XF1 e la X-E1, mi sono ritrovato sul pc la stessa versione precedente 3.2.9.1 che non le supporta (evidentemente c&#8217;\u00e8 un errore nel sito Fujifilm perch\u00e8 ho effettuato le operazioni di download ed installazione due volte).<\/p>\n<p>Analizzando le foto si vede che la versione jpeg ha una qualit\u00e0 molto buona e che convertendo le raw senza riduzione di rumore e con le impostazioni standard non si ottiene lo stesso risultato nemmeno alle basse sensibilit\u00e0 e le foto sono meno nitide. Applicando la riduzione di rumore di default di Lightroom e aumentando la nitidezza si ottiene un risultato vicino a quello delle jpeg dirette, salvo per l&#8217;intonazione pi\u00f9 naturale che \u00e8 dovuta al profilo pellicola scelto.<br \/>\nLa nitidezza \u00e8 ottima come la resa dei colori. Il rumore, assente fino a 400 Iso, si manifesta ad 800, ma \u00e8 ben contenuto nelle foto jpeg, un po&#8217; meno nelle raw. I 1600 Iso sono ancora accettabili scattando in jpeg o in raw con un po&#8217; di lavoro per la conversione, mentre i 3200, pur essendo ottimi per una compatta, sono da usare solo in caso di assoluta necessit\u00e0.<\/p>\n<p>In complesso l&#8217;impressione \u00e8 ottima e la XF1 potrebbe essere una soluzione per chi cerca una fotocamera veramente tascabile e da portare sempre con se con una qualit\u00e0 d&#8217;immagine superiore alla media delle compatte.<\/p>\n\n","protected":false},"excerpt":{"rendered":"<p>La XF1 \u00e8 una compatta \u201cpremium\u201d con uno stile classico. Ha un sensore EXR CMOS da 2,3&#8243; con 12 Mpx, come le X10 e X-S1, un obiettivo 6,4-25,6 mm equivalente ad un 25-100 mm f\/1,8-4,9 con stabilizzazione. Usa la tecnologia Fujifilm EXR per migliorare la gamma dinamica ed il rapporto segnale\/rumore. Il corpo \u00e8 in &hellip; <a href=\"https:\/\/francescophoto.it\/blog\/2012\/12\/10\/fujifilm-xf1-impressioni\/\" class=\"more-link\">Continua la lettura di <span class=\"screen-reader-text\">Fujifilm XF1 : impressioni<\/span> <span class=\"meta-nav\">&rarr;<\/span><\/a><\/p>\n","protected":false},"author":1,"featured_media":0,"comment_status":"open","ping_status":"open","sticky":false,"template":"","format":"standard","meta":{"_jetpack_memberships_contains_paid_content":false,"footnotes":""},"categories":[45,8,18],"tags":[579,581,1364],"class_list":["post-15467","post","type-post","status-publish","format-standard","hentry","category-45","category-compatte","category-impressioni-fotocamere","tag-fuji","tag-fujifilm","tag-xf1"],"jetpack_featured_media_url":"","jetpack_sharing_enabled":true,"_links":{"self":[{"href":"https:\/\/francescophoto.it\/blog\/wp-json\/wp\/v2\/posts\/15467","targetHints":{"allow":["GET"]}}],"collection":[{"href":"https:\/\/francescophoto.it\/blog\/wp-json\/wp\/v2\/posts"}],"about":[{"href":"https:\/\/francescophoto.it\/blog\/wp-json\/wp\/v2\/types\/post"}],"author":[{"embeddable":true,"href":"https:\/\/francescophoto.it\/blog\/wp-json\/wp\/v2\/users\/1"}],"replies":[{"embeddable":true,"href":"https:\/\/francescophoto.it\/blog\/wp-json\/wp\/v2\/comments?post=15467"}],"version-history":[{"count":0,"href":"https:\/\/francescophoto.it\/blog\/wp-json\/wp\/v2\/posts\/15467\/revisions"}],"wp:attachment":[{"href":"https:\/\/francescophoto.it\/blog\/wp-json\/wp\/v2\/media?parent=15467"}],"wp:term":[{"taxonomy":"category","embeddable":true,"href":"https:\/\/francescophoto.it\/blog\/wp-json\/wp\/v2\/categories?post=15467"},{"taxonomy":"post_tag","embeddable":true,"href":"https:\/\/francescophoto.it\/blog\/wp-json\/wp\/v2\/tags?post=15467"}],"curies":[{"name":"wp","href":"https:\/\/api.w.org\/{rel}","templated":true}]}}