{"id":15254,"date":"2012-11-28T01:31:08","date_gmt":"2012-11-28T00:31:08","guid":{"rendered":"http:\/\/blog.francescophoto.it\/?p=15254"},"modified":"2012-11-28T01:31:08","modified_gmt":"2012-11-28T00:31:08","slug":"nikon-d800-anteprima-galleria","status":"publish","type":"post","link":"https:\/\/francescophoto.it\/blog\/2012\/11\/28\/nikon-d800-anteprima-galleria\/","title":{"rendered":"Nikon D800: anteprima galleria"},"content":{"rendered":"<p><img loading=\"lazy\" decoding=\"async\" class=\"alignright size-thumbnail wp-image-10751\" title=\"nikon-d800-1-l\" alt=\"\" src=\"http:\/\/blog.francescophoto.it\/wp-content\/uploads\/2012\/02\/nikon-d800-1-l.jpg?w=116\" height=\"96\" width=\"116\" srcset=\"https:\/\/francescophoto.it\/blog\/wp-content\/uploads\/2012\/02\/nikon-d800-1-l.jpg 928w, https:\/\/francescophoto.it\/blog\/wp-content\/uploads\/2012\/02\/nikon-d800-1-l-500x414.jpg 500w, https:\/\/francescophoto.it\/blog\/wp-content\/uploads\/2012\/02\/nikon-d800-1-l-768x636.jpg 768w\" sizes=\"auto, (max-width: 116px) 100vw, 116px\" \/>Fra le prove in programma c&#8217;era anche quella della Nikon D800. Questa \u00e8 una reflex fullframe interessante e molto particolare per il suo sensore da ben 36 Mpx, al livello dei molte fotocamere di medio formato. Dopo avere effettuato pochi scatti in varie mostre ero interessato a provarla in modo pi\u00f9 approfondito. Un amico mi ha messo a disposizione la sua per effettuare i consueti scatti in giro per la citt\u00e0. Pubblico quindi la galleria di foto realizzate in attesa di completare la prova se sar\u00e0 possibile.<!--more--><\/p>\n<p>Le foto sono quelle che realizzo di solito a Roma, girando a piedi come turista, per provare le macchine di volta in volta inviatemi dia rispettivi distributori.<br \/>\nPer completare il test della D800 per\u00f2 sar\u00e0 necessario effettuare ulteriori prove e misure e utilizzare la macchina almeno per qualche giorno per potermici familiarizzare e darne una valutazione accurata.<br \/>\nNon credo per\u00f2 che il proprietario della macchina sia disponibile per questo. In ogni caso le foto pubblicate danno un&#8217;idea abbastanza significativa delle potenzialit\u00e0 della D800.<br \/>\nSe poi Nital si degner\u00e0 di mandarmene un esemplare ne effettuer\u00f2 una prova completa.<\/p>\n<p>La galleria\u00a0delle foto fatte con la Nikon D800 \u00e8 pubblicata al link<\/p>\n<p><a href=\"http:\/\/blog.francescophoto.it\/profilo\/samples\/nikon-d800-galleria\/\">Galleria Nikon D800<\/a><\/p>\n","protected":false},"excerpt":{"rendered":"<p>Fra le prove in programma c&#8217;era anche quella della Nikon D800. Questa \u00e8 una reflex fullframe interessante e molto particolare per il suo sensore da ben 36 Mpx, al livello dei molte fotocamere di medio formato. Dopo avere effettuato pochi scatti in varie mostre ero interessato a provarla in modo pi\u00f9 approfondito. Un amico mi &hellip; <a href=\"https:\/\/francescophoto.it\/blog\/2012\/11\/28\/nikon-d800-anteprima-galleria\/\" class=\"more-link\">Continua la lettura di <span class=\"screen-reader-text\">Nikon D800: anteprima galleria<\/span> <span class=\"meta-nav\">&rarr;<\/span><\/a><\/p>\n","protected":false},"author":1,"featured_media":0,"comment_status":"open","ping_status":"open","sticky":false,"template":"","format":"standard","meta":{"_jetpack_memberships_contains_paid_content":false,"footnotes":""},"categories":[45,10,18],"tags":[363,585,905],"class_list":["post-15254","post","type-post","status-publish","format-standard","hentry","category-45","category-dslr","category-impressioni-fotocamere","tag-d800","tag-fullframe","tag-nikon"],"jetpack_featured_media_url":"","jetpack_sharing_enabled":true,"_links":{"self":[{"href":"https:\/\/francescophoto.it\/blog\/wp-json\/wp\/v2\/posts\/15254","targetHints":{"allow":["GET"]}}],"collection":[{"href":"https:\/\/francescophoto.it\/blog\/wp-json\/wp\/v2\/posts"}],"about":[{"href":"https:\/\/francescophoto.it\/blog\/wp-json\/wp\/v2\/types\/post"}],"author":[{"embeddable":true,"href":"https:\/\/francescophoto.it\/blog\/wp-json\/wp\/v2\/users\/1"}],"replies":[{"embeddable":true,"href":"https:\/\/francescophoto.it\/blog\/wp-json\/wp\/v2\/comments?post=15254"}],"version-history":[{"count":0,"href":"https:\/\/francescophoto.it\/blog\/wp-json\/wp\/v2\/posts\/15254\/revisions"}],"wp:attachment":[{"href":"https:\/\/francescophoto.it\/blog\/wp-json\/wp\/v2\/media?parent=15254"}],"wp:term":[{"taxonomy":"category","embeddable":true,"href":"https:\/\/francescophoto.it\/blog\/wp-json\/wp\/v2\/categories?post=15254"},{"taxonomy":"post_tag","embeddable":true,"href":"https:\/\/francescophoto.it\/blog\/wp-json\/wp\/v2\/tags?post=15254"}],"curies":[{"name":"wp","href":"https:\/\/api.w.org\/{rel}","templated":true}]}}