{"id":14939,"date":"2012-11-14T23:06:03","date_gmt":"2012-11-14T22:06:03","guid":{"rendered":"http:\/\/blog.francescophoto.it\/?p=14939"},"modified":"2012-11-14T23:06:03","modified_gmt":"2012-11-14T22:06:03","slug":"nuovi-obiettivi-canon-3","status":"publish","type":"post","link":"https:\/\/francescophoto.it\/blog\/2012\/11\/14\/nuovi-obiettivi-canon-3\/","title":{"rendered":"Nuovi obiettivi Canon"},"content":{"rendered":"<p><img loading=\"lazy\" decoding=\"async\" class=\"alignright size-thumbnail wp-image-14940\" title=\"24-70mm-f4-1\" alt=\"\" src=\"http:\/\/blog.francescophoto.it\/wp-content\/uploads\/2012\/11\/24-70mm-f4-1.jpg?w=128\" height=\"96\" width=\"128\" \/><img loading=\"lazy\" decoding=\"async\" class=\"alignright size-thumbnail wp-image-14941\" title=\"35mm-f2-1\" alt=\"\" src=\"http:\/\/blog.francescophoto.it\/wp-content\/uploads\/2012\/11\/35mm-f2-1.jpg?w=128\" height=\"96\" width=\"128\" \/>Canon ha annunciato, la scorsa settimana, due nuovi obiettivi per le sue reflex. Il Canon EF 24-70 mm f\/4,0 L IS USM, uno zoom compatto stabilizzato per reflex fullframe che sar\u00e0 offerto in kit con la nuova EOS 6D. Ha anche una funzione macro che arriva fino ad un ingrandimento di 0,7x ed \u00e8 protetto da infiltrazioni di polvere ed acqua. L&#8217;altro obiettivo \u00e8 l&#8217;EF 35 mm f\/2,0 IS USM che ha una nova progettazione ottica rispetto al precedente modello, include la stabilizzazione, rara in un grandangolo a focale fissa, ed \u00e8 dotato di un motore ad ultrasuoni. Entrambi gli obiettivi possono essere usati anche su reflex Canon APS.<!--more--><br \/>\nLe caratteristiche del <strong>24-70\/4,0<\/strong> sono:<\/p>\n<p>Angolo di campo 84\u00b0 &#8211; 34\u00b0<br \/>\nStruttura obiettivo (elementi\/gruppi) 15\/12<br \/>\nNo. di lamelle del diaframma 9<br \/>\nApertura minima 22<br \/>\nDistanza minima di messa a fuoco (m) 0,38 (macro)<br \/>\nIngrandimento massimo (x) 0,7 (con impostazione macro)<br \/>\nStabilizzatore d&#8217;immagine 4 stop<br \/>\nAttuatore AF USM ad anello\u00b9<br \/>\nProtezione da polvere ed umidit\u00e0<br \/>\nDiametro del filtro (mm) 77<br \/>\nMax diametro x lunghezza (mm) 83,4 x 93<br \/>\nPeso (g) 600<\/p>\n<p>Sar\u00e0 disponibile a dicembre ad un prezzo di 1.459 \u20ac.<\/p>\n<p><img loading=\"lazy\" decoding=\"async\" class=\"alignnone size-large wp-image-14940\" title=\"24-70mm-f4-1\" alt=\"\" src=\"http:\/\/blog.francescophoto.it\/wp-content\/uploads\/2012\/11\/24-70mm-f4-1.jpg?w=500\" height=\"375\" width=\"500\" \/><br \/>\nLe caratteristiche del <strong>35\/2,0<\/strong> sono:<\/p>\n<p>Angolo di campo 63\u00b0<br \/>\nStruttura obiettivo (elementi\/gruppi) 10\/8<br \/>\nNo. di lamelle del diaframma 8<br \/>\nApertura minima 22<br \/>\nDistanza minima di messa a fuoco (m) 0.24<br \/>\nIngrandimento massimo (x) 0.24<br \/>\nStabilizzatore d&#8217;immagine 4 stop<br \/>\nAttuatore AF USM ad anello\u00b9<br \/>\nDiametro del filtro (mm) 67<br \/>\nMax diametro x lunghezza (mm) 77,9 x 62,6<br \/>\nPeso (g) 335<br \/>\nSar\u00e0 disponibile a dicembre ad un prezzo di 849 \u20ac.<\/p>\n<p><img loading=\"lazy\" decoding=\"async\" class=\"alignnone size-large wp-image-14941\" title=\"35mm-f2-1\" alt=\"\" src=\"http:\/\/blog.francescophoto.it\/wp-content\/uploads\/2012\/11\/35mm-f2-1.jpg?w=500\" height=\"375\" width=\"500\" \/><\/p>\n","protected":false},"excerpt":{"rendered":"<p>Canon ha annunciato, la scorsa settimana, due nuovi obiettivi per le sue reflex. Il Canon EF 24-70 mm f\/4,0 L IS USM, uno zoom compatto stabilizzato per reflex fullframe che sar\u00e0 offerto in kit con la nuova EOS 6D. Ha anche una funzione macro che arriva fino ad un ingrandimento di 0,7x ed \u00e8 protetto &hellip; <a href=\"https:\/\/francescophoto.it\/blog\/2012\/11\/14\/nuovi-obiettivi-canon-3\/\" class=\"more-link\">Continua la lettura di <span class=\"screen-reader-text\">Nuovi obiettivi Canon<\/span> <span class=\"meta-nav\">&rarr;<\/span><\/a><\/p>\n","protected":false},"author":1,"featured_media":0,"comment_status":"open","ping_status":"open","sticky":false,"template":"","format":"standard","meta":{"_jetpack_memberships_contains_paid_content":false,"footnotes":""},"categories":[45,23],"tags":[280,936],"class_list":["post-14939","post","type-post","status-publish","format-standard","hentry","category-45","category-novita","tag-canon","tag-obiettivi"],"jetpack_featured_media_url":"","jetpack_sharing_enabled":true,"_links":{"self":[{"href":"https:\/\/francescophoto.it\/blog\/wp-json\/wp\/v2\/posts\/14939","targetHints":{"allow":["GET"]}}],"collection":[{"href":"https:\/\/francescophoto.it\/blog\/wp-json\/wp\/v2\/posts"}],"about":[{"href":"https:\/\/francescophoto.it\/blog\/wp-json\/wp\/v2\/types\/post"}],"author":[{"embeddable":true,"href":"https:\/\/francescophoto.it\/blog\/wp-json\/wp\/v2\/users\/1"}],"replies":[{"embeddable":true,"href":"https:\/\/francescophoto.it\/blog\/wp-json\/wp\/v2\/comments?post=14939"}],"version-history":[{"count":0,"href":"https:\/\/francescophoto.it\/blog\/wp-json\/wp\/v2\/posts\/14939\/revisions"}],"wp:attachment":[{"href":"https:\/\/francescophoto.it\/blog\/wp-json\/wp\/v2\/media?parent=14939"}],"wp:term":[{"taxonomy":"category","embeddable":true,"href":"https:\/\/francescophoto.it\/blog\/wp-json\/wp\/v2\/categories?post=14939"},{"taxonomy":"post_tag","embeddable":true,"href":"https:\/\/francescophoto.it\/blog\/wp-json\/wp\/v2\/tags?post=14939"}],"curies":[{"name":"wp","href":"https:\/\/api.w.org\/{rel}","templated":true}]}}