{"id":14533,"date":"2012-10-24T00:22:27","date_gmt":"2012-10-23T23:22:27","guid":{"rendered":"http:\/\/blog.francescophoto.it\/?p=14533"},"modified":"2012-10-24T00:22:27","modified_gmt":"2012-10-23T23:22:27","slug":"metro-photo-challenge","status":"publish","type":"post","link":"https:\/\/francescophoto.it\/blog\/2012\/10\/24\/metro-photo-challenge\/","title":{"rendered":"Metro Photo Challenge"},"content":{"rendered":"<p><img loading=\"lazy\" decoding=\"async\" class=\"alignright size-thumbnail wp-image-14534\" title=\"2004 FIE' INVERNO 1\u00b0_2 (26)\" alt=\"\" src=\"http:\/\/blog.francescophoto.it\/wp-content\/uploads\/2012\/10\/2004-fie-inverno-1c2b0_2-26.jpg?w=72\" height=\"96\" width=\"72\" \/>Una partecipante del nostro blog, <strong>Sr Maria Chiara<\/strong>, \u00e8 risultata vincitrice del giorno del concorso Metro Photo Challenge il 21 ottobre con una sua bellissima foto che inserisco in questo articolo.<br \/>\nCome lei dice &#8220;<span style=\"color:#000000;\">\u00e8 una vecchssiima foto che&#8230; mi \u00e8 costata circa 2 ore di appostamento al freddo e al gelo\u00a0 e al vento gelido: ero in una curva della salita ed aspettavo che il sole arrivasse l\u00ec al centro del crocifisso.. Ci ho riprovato altre volte, negli anni successivi, nello stesso punto, e&#8230; non mi \u00e8 mai pi\u00f9 riuscito!<\/span><br \/>\nCon questa foto dimostra come per fare qualcosa di bello ci vuole impegno, fatica, costanza e perseveranza, oltre naturalmente ad un occhio fotografico ed una grande preparazione.<br \/>\nLa macchina e l&#8217;attrezzatura usata in questo caso non contano e non \u00e8 necessario conoscerli, conta solo il risultato.<br \/>\nIl concorso si chiude l&#8217;11 novembre con la scelta del vincitore assoluto. La foto di Maria Chiara \u00e8 molto bella e merita di vincere, quindi vi invito a collegarvi alla pagina dei vincitori del sito <strong><a href=\"http:\/\/metrophotochallenge.com\/winners\/\">Metro Photo Challenge<\/a><\/strong> e votarla cliccando il pusante &#8220;Mi piace&#8221;, collegato alla pagina Facebook del concorso.<br \/>\nMi raccomando date il vostro voto per far vincere questa foto!<!--more--><\/p>\n<p>La foto \u00e8 frutto di una lunga attesa per aspettare il momento giusto in cui il sole sarebbe stato al centro del crocifisso. La sua particolarit\u00e0 \u00e8 l&#8217;incredibile effetto di rifrazione ottenuto che, come dice Maria Chiara, non si \u00e8 pi\u00f9 ripetuto in momenti successivi.<\/p>\n<p><img loading=\"lazy\" decoding=\"async\" class=\"alignnone size-full wp-image-14534\" title=\"2004 FIE' INVERNO 1\u00b0_2 (26)\" alt=\"\" src=\"http:\/\/blog.francescophoto.it\/wp-content\/uploads\/2012\/10\/2004-fie-inverno-1c2b0_2-26.jpg\" height=\"1365\" width=\"1024\" \/><\/p>\n","protected":false},"excerpt":{"rendered":"<p>Una partecipante del nostro blog, Sr Maria Chiara, \u00e8 risultata vincitrice del giorno del concorso Metro Photo Challenge il 21 ottobre con una sua bellissima foto che inserisco in questo articolo. Come lei dice &#8220;\u00e8 una vecchssiima foto che&#8230; mi \u00e8 costata circa 2 ore di appostamento al freddo e al gelo\u00a0 e al vento &hellip; <a href=\"https:\/\/francescophoto.it\/blog\/2012\/10\/24\/metro-photo-challenge\/\" class=\"more-link\">Continua la lettura di <span class=\"screen-reader-text\">Metro Photo Challenge<\/span> <span class=\"meta-nav\">&rarr;<\/span><\/a><\/p>\n","protected":false},"author":1,"featured_media":0,"comment_status":"open","ping_status":"open","sticky":false,"template":"","format":"standard","meta":{"_jetpack_memberships_contains_paid_content":false,"footnotes":""},"categories":[17],"tags":[877],"class_list":["post-14533","post","type-post","status-publish","format-standard","hentry","category-generale","tag-metro-photo-challenge"],"jetpack_featured_media_url":"","jetpack_sharing_enabled":true,"_links":{"self":[{"href":"https:\/\/francescophoto.it\/blog\/wp-json\/wp\/v2\/posts\/14533","targetHints":{"allow":["GET"]}}],"collection":[{"href":"https:\/\/francescophoto.it\/blog\/wp-json\/wp\/v2\/posts"}],"about":[{"href":"https:\/\/francescophoto.it\/blog\/wp-json\/wp\/v2\/types\/post"}],"author":[{"embeddable":true,"href":"https:\/\/francescophoto.it\/blog\/wp-json\/wp\/v2\/users\/1"}],"replies":[{"embeddable":true,"href":"https:\/\/francescophoto.it\/blog\/wp-json\/wp\/v2\/comments?post=14533"}],"version-history":[{"count":0,"href":"https:\/\/francescophoto.it\/blog\/wp-json\/wp\/v2\/posts\/14533\/revisions"}],"wp:attachment":[{"href":"https:\/\/francescophoto.it\/blog\/wp-json\/wp\/v2\/media?parent=14533"}],"wp:term":[{"taxonomy":"category","embeddable":true,"href":"https:\/\/francescophoto.it\/blog\/wp-json\/wp\/v2\/categories?post=14533"},{"taxonomy":"post_tag","embeddable":true,"href":"https:\/\/francescophoto.it\/blog\/wp-json\/wp\/v2\/tags?post=14533"}],"curies":[{"name":"wp","href":"https:\/\/api.w.org\/{rel}","templated":true}]}}