{"id":1443,"date":"2009-05-11T22:48:41","date_gmt":"2009-05-11T21:48:41","guid":{"rendered":"http:\/\/francescophoto.wordpress.com\/?p=1443"},"modified":"2009-05-11T22:48:41","modified_gmt":"2009-05-11T21:48:41","slug":"anteprima-nuove-sony-alpha-a230-a330-e-a380","status":"publish","type":"post","link":"https:\/\/francescophoto.it\/blog\/2009\/05\/11\/anteprima-nuove-sony-alpha-a230-a330-e-a380\/","title":{"rendered":"Anteprima: nuove Sony Alpha A230 A330 e A380"},"content":{"rendered":"<p><a href=\"http:\/\/blog.francescophoto.it\/wp-content\/uploads\/2009\/05\/a230-330-380.jpg\"><img loading=\"lazy\" decoding=\"async\" class=\"alignright size-medium wp-image-1445\" title=\"A230-330-380\" src=\"http:\/\/blog.francescophoto.it\/wp-content\/uploads\/2009\/05\/a230-330-380.jpg?w=300\" alt=\"A230-330-380\" width=\"300\" height=\"102\" srcset=\"https:\/\/francescophoto.it\/blog\/wp-content\/uploads\/2009\/05\/a230-330-380.jpg 749w, https:\/\/francescophoto.it\/blog\/wp-content\/uploads\/2009\/05\/a230-330-380-500x170.jpg 500w\" sizes=\"auto, (max-width: 300px) 100vw, 300px\" \/><\/a>Le indiscrezioni ed anticipazioni che circolano in rete in questi giorni prevedono imminente il lancio, da parte di Sony, di 3 nuove reflex entry level in sostituzione delle attuali A200, A300 e A350.<br \/>\nLe nuove fotocamere dovrebbero mantenere il sensore con la risoluzione delle precedenti, cio\u00e8 10 e 14 Mpx, ma essere completamente rinnovate nel design, con un aspetto pi\u00f9 compatto ed elegante ed un&#8217;interfaccia completamente rinnovata. Dovrebbe essere disponibile una rappresentazione grafica delle impostazioni e un manuale di istruzioni incorporato. Inoltre dovrebbero avere un&#8217;uscita HDMI per collegarsi con i televisori Sony Bravia su cui poter vedere le immagini catturate.<\/p>\n<p><!--more--><br \/>\nLe prime indiscrezioni su questi modelli sono comparse su un men\u00f9 della pagina di supporto del sito Sony UK, dal quale per\u00f2 sono subito scomparse.<br \/>\nPoi per\u00f2 sono ricomparse, con un corredo di immagini a supporto, su un sito russo, riportato dal sito <a href=\"http:\/\/www.photoclubalpha.com\/\">Photoclubalpha<\/a>.<br \/>\nLe fotocamere disporrebbero quindi dell&#8217;interfaccia grafica per tutte le impostazioni, di pi\u00f9 facile uso di quella a men\u00f9 per i principianti e, come detto, di un manuale incorporato per una spiegazione del loro uso.<br \/>\nDisporranno inoltre del Quick AF Live View che dovrebbe consentire la messa a fuoco rapida con la funzione live view e, almeno in un modello, dello schermo orientabile.<br \/>\nOvviamente disporranno, come tutte le reflex Sony, della funzione di stabilizzazione integrata sul sensore.<br \/>\nIl sensore, denominato Matrix dovrebbe essere in grado di raccoglere pi\u00f9 luce dei precedenti e, in unione col processore Bionz, fornire immagini pi\u00f9 dettagliate e con minor rumore. La sensibilit\u00e0 arriver\u00e0 fino a 3200 Iso (non molto, visto quello che propone la concorrenza!).<br \/>\nCi sar\u00e0 ovviamente anche il sistema di riduzione della polvere.<br \/>\nUna delle funzioni pi\u00f9 interessanti sar\u00e0 quella di poter controllare la fotocamera, per la visualizzazione delle foto, direttamente dal telecomando dei televisori Sony Bravia, attraverso il collegamento HDMI. Sar\u00e0 cos\u00ec possibile visualizzare direttamente le foto sul televisore senza passare per il pc.<br \/>\nNon ci sar\u00e0 invece la possibilit\u00e0 di riprese video.<br \/>\nCi dovrebbe essere anche la possibilit\u00e0 di usare le schede di memoria SD oltre che le Memory Stick.<br \/>\nSi tratta quindi di fotocamere rivolte al pubblico amatoriale e in particolare a chi proviene dalle compatte e dalle superzoom e vuole migliorare.<br \/>\nPer la sostituta della A700, che forse potrebbe chiamarsi A800, dovremo invece aspettare.<\/p>\n<p><a href=\"http:\/\/blog.francescophoto.it\/wp-content\/uploads\/2009\/05\/a230-330-380.jpg\"><img loading=\"lazy\" decoding=\"async\" class=\"alignnone size-large wp-image-1445\" title=\"A230-330-380\" src=\"http:\/\/blog.francescophoto.it\/wp-content\/uploads\/2009\/05\/a230-330-380.jpg?w=500\" alt=\"A230-330-380\" width=\"500\" height=\"170\" srcset=\"https:\/\/francescophoto.it\/blog\/wp-content\/uploads\/2009\/05\/a230-330-380.jpg 749w, https:\/\/francescophoto.it\/blog\/wp-content\/uploads\/2009\/05\/a230-330-380-500x170.jpg 500w\" sizes=\"auto, (max-width: 500px) 100vw, 500px\" \/><\/a><\/p>\n<figure id=\"attachment_1446\" aria-describedby=\"caption-attachment-1446\" style=\"width: 260px\" class=\"wp-caption alignnone\"><a href=\"http:\/\/blog.francescophoto.it\/wp-content\/uploads\/2009\/05\/menu_230_330_380.jpg\"><img loading=\"lazy\" decoding=\"async\" class=\"size-full wp-image-1446\" title=\"menu_230_330_380\" src=\"http:\/\/blog.francescophoto.it\/wp-content\/uploads\/2009\/05\/menu_230_330_380.jpg\" alt=\"Men\u00f9 grafico\" width=\"260\" height=\"170\" \/><\/a><figcaption id=\"caption-attachment-1446\" class=\"wp-caption-text\">Men\u00f9 grafico<\/figcaption><\/figure>\n<figure id=\"attachment_1447\" aria-describedby=\"caption-attachment-1447\" style=\"width: 246px\" class=\"wp-caption alignnone\"><a href=\"http:\/\/blog.francescophoto.it\/wp-content\/uploads\/2009\/05\/manuale_230_330_380.jpg\"><img loading=\"lazy\" decoding=\"async\" class=\"size-full wp-image-1447\" title=\"manuale_230_330_380\" src=\"http:\/\/blog.francescophoto.it\/wp-content\/uploads\/2009\/05\/manuale_230_330_380.jpg\" alt=\"Manuale d'istruzione\" width=\"246\" height=\"170\" \/><\/a><figcaption id=\"caption-attachment-1447\" class=\"wp-caption-text\">Manuale d&#39;istruzione<\/figcaption><\/figure>\n<figure id=\"attachment_1448\" aria-describedby=\"caption-attachment-1448\" style=\"width: 500px\" class=\"wp-caption alignnone\"><a href=\"http:\/\/blog.francescophoto.it\/wp-content\/uploads\/2009\/05\/tv_230_330_380.jpg\"><img loading=\"lazy\" decoding=\"async\" class=\"size-large wp-image-1448\" title=\"tv_230_330_380\" src=\"http:\/\/blog.francescophoto.it\/wp-content\/uploads\/2009\/05\/tv_230_330_380.jpg?w=500\" alt=\"Collegamento a TV Sony Bravia\" width=\"500\" height=\"164\" srcset=\"https:\/\/francescophoto.it\/blog\/wp-content\/uploads\/2009\/05\/tv_230_330_380.jpg 749w, https:\/\/francescophoto.it\/blog\/wp-content\/uploads\/2009\/05\/tv_230_330_380-500x165.jpg 500w\" sizes=\"auto, (max-width: 500px) 100vw, 500px\" \/><\/a><figcaption id=\"caption-attachment-1448\" class=\"wp-caption-text\">Collegamento a TV Sony Bravia<\/figcaption><\/figure>\n","protected":false},"excerpt":{"rendered":"<p>Le indiscrezioni ed anticipazioni che circolano in rete in questi giorni prevedono imminente il lancio, da parte di Sony, di 3 nuove reflex entry level in sostituzione delle attuali A200, A300 e A350. Le nuove fotocamere dovrebbero mantenere il sensore con la risoluzione delle precedenti, cio\u00e8 10 e 14 Mpx, ma essere completamente rinnovate nel &hellip; <a href=\"https:\/\/francescophoto.it\/blog\/2009\/05\/11\/anteprima-nuove-sony-alpha-a230-a330-e-a380\/\" class=\"more-link\">Continua la lettura di <span class=\"screen-reader-text\">Anteprima: nuove Sony Alpha A230 A330 e A380<\/span> <span class=\"meta-nav\">&rarr;<\/span><\/a><\/p>\n","protected":false},"author":1,"featured_media":0,"comment_status":"open","ping_status":"open","sticky":false,"template":"","format":"standard","meta":{"_jetpack_memberships_contains_paid_content":false,"footnotes":""},"categories":[10,23],"tags":[256,1171],"class_list":["post-1443","post","type-post","status-publish","format-standard","hentry","category-dslr","category-novita","tag-aps","tag-sony"],"jetpack_featured_media_url":"","jetpack_sharing_enabled":true,"_links":{"self":[{"href":"https:\/\/francescophoto.it\/blog\/wp-json\/wp\/v2\/posts\/1443","targetHints":{"allow":["GET"]}}],"collection":[{"href":"https:\/\/francescophoto.it\/blog\/wp-json\/wp\/v2\/posts"}],"about":[{"href":"https:\/\/francescophoto.it\/blog\/wp-json\/wp\/v2\/types\/post"}],"author":[{"embeddable":true,"href":"https:\/\/francescophoto.it\/blog\/wp-json\/wp\/v2\/users\/1"}],"replies":[{"embeddable":true,"href":"https:\/\/francescophoto.it\/blog\/wp-json\/wp\/v2\/comments?post=1443"}],"version-history":[{"count":0,"href":"https:\/\/francescophoto.it\/blog\/wp-json\/wp\/v2\/posts\/1443\/revisions"}],"wp:attachment":[{"href":"https:\/\/francescophoto.it\/blog\/wp-json\/wp\/v2\/media?parent=1443"}],"wp:term":[{"taxonomy":"category","embeddable":true,"href":"https:\/\/francescophoto.it\/blog\/wp-json\/wp\/v2\/categories?post=1443"},{"taxonomy":"post_tag","embeddable":true,"href":"https:\/\/francescophoto.it\/blog\/wp-json\/wp\/v2\/tags?post=1443"}],"curies":[{"name":"wp","href":"https:\/\/api.w.org\/{rel}","templated":true}]}}