{"id":1438,"date":"2009-05-11T15:49:28","date_gmt":"2009-05-11T14:49:28","guid":{"rendered":"http:\/\/francescophoto.wordpress.com\/?p=1438"},"modified":"2009-05-11T15:49:28","modified_gmt":"2009-05-11T14:49:28","slug":"canon-day","status":"publish","type":"post","link":"https:\/\/francescophoto.it\/blog\/2009\/05\/11\/canon-day\/","title":{"rendered":"Canon day"},"content":{"rendered":"<p><a href=\"http:\/\/blog.francescophoto.it\/wp-content\/uploads\/2009\/05\/you_can_browser_logo.jpg\"><img loading=\"lazy\" decoding=\"async\" class=\"alignright size-thumbnail wp-image-1439\" title=\"you_can_browser_logo\" src=\"http:\/\/blog.francescophoto.it\/wp-content\/uploads\/2009\/05\/you_can_browser_logo.jpg?w=128\" alt=\"you_can_browser_logo\" width=\"128\" height=\"83\" \/><\/a>Sabato scorso, grazie al gentile invito del noto negozio romano La Placa, ho partecipato al Canon day, manifestazione organizzata per la presentazione dei nuovi prodotti Canon presentati nel corso degli scorsi mesi.<br \/>\nLa manifestazione \u00e8 stata molto ben organizzata.\u00a0 Era disponibile anche una sala di posa con una modella per poter provare le fotocamere sul campo.<br \/>\nHo avuto occasione quindi di provare le nuove reflex presentate nei mesi scorsi e verificarne le loro prestazioni scattando numerose foto.<!--more--><\/p>\n<p>\u00a0In primo luogo ho provato la nuova 5D MkII che mi incuriosiva molto per verificare le sue prestazioni alle alte sensibilit\u00e0 in confronto con la Nicon D700 e D3x e con la Sony A900.<br \/>\nPoi ho provato anche le varie reflex APS presenti, a partire dalla nuova 500D con il nuovo zoom 18-200 presentato per far concorrenza all&#8217;analogo Nikon. Infatti ho anche eseguito un po&#8217; di scatti con la mia D80 e il Nikon 180-200 VR per avere un termine di confronto.<br \/>\nAltra prova interessante \u00e8 quella della 50D, che seppur non nuovissima, \u00e8 una reflex abbastanza recente e molto discussa, come anche la 500D, per l&#8217;elevato numero di pixel (15 Mpx) del sensore. In questa, come nella 500D volevo verificare la qualit\u00e0 d&#8217;immagine alle alte sensibilit\u00e0, ed essendo la sala di posa non troppo illuminata, presumo per motivi di temperatura,la cosa \u00e8 stata facile perch\u00e8 era necessari scattare con un&#8217;alta sensibilit\u00e0. Anche qui per avere un termine di confronto ho eseguito alcuni scatti anche con la 40D.<br \/>\nHo avuto poi occasione di fare alcuni scatti anche con la favolosa 1Ds Mk III da 21 Mpx, come la 5D II. La differenza fra le due fotocamere \u00e8 principalmente nelle dimensioni e qualit\u00e0 di costruzione del corpo, molto pi\u00f9 grande, pesante ed ingombrante per la 1 Ds. Questo dovrebbe garantire maggior robustezza, velocit\u00e0 e durata nel tempo negli usi professionali. E&#8217; un argomento di cui si \u00e8 anche brevemente discusso nella tavola rotonda organizzata nel pomeriggio ed il cui argomento principale era &#8220;La borsa del fotografo&#8221;, e di cui riferir\u00f2 con un articolo apposito.<br \/>\nInfine ho provato anche la compatta G10, sia perch\u00e8 volevo vedere a quali livelli di qualit\u00e0 ed usabilit\u00e0 poteva arrivare questa fotocamera, sia per confrontare la sua qualit\u00e0 di immagine con quella fornita da una reflex economica, visto che i prezzi sono abbastanza vicini.<br \/>\nDi tutte queste fotocamere parler\u00f2 a breve in futuri articoli, dopo aver convertito e valutato le centinaia di foto scattate ed aver scelto quelle migliori e pi\u00f9 significative per evidenziare le qualit\u00e0 delle relative fotocamere.<\/p>\n<p>A presto per il seguito di questo articolo.<\/p>\n","protected":false},"excerpt":{"rendered":"<p>Sabato scorso, grazie al gentile invito del noto negozio romano La Placa, ho partecipato al Canon day, manifestazione organizzata per la presentazione dei nuovi prodotti Canon presentati nel corso degli scorsi mesi. La manifestazione \u00e8 stata molto ben organizzata.\u00a0 Era disponibile anche una sala di posa con una modella per poter provare le fotocamere sul &hellip; <a href=\"https:\/\/francescophoto.it\/blog\/2009\/05\/11\/canon-day\/\" class=\"more-link\">Continua la lettura di <span class=\"screen-reader-text\">Canon day<\/span> <span class=\"meta-nav\">&rarr;<\/span><\/a><\/p>\n","protected":false},"author":1,"featured_media":0,"comment_status":"open","ping_status":"open","sticky":false,"template":"","format":"standard","meta":{"_jetpack_memberships_contains_paid_content":false,"footnotes":""},"categories":[8,10,23],"tags":[256,280,585,1053,1079],"class_list":["post-1438","post","type-post","status-publish","format-standard","hentry","category-compatte","category-dslr","category-novita","tag-aps","tag-canon","tag-fullframe","tag-reflex","tag-rumore"],"jetpack_featured_media_url":"","jetpack_sharing_enabled":true,"_links":{"self":[{"href":"https:\/\/francescophoto.it\/blog\/wp-json\/wp\/v2\/posts\/1438","targetHints":{"allow":["GET"]}}],"collection":[{"href":"https:\/\/francescophoto.it\/blog\/wp-json\/wp\/v2\/posts"}],"about":[{"href":"https:\/\/francescophoto.it\/blog\/wp-json\/wp\/v2\/types\/post"}],"author":[{"embeddable":true,"href":"https:\/\/francescophoto.it\/blog\/wp-json\/wp\/v2\/users\/1"}],"replies":[{"embeddable":true,"href":"https:\/\/francescophoto.it\/blog\/wp-json\/wp\/v2\/comments?post=1438"}],"version-history":[{"count":0,"href":"https:\/\/francescophoto.it\/blog\/wp-json\/wp\/v2\/posts\/1438\/revisions"}],"wp:attachment":[{"href":"https:\/\/francescophoto.it\/blog\/wp-json\/wp\/v2\/media?parent=1438"}],"wp:term":[{"taxonomy":"category","embeddable":true,"href":"https:\/\/francescophoto.it\/blog\/wp-json\/wp\/v2\/categories?post=1438"},{"taxonomy":"post_tag","embeddable":true,"href":"https:\/\/francescophoto.it\/blog\/wp-json\/wp\/v2\/tags?post=1438"}],"curies":[{"name":"wp","href":"https:\/\/api.w.org\/{rel}","templated":true}]}}