{"id":14152,"date":"2012-09-27T12:02:13","date_gmt":"2012-09-27T11:02:13","guid":{"rendered":"http:\/\/francescophoto.wordpress.com\/?p=14152"},"modified":"2012-09-27T12:02:13","modified_gmt":"2012-09-27T11:02:13","slug":"siamo-tutti-sallusti","status":"publish","type":"post","link":"https:\/\/francescophoto.it\/blog\/2012\/09\/27\/siamo-tutti-sallusti\/","title":{"rendered":"Siamo tutti Sallusti"},"content":{"rendered":"<p><img loading=\"lazy\" decoding=\"async\" class=\"alignright size-medium wp-image-14153\" title=\"sallusti_avatar\" src=\"http:\/\/blog.francescophoto.it\/wp-content\/uploads\/2012\/09\/sallusti_avatar.jpg?w=240\" alt=\"\" width=\"240\" height=\"240\" \/>Oggi voglio dedicare un po&#8217; di spazio ad un argomento al di fuori della fotografia, ma quello che sta succedendo in Italia \u00e8 veramente troppo grave per passarlo sotto silenzio e continuare a scrivere indifferenti.<br \/>\nUn giornalista, Alessandro Sallusti, direttore de Il Giornale, \u00e8 stato condannato a 14 mesi di carcere e dichiarato &#8220;socialmente pericoloso&#8221; per omesso controllo su un articolo pubblicato nel 2007 da Libero di cui era direttore e ritenuto diffametorio da un giudice che lo ha querelato. E&#8217; un precedente pericoloso, che fa pensare a Paesi come Cina o Yemen.<br \/>\nE&#8217; giusto e corretto che a una persona diffamata sia concesso il giusto risarcimento, questo non si discute, ma \u00e8 aberrante e vergognoso per un paese come l&#8217;Italia, che si definisce democratico, che sia prevista la galera per un pensiero e un&#8217;opinione, per quanto possa essere sbagliata o falsa, soprattutto nei confronti di un giornalista che esercita uno dei diritti fondamentali garantiti dalla nostra costituzione, quello della libert\u00e0 di espressione.<br \/>\nSolo nei regimi dittatoriali, di destra e di sinistra, o islamici fondamentalisti si sono verificati e si verificano episodi di questo genere. L&#8217;Italia non ne uscir\u00e0 bene nell&#8217;opinione internazionale e questo mi dispiace moltissimo per quando, andando all&#8217;estero, mi presento come italiano.<br \/>\nMa la cosa deve preoccupare chi scrive, anche su internet, di qualsiasi argomento: se dovessi dare un giudizio negativo su una fotocamera per cui il produttore non \u00e8 d&#8217;accordo, potrei essere querelato per diffamazione e rischiare la galera. Lo so che \u00e8 un&#8217;estremizzazione, ma lo era anche per Sallusti e poi invece si \u00e8 verificata.<br \/>\nIndipendentemente dalle opinioni politiche, dalla simpatia o antipatia per il giornalista, vi invito ad esprimere solidariet\u00e0 per questa vicenda condividendo su Twitter e Facebook l&#8217;hashtag #SiamotuttiSallusti.<br \/>\nE&#8217; necessario obbligare i politici, di destra e sinistra, che da 60 anni sperperano i nostri soldi e non hanno trovato il tempo di modificare una norma liberticida risalente all&#8217;epoca del fascismo, a modificare questa assurda legge.<br \/>\nE&#8217; una battaglia per la libert\u00e0 di tutti.<\/p>\n","protected":false},"excerpt":{"rendered":"<p>Oggi voglio dedicare un po&#8217; di spazio ad un argomento al di fuori della fotografia, ma quello che sta succedendo in Italia \u00e8 veramente troppo grave per passarlo sotto silenzio e continuare a scrivere indifferenti. Un giornalista, Alessandro Sallusti, direttore de Il Giornale, \u00e8 stato condannato a 14 mesi di carcere e dichiarato &#8220;socialmente pericoloso&#8221; &hellip; <a href=\"https:\/\/francescophoto.it\/blog\/2012\/09\/27\/siamo-tutti-sallusti\/\" class=\"more-link\">Continua la lettura di <span class=\"screen-reader-text\">Siamo tutti Sallusti<\/span> <span class=\"meta-nav\">&rarr;<\/span><\/a><\/p>\n","protected":false},"author":1,"featured_media":0,"comment_status":"closed","ping_status":"open","sticky":false,"template":"","format":"standard","meta":{"_jetpack_memberships_contains_paid_content":false,"footnotes":""},"categories":[17],"tags":[],"class_list":["post-14152","post","type-post","status-publish","format-standard","hentry","category-generale"],"jetpack_featured_media_url":"","jetpack_sharing_enabled":true,"_links":{"self":[{"href":"https:\/\/francescophoto.it\/blog\/wp-json\/wp\/v2\/posts\/14152","targetHints":{"allow":["GET"]}}],"collection":[{"href":"https:\/\/francescophoto.it\/blog\/wp-json\/wp\/v2\/posts"}],"about":[{"href":"https:\/\/francescophoto.it\/blog\/wp-json\/wp\/v2\/types\/post"}],"author":[{"embeddable":true,"href":"https:\/\/francescophoto.it\/blog\/wp-json\/wp\/v2\/users\/1"}],"replies":[{"embeddable":true,"href":"https:\/\/francescophoto.it\/blog\/wp-json\/wp\/v2\/comments?post=14152"}],"version-history":[{"count":0,"href":"https:\/\/francescophoto.it\/blog\/wp-json\/wp\/v2\/posts\/14152\/revisions"}],"wp:attachment":[{"href":"https:\/\/francescophoto.it\/blog\/wp-json\/wp\/v2\/media?parent=14152"}],"wp:term":[{"taxonomy":"category","embeddable":true,"href":"https:\/\/francescophoto.it\/blog\/wp-json\/wp\/v2\/categories?post=14152"},{"taxonomy":"post_tag","embeddable":true,"href":"https:\/\/francescophoto.it\/blog\/wp-json\/wp\/v2\/tags?post=14152"}],"curies":[{"name":"wp","href":"https:\/\/api.w.org\/{rel}","templated":true}]}}