{"id":13704,"date":"2012-09-22T23:14:44","date_gmt":"2012-09-22T22:14:44","guid":{"rendered":"http:\/\/francescophoto.wordpress.com\/?p=13704"},"modified":"2012-09-22T23:14:44","modified_gmt":"2012-09-22T22:14:44","slug":"cronaca-dalla-photokina","status":"publish","type":"post","link":"https:\/\/francescophoto.it\/blog\/2012\/09\/22\/cronaca-dalla-photokina\/","title":{"rendered":"Cronaca dalla Photokina"},"content":{"rendered":"<p><img loading=\"lazy\" decoding=\"async\" class=\"alignright size-medium wp-image-13709\" title=\"Photokina_01\" src=\"http:\/\/blog.francescophoto.it\/wp-content\/uploads\/2012\/09\/photokina_011.jpg?w=300\" alt=\"\" width=\"300\" height=\"198\" \/>Dopo due giorni di &#8220;Koelnmesse&#8221; sono di ritorno dalla Photokina. Pensavo di pubblicare le foto delle novit\u00e0 in diretta, ma per la mancanza di tempo durante la visita della fiera e per problemi tecnici con la rete in albergo non ho potuto farlo. Pubblico quindi ora questo articolo per illustrare le principali notit\u00e0 viste, di cui scriver\u00f2 pi\u00f9 approfonditamente, con anche foto di prova, nei prossimi giorni. In realt\u00e0 la Photokina \u00e8 ancora aperta quindi le novit\u00e0 sono quasi in diretta.<br \/>\nL&#8217;edizione di quest&#8217;anno era particolarmente interessante per le numerose novit\u00e0 proposte ed \u00e8 stata caratterizzata da una numerosissima affluenza di pubblico, molto competente ed interessato. Le novit\u00e0 principali hanno riguardato due settori principali, le fotocamere fullframe con la presentazione di ben tre reflex, Canon 6D, Nikon D600 e Sony A99, di una telemetro, Leica M e addirittura di una compatta, Sony RX1. L&#8217;altro settore che ha visto notevole sviluppo \u00e8 stato quello delle mirrorless con Canon EOS-M, Fujifilm X-E1, Olympue PEN E-PL5 ed E-PM2 e Sony NEX-6. Numerose per\u00f2 anche le novit\u00e0 tra le compatte, mentre nel settore delle reflex APS c&#8217;erano soltanto le Pentax K5 II e K5 IIs.<!--more--><br \/>\nGi\u00e0 all&#8217;ingresso della fiera si pu\u00f2 vedere quanta fosse la folla in attesa dell&#8217;apertura dei cancelli.<\/p>\n<p><img loading=\"lazy\" decoding=\"async\" class=\"alignnone size-large wp-image-13710\" title=\"Photokina_02\" src=\"http:\/\/blog.francescophoto.it\/wp-content\/uploads\/2012\/09\/photokina_021.jpg?w=500\" alt=\"\" width=\"500\" height=\"375\" \/><br \/>\nLa galleria principale \u00e8 stata pavimentata di piastrelle con piccole foto a sottolineare la caratterizzazione della mostra, sulle quali si poteva tranquillamente camminare.<\/p>\n<p><img loading=\"lazy\" decoding=\"async\" class=\"alignnone size-large wp-image-13711\" title=\"Photokina_03\" src=\"http:\/\/blog.francescophoto.it\/wp-content\/uploads\/2012\/09\/photokina_031.jpg?w=500\" alt=\"\" width=\"500\" height=\"331\" \/><\/p>\n<p><img loading=\"lazy\" decoding=\"async\" class=\"alignnone size-large wp-image-13712\" title=\"Photokina_04\" src=\"http:\/\/blog.francescophoto.it\/wp-content\/uploads\/2012\/09\/photokina_04.jpg?w=500\" alt=\"\" width=\"500\" height=\"331\" \/><br \/>\nLa stessa pavimentazione \u00e8 stata usata nella piazza principale di Colonia, fra la stazione centrale e la cattedrale.<\/p>\n<p>Appena entrati il primo stand ad apparire alla vista era quello, gigantesco, di <strong>Canon<\/strong>.<\/p>\n<p><img loading=\"lazy\" decoding=\"async\" class=\"alignnone size-large wp-image-13713\" title=\"Photokina_05\" src=\"http:\/\/blog.francescophoto.it\/wp-content\/uploads\/2012\/09\/photokina_05.jpg?w=500\" alt=\"\" width=\"500\" height=\"331\" \/><\/p>\n<p>Sullo sfondo nello stesso padiglione si intravede anche quello <strong>Panasonic<\/strong>, che mi sono dimenticato di fotografre (chiedo perdono!), un po&#8217; meno affollato.<br \/>\nLa coda davanti al bancone dove era esposta la nuova reflex fullframe <strong>6D<\/strong> era impressionante.<\/p>\n<p><img loading=\"lazy\" decoding=\"async\" class=\"alignnone size-large wp-image-13714\" title=\"Photokina_06\" src=\"http:\/\/blog.francescophoto.it\/wp-content\/uploads\/2012\/09\/photokina_06.jpg?w=500\" alt=\"\" width=\"500\" height=\"331\" \/><\/p>\n<p>Sono riuscito a fotografare la <strong>6D<\/strong> e a \u00a0maneggiarla, ma non era possibile, per questa come per le altre novit\u00e0 Canon, scattare foto con la propria scheda per portarle via. Sono ancora protototipi o modelli di preserie. La 6D mi ha fatto una buona impressione: \u00e8 pi\u00f9 leggera e compatta della 5D III ed anche della 7D pur mantenendo il corpo in lega di magnesio sigillato contro polvere ed acqua. Il sensore CMOS ha 20 Mpx. Peccato non abbia il flash incorporato e non mi convince il sistema autofocus con solo 11 punti AF, meno di quelli della 7D e di poco superiore alla 60D (9). Canon evidentemente ha pensato di non penalizzare troppo le vendite della 5D III che ha un sensore di poco superiore, 22 contro 20 Mpx, una velocit\u00e0 di raffica poco maggiore. Interessanti la connettivit\u00e0 Wi-Fi ed il GPS integrati.<\/p>\n<p><img loading=\"lazy\" decoding=\"async\" class=\"alignnone size-large wp-image-13715\" title=\"Canon_EOS-6D_01\" src=\"http:\/\/blog.francescophoto.it\/wp-content\/uploads\/2012\/09\/canon_eos-6d_01.jpg?w=500\" alt=\"\" width=\"500\" height=\"331\" \/><\/p>\n<p><img loading=\"lazy\" decoding=\"async\" class=\"alignnone size-large wp-image-13716\" title=\"Canon_EOS-6D_02\" src=\"http:\/\/blog.francescophoto.it\/wp-content\/uploads\/2012\/09\/canon_eos-6d_02.jpg?w=500\" alt=\"\" width=\"500\" height=\"331\" \/><\/p>\n<p>Altra grande novit\u00e0 per Canon \u00e8 la <strong>EOS-M<\/strong>, molto piccola e compatta, specialmente con il &#8220;pancacke&#8221; da 22 mm, un po meno con il 18-55. Anche con questa non era possibile scattare con la propria scheda.<\/p>\n<p><img loading=\"lazy\" decoding=\"async\" class=\"alignnone size-large wp-image-13717\" title=\"Canon_EOS-M_01\" src=\"http:\/\/blog.francescophoto.it\/wp-content\/uploads\/2012\/09\/canon_eos-m_01.jpg?w=500\" alt=\"\" width=\"500\" height=\"300\" \/><\/p>\n<p><img loading=\"lazy\" decoding=\"async\" class=\"alignnone size-large wp-image-13718\" title=\"Canon_EOS-M_02\" src=\"http:\/\/blog.francescophoto.it\/wp-content\/uploads\/2012\/09\/canon_eos-m_02.jpg?w=500\" alt=\"\" width=\"500\" height=\"375\" \/><\/p>\n<p>Le altre novit\u00e0, ugualmente di preserie e che era possibile solo provare solo in loco, erano la <strong>G15<\/strong>, evoluzione della precedente G12, con nuovo sensore CMOS da 12 Mpx e zoom sempre 5x 28-140 mm equivalente, ma con luminosit\u00e0 f\/1,8-2,8 (ottimo),<\/p>\n<p><img loading=\"lazy\" decoding=\"async\" class=\"alignnone size-large wp-image-13719\" title=\"Canon_PowerShot-G15_01\" src=\"http:\/\/blog.francescophoto.it\/wp-content\/uploads\/2012\/09\/canon_powershot-g15_01.jpg?w=500\" alt=\"\" width=\"500\" height=\"300\" \/><\/p>\n<p>la incredibile ed assurda <strong>SX50HS<\/strong> con uno zoom 50x, equivalente ad un 24-1200 f\/3,4-6,5 sempre su piccolo sensore da 1\/2,3&#8243;. Forse era meglio aumentare la luminosit\u00e0 dello zoom o la grandezza del sensore, ma evidentemente il marketing Canon pensa che sia meglio far concorrenza ai fabbricanti di telescopi.<\/p>\n<p><img loading=\"lazy\" decoding=\"async\" class=\"alignnone size-large wp-image-13720\" title=\"Canon_PowerShot-SX50HS_01\" src=\"http:\/\/blog.francescophoto.it\/wp-content\/uploads\/2012\/09\/canon_powershot-sx50hs_01.jpg?w=500\" alt=\"\" width=\"500\" height=\"300\" \/><\/p>\n<p>Infine la <strong>S110<\/strong>, riedizione della S100, con in pi\u00f9 la connettivit\u00e0 Wi-Fi.<\/p>\n<p><img loading=\"lazy\" decoding=\"async\" class=\"alignnone size-large wp-image-13721\" title=\"Canon_PowerShot-S11001\" src=\"http:\/\/blog.francescophoto.it\/wp-content\/uploads\/2012\/09\/canon_powershot-s11001.jpg?w=500\" alt=\"\" width=\"500\" height=\"300\" \/><\/p>\n<p>Nello stand <strong>Panasonic<\/strong> la regina era la nuova mirrorless <strong>GH3<\/strong>. E&#8217; un progresso notevole rispetto alla gi\u00e0 ottima GH2 e si propone come la macchina ideale per foto e video. La costruzione \u00e8 estremamente accurata con un corpo in lega di magnesio, sigillato contro polvere ed acqua, come gli obiettivi professionali G X 12-35\/2,8 e 35-100\/2,8. Il nuovo sensore da 16 Mpx insieme al filtro antialias meno restrittivo ed al nuovo Venus Engine quad core migliorano la qualit\u00e0 d&#8217;immagine. Per il video Full HD offre la possibilit\u00e0 di salvare in MOV (H.264) con time code, in MP4 (H.264) e in AVCHD Progressive o no con time code, a 50, 25 e 24 fg\/s. Si possono regolare esposizione, con ivari programmi o manualmente, la messa a fuoco \u00e8 automatica o manuale. Ci sono un ingresso per microfono stereo, un&#8217;uscita per cuffia e una mini HDMI per il controllo del video su un monitor esterno. C&#8217;\u00e8 anche un sistema di raffreddamento del sensore per riprese di lunga durata. \u00a0Disone anche della connettivit\u00e0 Wi-Fi. La macchina ha un aspetto veramente professionale, anche se \u00e8 cresciuta come dimensioni del corpo ed ormai \u00e8 simile ad una reflex APS, ance se un po pi\u00f9 leggera, specialmente per gli obiettivi.<\/p>\n<p><img loading=\"lazy\" decoding=\"async\" class=\"alignnone size-large wp-image-13722\" title=\"Panasonic_DSC-GH3_01\" src=\"http:\/\/blog.francescophoto.it\/wp-content\/uploads\/2012\/09\/panasonic_dsc-gh3_01.jpg?w=500\" alt=\"\" width=\"500\" height=\"331\" \/><\/p>\n<p><img loading=\"lazy\" decoding=\"async\" class=\"alignnone size-large wp-image-13723\" title=\"Panasonic_DSC-GH3_02\" src=\"http:\/\/blog.francescophoto.it\/wp-content\/uploads\/2012\/09\/panasonic_dsc-gh3_02.jpg?w=500\" alt=\"\" width=\"500\" height=\"331\" \/><\/p>\n<p>Le altre novit\u00e0 sono la <strong>FZ200<\/strong> con lo zoom 25x 24-600 equivalente a luminosit\u00e0 costante f\/2,8<\/p>\n<p><img loading=\"lazy\" decoding=\"async\" class=\"alignnone size-large wp-image-13724\" title=\"Panasonic_DMC-FZ200_01\" src=\"http:\/\/blog.francescophoto.it\/wp-content\/uploads\/2012\/09\/panasonic_dmc-fz200_01.jpg?w=500\" alt=\"\" width=\"500\" height=\"300\" \/><\/p>\n<p><img loading=\"lazy\" decoding=\"async\" class=\"alignnone size-large wp-image-13725\" title=\"Panasonic_DMC-FZ200_02\" src=\"http:\/\/blog.francescophoto.it\/wp-content\/uploads\/2012\/09\/panasonic_dmc-fz200_02.jpg?w=500\" alt=\"\" width=\"500\" height=\"331\" \/><\/p>\n<p>e la <strong>LX-7<\/strong> con l&#8217;eccellente obiettivo Leica Summilux 24-90 equivalente f\/1,4-2,3.<\/p>\n<p><img loading=\"lazy\" decoding=\"async\" class=\"alignnone size-large wp-image-13726\" title=\"Panasonic_DSC-LX-7_01\" src=\"http:\/\/blog.francescophoto.it\/wp-content\/uploads\/2012\/09\/panasonic_dsc-lx-7_01.jpg?w=500\" alt=\"\" width=\"500\" height=\"300\" \/><\/p>\n<p>Passando al padiglione successivo si trovano gli stand di <strong>Nikon<\/strong> e <strong>Olympus<\/strong>.<\/p>\n<p><img loading=\"lazy\" decoding=\"async\" class=\"alignnone size-large wp-image-13727\" title=\"Photokina_07\" src=\"http:\/\/blog.francescophoto.it\/wp-content\/uploads\/2012\/09\/photokina_07.jpg?w=500\" alt=\"\" width=\"500\" height=\"331\" \/><\/p>\n<p>In quello <strong>Nikon<\/strong>, ugualmente affollato, la novit\u00e0 principale, dietro un bancone con una numerosissima coda, era la reflex fullframe <strong>D600<\/strong>.<\/p>\n<p><img loading=\"lazy\" decoding=\"async\" class=\"alignnone size-large wp-image-13728\" title=\"Photokina_08\" src=\"http:\/\/blog.francescophoto.it\/wp-content\/uploads\/2012\/09\/photokina_08.jpg?w=500\" alt=\"\" width=\"500\" height=\"331\" \/><\/p>\n<p>A differenza di altri marchi tutte le novit\u00e0 Nikon erano di produzione ed era possibile scattare foto da portare via con le proprie schede. La <strong>D600<\/strong> \u00e8 esteticamente uguale alla D7000, esposta a suo fianco e quasi del tutto trascurata (sic!), solo appena pi\u00f9 larga. L&#8217;unica differenza \u00e8 il pentaprisma, un po&#8217; pi\u00f9 rilevato, il blocco della ghiera delle modalit\u00e0 (ottimo, a me sulla D7000 spesso inavvertitamente si sposta) e la disposizione di qualche comando. Lo schermo \u00e8 leggermente pi\u00f9 grande, come la D800, con la stessa risoluzione. Il corpo \u00e8 ben costruito in buona parte in lega di magnesio e propone la stessa sigillatura contro polvere ed acqua della D7000. Il sensore CMOS ha 24 Mpx, ben lontano dalla D800, ma comunque pari o superiore a tutte le altre fullframe sul mercato. Ho potuto scattare numerose foto, verificando che l&#8217;uso e i comandi non sono diversi dalla D7000 e il funzionamento dell&#8217;autofocus a 39 punti AF, 12 di meno della D800, ma ugualmente efficace. Ho scattato alcune delle foto anche con la D7000 e quanto prima ne pubblicher\u00f2 un confronto.<\/p>\n<p><img loading=\"lazy\" decoding=\"async\" class=\"alignnone size-large wp-image-13729\" title=\"Nikon_D600_01\" src=\"http:\/\/blog.francescophoto.it\/wp-content\/uploads\/2012\/09\/nikon_d600_01.jpg?w=500\" alt=\"\" width=\"500\" height=\"300\" \/><\/p>\n<p><img loading=\"lazy\" decoding=\"async\" class=\"alignnone size-large wp-image-13730\" title=\"Nikon_D600_02\" src=\"http:\/\/blog.francescophoto.it\/wp-content\/uploads\/2012\/09\/nikon_d600_02.jpg?w=500\" alt=\"\" width=\"500\" height=\"331\" \/><\/p>\n<p><img loading=\"lazy\" decoding=\"async\" class=\"alignnone size-large wp-image-13731\" title=\"Nikon_D600_03\" src=\"http:\/\/blog.francescophoto.it\/wp-content\/uploads\/2012\/09\/nikon_d600_03.jpg?w=500\" alt=\"\" width=\"500\" height=\"331\" \/><\/p>\n<p>Le altre novit\u00e0 erano la P7700 e la S01. La <strong>P7700<\/strong> \u00e8 l&#8217;evoluzione della precedente P7100 con un nuovo sensore CMOS da 12 Mpx, un obiettivo sempre 7,1x 28-200 equivalente, ma con luminosit\u00e0 f\/2,0-4,0 e uno schermo completamente orientabile. Perde il mirino, in realt\u00e0 poco utile visto il tipo galileiano, ma in qualche occasione poteva servire.<\/p>\n<p><img loading=\"lazy\" decoding=\"async\" class=\"alignnone size-large wp-image-13732\" title=\"Nikon_Coolpix-P7700_01\" src=\"http:\/\/blog.francescophoto.it\/wp-content\/uploads\/2012\/09\/nikon_coolpix-p7700_01.jpg?w=500\" alt=\"\" width=\"500\" height=\"331\" \/><\/p>\n<p>La <strong>S01<\/strong> \u00e8 invece veramente impressionante per le piccole dimensioni 77x52x17 mm e il peso 96 grammi. E&#8217; veramente tascabile!. Ha un CCD da 10 Mpx ed uno zoom 3x 29-87 mm, ma in queste dimensioni non si pu\u00f2 pretendere di pi\u00f9.<\/p>\n<p><img loading=\"lazy\" decoding=\"async\" class=\"alignnone size-large wp-image-13733\" title=\"Nikon_Coolpix_S01_01\" src=\"http:\/\/blog.francescophoto.it\/wp-content\/uploads\/2012\/09\/nikon_coolpix_s01_01.jpg?w=500\" alt=\"\" width=\"500\" height=\"300\" \/><\/p>\n<p>Per la Serie 1 era presente la <strong>J2<\/strong> con il nuovo zoom 11-27,5 (30-75 equivalente. Interessante anche il nuovo &#8220;pancacke&#8221; <strong>18,5 mm f\/1,8<\/strong> equivalente ad un 50 mm.<\/p>\n<p><img loading=\"lazy\" decoding=\"async\" class=\"alignnone size-large wp-image-13734\" title=\"Nikon_J2_01\" src=\"http:\/\/blog.francescophoto.it\/wp-content\/uploads\/2012\/09\/nikon_j2_01.jpg?w=500\" alt=\"\" width=\"500\" height=\"300\" \/><\/p>\n<p><img loading=\"lazy\" decoding=\"async\" class=\"alignnone size-large wp-image-13735\" title=\"Nikon_V1_01\" src=\"http:\/\/blog.francescophoto.it\/wp-content\/uploads\/2012\/09\/nikon_v1_01.jpg?w=500\" alt=\"\" width=\"500\" height=\"331\" \/><\/p>\n<p>Infine nello stand accanto a D3100, D3200 e D5100 era esposta ancora la D90, che evidentemente \u00e8 ancora in produzione nonstante molte fonti, anche autorevoli, la dessero per finita.<\/p>\n<p>Accanto a Nikon c&#8217;era lo satnd di <strong>Olympus<\/strong>.<\/p>\n<p><img loading=\"lazy\" decoding=\"async\" class=\"alignnone size-large wp-image-13736\" title=\"Photokina_10\" src=\"http:\/\/blog.francescophoto.it\/wp-content\/uploads\/2012\/09\/photokina_10.jpg?w=500\" alt=\"\" width=\"500\" height=\"331\" \/><\/p>\n<p>Anche qui novit\u00e0 interessanti con l&#8217;evoluzione della serie di mirrorless PEN, con due nuovi modelli, la <strong>PEN Lite E-PL5<\/strong> e la <strong>PEN Mini E-PM2<\/strong>. Entrambi i modelli hanno un sensore Micro 4\/3 CMOS da 16 Mpx, un elaboratore d\u2019immagine TruePic VI in precedenza usato solo sulla OM-D E-PM5. Entrambe hanno uno schermo da 3? e 460.000 pixel del tipo sensibile al tocco, con la possibilit\u00e0 di mettere a fuoco e scattare toccando lo shermo. Tutte e due possono scattare a raffica fino a 8 fg\/s. La E-PL5 offre in pi\u00f9 una ghiera per l\u2019impostazione dei modi di funzionamento, lo schermo orientabile e un\u2019impugnatura frontale simile alla E-P3.<\/p>\n<p><img loading=\"lazy\" decoding=\"async\" class=\"alignnone size-large wp-image-13737\" title=\"Olympus_PEN_E-PL5_01\" src=\"http:\/\/blog.francescophoto.it\/wp-content\/uploads\/2012\/09\/olympus_pen_e-pl5_01.jpg?w=500\" alt=\"\" width=\"500\" height=\"300\" \/><\/p>\n<p><img loading=\"lazy\" decoding=\"async\" class=\"alignnone size-large wp-image-13738\" title=\"Olympus_PEN_E-PM2_01\" src=\"http:\/\/blog.francescophoto.it\/wp-content\/uploads\/2012\/09\/olympus_pen_e-pm2_01.jpg?w=500\" alt=\"\" width=\"500\" height=\"331\" \/><\/p>\n<p>Grande affollamento anche davanti al banco della <strong>OM-D E-M5<\/strong> che, pur non essendo pi\u00f9 una novit\u00e0, suscita ancora grande interesse.<\/p>\n<p><img loading=\"lazy\" decoding=\"async\" class=\"alignnone size-large wp-image-13739\" title=\"Photokina_11\" src=\"http:\/\/blog.francescophoto.it\/wp-content\/uploads\/2012\/09\/photokina_11.jpg?w=500\" alt=\"\" width=\"500\" height=\"375\" \/><\/p>\n<p><img loading=\"lazy\" decoding=\"async\" class=\"alignnone size-large wp-image-13740\" title=\"Olympus_OM-D_E-M5_01\" src=\"http:\/\/blog.francescophoto.it\/wp-content\/uploads\/2012\/09\/olympus_om-d_e-m5_01.jpg?w=500\" alt=\"\" width=\"500\" height=\"300\" \/><\/p>\n<p>Infine era possibile vedere, ma non scattare foto da portare via, la nuova compatta &#8220;premium&#8221; <strong>XZ-2<\/strong>. con sensore da 1\/1,7&#8243; CMOS retroilluminato e 12 Mpx, con schermo touchscreen. La XZ-2 ha lo stesso zoom 28-112 equivalente f\/1,8-2,5 della XZ-1, ed acquiste nuove funzioni e caratteristiche tra cui un\u2019impugnatura avvitabile, lo schermo orientabile e sensibile al tocco, e due ghiere di controllo attorno all\u2019obiettivo. Una controlla il diaframma o la compensazione dell\u2019esposizione, l\u2019altra lo zoom o la messa a fuoco manuale.<\/p>\n<p><img loading=\"lazy\" decoding=\"async\" class=\"alignnone size-large wp-image-13741\" title=\"Olympus_XZ-2_01\" src=\"http:\/\/blog.francescophoto.it\/wp-content\/uploads\/2012\/09\/olympus_xz-2_01.jpg?w=500\" alt=\"\" width=\"500\" height=\"300\" \/><br \/>\nAndando avanti il padiglione successivo era dominato dal grande stand della <strong>Fujifilm<\/strong>.<\/p>\n<p><img loading=\"lazy\" decoding=\"async\" class=\"alignnone size-large wp-image-13743\" title=\"Photokina_12\" src=\"http:\/\/blog.francescophoto.it\/wp-content\/uploads\/2012\/09\/photokina_121.jpg?w=500\" alt=\"\" width=\"500\" height=\"331\" \/><\/p>\n<p><img loading=\"lazy\" decoding=\"async\" class=\"alignnone size-large wp-image-13744\" title=\"Photokina_13\" src=\"http:\/\/blog.francescophoto.it\/wp-content\/uploads\/2012\/09\/photokina_13.jpg?w=500\" alt=\"\" width=\"500\" height=\"331\" \/><\/p>\n<p>Qui c&#8217;erano due novit\u00e0 veramente interessanti. La prima \u00e8 la mirrorless <strong>X-E1<\/strong>. E&#8217; un&#8217;evoluzione della X Pro-1 che rinuncia al mirino ibrido, ottico ed elettronico, ma ha una maggiore compattezza ed un prezzo ridotto. Il sensore di formato APS X-Trans CMOS da 16 Mpx, privo di filtro antialias, e l&#8217;elabortore d&#8217;immagine sono per\u00f2 gli stessi e quindi la qualit\u00e0 d&#8217;immagine non cambia. Il mirino elettronico OLED da 2,36 Mpx \u00e8 eccellente. Il corpo, in lega di magnesio, ha una linea pulita e compatta anche se non \u00e8 piccolissimo. Oltre agli obiettivi gi\u00e0 in produzione sono stati presentati due nuovi obiettivi, un grandangolo 14 mm F\/2,8 equivalente ad un 21 mm, ed uno zoom 18-55 f\/2,8-4,0, equivalente ad un 27-83 mm, stablilizzato e abbastanza compatto nonostante la luminosit\u00e0 pi\u00f9 alta della media di questi obiettivi. Su tutti gli obiettivi \u00e8 possibile regolare manualmete la messa a fuoco ed il diaframma, mentre sul corpo \u00e8 disponibile la ghiera dei tempi (veramente ottimo!).<\/p>\n<p><img loading=\"lazy\" decoding=\"async\" class=\"alignnone size-large wp-image-13746\" title=\"Fujifilm_X-E1_01\" src=\"http:\/\/blog.francescophoto.it\/wp-content\/uploads\/2012\/09\/fujifilm_x-e1_01.jpg?w=500\" alt=\"\" width=\"500\" height=\"300\" \/><\/p>\n<p><img loading=\"lazy\" decoding=\"async\" class=\"alignnone size-large wp-image-13747\" title=\"Fujifilm_X-E1_02\" src=\"http:\/\/blog.francescophoto.it\/wp-content\/uploads\/2012\/09\/fujifilm_x-e1_02.jpg?w=500\" alt=\"\" width=\"500\" height=\"300\" \/><\/p>\n<p><img loading=\"lazy\" decoding=\"async\" class=\"alignnone size-large wp-image-13748\" title=\"Fujifilm_X-E1_03\" src=\"http:\/\/blog.francescophoto.it\/wp-content\/uploads\/2012\/09\/fujifilm_x-e1_03.jpg?w=500\" alt=\"\" width=\"500\" height=\"331\" \/><\/p>\n<p>Altra novit\u00e0 non meno interessante \u00e8 la<strong> XF1<\/strong>. E&#8217; una compatta con sensore da 2\/2&#8243; CMOS EXR da 12 Mpx, come la X-10 e la X-S1, senza mirino. Il corpo \u00e8 per\u00f2 molto piatto e sottile. L&#8217;obiettivo zoom 4x 25-100 mm equivalente, con luminosit\u00e0 f\/1,8\/4,9 ha lo zoom a comando manuale ed in posizione di trasporto rientra completamente nel corpo rendendo la fotocamera facilmente trasportabile in una tasca o borsetta. Veramente notevole. La costruzione in lega metallica e la finitura in finta pelle in tre colori, nero, rosso e marrone, le donano anche una notevole eleganza che si aggiunge alla validit\u00e0 tecnica.<\/p>\n<p><img loading=\"lazy\" decoding=\"async\" class=\"alignnone size-large wp-image-13749\" title=\"Fujifilm_XF1_01\" src=\"http:\/\/blog.francescophoto.it\/wp-content\/uploads\/2012\/09\/fujifilm_xf1_01.jpg?w=264\" alt=\"\" width=\"264\" height=\"400\" \/><img loading=\"lazy\" decoding=\"async\" class=\"alignnone size-large wp-image-13750\" title=\"Fujifilm_XF1_02\" src=\"http:\/\/blog.francescophoto.it\/wp-content\/uploads\/2012\/09\/fujifilm_xf1_02.jpg?w=500\" alt=\"\" width=\"500\" height=\"300\" \/><\/p>\n<p><img loading=\"lazy\" decoding=\"async\" class=\"alignnone size-large wp-image-13751\" title=\"Fujifilm_XF1_03\" src=\"http:\/\/blog.francescophoto.it\/wp-content\/uploads\/2012\/09\/fujifilm_xf1_03.jpg?w=500\" alt=\"\" width=\"500\" height=\"331\" \/><\/p>\n<p><img loading=\"lazy\" decoding=\"async\" class=\"alignnone size-large wp-image-13752\" title=\"Fujifilm_XF1_04\" src=\"http:\/\/blog.francescophoto.it\/wp-content\/uploads\/2012\/09\/fujifilm_xf1_04.jpg?w=500\" alt=\"\" width=\"500\" height=\"331\" \/><\/p>\n<p><img loading=\"lazy\" decoding=\"async\" class=\"alignnone size-large wp-image-13753\" title=\"Fujifilm_XF1_05\" src=\"http:\/\/blog.francescophoto.it\/wp-content\/uploads\/2012\/09\/fujifilm_xf1_05.jpg?w=500\" alt=\"\" width=\"500\" height=\"375\" \/><br \/>\nAccanto allo stand Fujifim c&#8217;era quello <strong>Pentax-Ricoh<\/strong>, anche questo con molte interessanti novit\u00e0.<\/p>\n<p><img loading=\"lazy\" decoding=\"async\" class=\"alignnone size-large wp-image-13755\" title=\"Photokina_14\" src=\"http:\/\/blog.francescophoto.it\/wp-content\/uploads\/2012\/09\/photokina_14.jpg?w=500\" alt=\"\" width=\"500\" height=\"331\" \/><\/p>\n<p><img loading=\"lazy\" decoding=\"async\" class=\"alignnone size-large wp-image-13756\" title=\"Photokina_15\" src=\"http:\/\/blog.francescophoto.it\/wp-content\/uploads\/2012\/09\/photokina_15.jpg?w=500\" alt=\"\" width=\"500\" height=\"331\" \/><\/p>\n<p>Qui le novit\u00e0, piuttosto interessanti erano le due nuove reflex APS <strong>K5 II<\/strong> e <strong>K5 IIs<\/strong>. Sono un&#8217;evoluzione della precedente K5. La amggiore differenza con la K5 \u00e8 il nuovo sistema autofocus SAFOX X progettato per funzionare in poca luce fino a -3 EV. Il sistema inoltre offre una maggiore accuratezza quando usato con obiettivi di luminosit\u00e0 uguale o maggiore di f\/2,8 ed un sistema di inseguimento dei soggetti in movimento pi\u00f9 efficiente. Le K5 II e K5 IIs inoltre hanno uno schermo senza uno strato d\u2019aria fra il pannello LCD e il vetro protettivo esterno per minimizzare i riflessi interni e migliorare la visibilit\u00e0. La differenza fra le due \u00e8 che la \u201cs\u201d non ha il filtro anti alias per offrire una maggior risoluzione, a rischio per\u00f2 di vedere in determinate condizioni l\u2019effetto moir\u00e8. Naturalmente anche queste erano di preserie e non si potevano portare via le foto. Ho approfittato comunque per fare qualche scatto con la K-30.<\/p>\n<p><img loading=\"lazy\" decoding=\"async\" class=\"alignnone size-large wp-image-13757\" title=\"Pentax_K5 IIs_01\" src=\"http:\/\/blog.francescophoto.it\/wp-content\/uploads\/2012\/09\/pentax_k5-iis_01.jpg?w=500\" alt=\"\" width=\"500\" height=\"300\" \/><\/p>\n<p><img loading=\"lazy\" decoding=\"async\" class=\"alignnone size-large wp-image-13758\" title=\"Pentax_K5 IIs02\" src=\"http:\/\/blog.francescophoto.it\/wp-content\/uploads\/2012\/09\/pentax_k5-iis02.jpg?w=500\" alt=\"\" width=\"500\" height=\"300\" \/><\/p>\n<p>Altra novit\u00e0 era la mirrorless <strong>Q10<\/strong>. Rispetto alla precedente Q \u00e8 stato aggiunto un adattatore che permette l\u2019uso degli obiettivi con innesto Pentax K. La Q10 ha un corpo ridisegnato ed un sensore aggiornato di formato 1\/2,3? CMOS retroilluminato da 12,4 Mpx. I miglioramenti comprendono una maggiore velocit\u00e0 operativa e di autofocus. E\u2019 stato presentato inoltre un nuovo obiettivo zoom 15-45 f\/2,8 equivalente ad un 83-249 mm ad alta luminosit\u00e0, il Pentax 06 Telephoto Zoom. L\u2019adattatore per montare gli obiettivi K consente la messa a fuoco manuale e la regolazione manuale del diaframma. Inoltre incorpora un otturatore meccanico per prevenire<br \/>\ndeformazioni da \u201crolling shutter\u201d alle immagini, un problema che si presentafotografando soggetti in movimento rapido e\/o usando lunghe focali. Anche qui niente scatti da portar via.<\/p>\n<p><img loading=\"lazy\" decoding=\"async\" class=\"alignnone size-large wp-image-13759\" title=\"Pentax_Q10_01\" src=\"http:\/\/blog.francescophoto.it\/wp-content\/uploads\/2012\/09\/pentax_q10_01.jpg?w=500\" alt=\"\" width=\"500\" height=\"300\" \/><\/p>\n<p>Ultima novit\u00e0 Pentax la <strong>X-5<\/strong>\u00a0basata su un sensore da 1\/2,3\u2033 CMOS retroilluminato da 16 Mpx e su un obiettivo zoom 26x 22-580 mm equivalente. La fotocamera dispone di uno schermo da 3\u2033 orientabile e di un mirino elettronico. Pu\u00f2 riprendere video Full HD 1080p ed \u00e8 alimentata da batterie a stilo del tipo AA ricaricabili. Come sopra niente scatti anche con la X-5.<\/p>\n<p><img loading=\"lazy\" decoding=\"async\" class=\"alignnone size-large wp-image-13760\" title=\"Pentax_X-5_01\" src=\"http:\/\/blog.francescophoto.it\/wp-content\/uploads\/2012\/09\/pentax_x-5_01.jpg?w=500\" alt=\"\" width=\"500\" height=\"300\" \/><\/p>\n<p>L&#8217;ultimo padiglione in questo settore della fiera era interamente dedicato a <strong>Leica<\/strong>, l&#8217;unica casa tedesca che ancora produce fotocamere. Oltre alle macchine nello stand si poteva ammirare una grande mostra fotografica con bellissime foto, naturalmente fatte con fotocamere Leica.<\/p>\n<p><img loading=\"lazy\" decoding=\"async\" class=\"alignnone size-large wp-image-13761\" title=\"Photokina_16\" src=\"http:\/\/blog.francescophoto.it\/wp-content\/uploads\/2012\/09\/photokina_16.jpg?w=500\" alt=\"\" width=\"500\" height=\"331\" \/><\/p>\n<p><img loading=\"lazy\" decoding=\"async\" class=\"alignnone size-medium wp-image-13762\" title=\"Photokina_17\" src=\"http:\/\/blog.francescophoto.it\/wp-content\/uploads\/2012\/09\/photokina_17.jpg?w=300\" alt=\"\" width=\"300\" height=\"198\" \/><img loading=\"lazy\" decoding=\"async\" class=\"alignnone size-medium wp-image-13763\" title=\"Photokina_18\" src=\"http:\/\/blog.francescophoto.it\/wp-content\/uploads\/2012\/09\/photokina_18.jpg?w=300\" alt=\"\" width=\"300\" height=\"198\" \/><\/p>\n<p>Le novit\u00e0 presentate dalla casa di Solms erano tante ed in qualche caso rivoluzionarie.<\/p>\n<p>La pi\u00f9 importante e quella che attirava il maggior numero di persone era la <strong>Leica M<\/strong>. E&#8217; una nuova fotocamera fullframe a telemetro, ma non solo, veramente rivoluzionaria per Leica. Il nuovo sensore CMOS da 24 Mpx ha un nuovo sistema di microlenti che concentra maggiormente la luce sui pixel invece di disperderla e rifletterla sui bordi. Inoltre per la prima volta \u00e8 dotata della funzione live view e della possibilit\u00e0 di ripresa video full HD. MA NON \u00e9 FINITa: \u00e8 disponibile anche un mirino elettronico, da innestare nella slitta per flash, con una risoluzione di 1,4 Mpx, che consente di montare grandangoli ed obiettivi zoom senza mirini ottici supplementari. Per la messa a fuoco si pu\u00f2 usare la eccellente funzione di ingrandimento sul mirino e sullo schermo. Inoltre \u00e8 disponibile un adattatore per gli obiettivi Leica R che comprendono numerosi teleobiettivi e zoom. Insomma una rivoluzione per le Leica a telemetro che con la M diventano delle macchine adatte a tutti gli usi. In tempi di crisi mi \u00e8 stato detto \u00e8 necessario rinnovarsi. Naturalmente il corpo \u00e8 robustissimo, protetto da polvere ed acqua. Purtroppo non si potevano riprendere foto da portare via con la M. Anche la sensibilit\u00e0 massima \u00e8 stata incrementata a 6400 Iso grazie all&#8217;elaboratore d&#8217;immagine Maestro. Il prezzo purtroppo rimane Leica, poco meno di 6.000 \u20ac.<\/p>\n<p><img loading=\"lazy\" decoding=\"async\" class=\"alignnone size-large wp-image-13764\" title=\"Leica_M_01\" src=\"http:\/\/blog.francescophoto.it\/wp-content\/uploads\/2012\/09\/leica_m_01.jpg?w=500\" alt=\"\" width=\"500\" height=\"300\" \/><\/p>\n<p><img loading=\"lazy\" decoding=\"async\" class=\"alignnone size-large wp-image-13765\" title=\"Leica_M_02\" src=\"http:\/\/blog.francescophoto.it\/wp-content\/uploads\/2012\/09\/leica_m_02.jpg?w=240\" alt=\"\" width=\"240\" height=\"400\" \/><img loading=\"lazy\" decoding=\"async\" class=\"alignnone size-large wp-image-13766\" title=\"Leica_M_03\" src=\"http:\/\/blog.francescophoto.it\/wp-content\/uploads\/2012\/09\/leica_m_03.jpg?w=500\" alt=\"\" width=\"500\" height=\"300\" \/><br \/>\nLa <strong>M-E<\/strong> \u00e8 invece una versione essenziale della precedente M9, di cui mantiene il sensore e le funzioni in un corpo con livrea grigio scuro. Completa la linea M la M Monochrom che ottimizza la resa del sensore per la foto in bianco e nero.<\/p>\n<p><img loading=\"lazy\" decoding=\"async\" class=\"alignnone size-large wp-image-13768\" title=\"Leica_M-E_01\" src=\"http:\/\/blog.francescophoto.it\/wp-content\/uploads\/2012\/09\/leica_m-e_01.jpg?w=500\" alt=\"\" width=\"500\" height=\"300\" \/><\/p>\n<p>Passo poi ad un&#8217;altra novit\u00e0, la <strong>X2<\/strong>, presentata anche in un&#8217;edizione speciale Paul Smith in arancione nero e verde. E&#8217; l&#8217;unica compatta costruita in Germania. Ha corpo in metallo, un sensore APS CMOS da 16 Mpx, obiettivo a focale fissa 24 mm f\/2,8 equivalente ad un 36 mm e regolazioni tramite ghiere di tempi e diaframmi. Pu\u00f2 montare un mirino elettronico supplementare da 1,4 Mpx oppure un mirino ottico. Il prezzo \u00e8 da Leica, 1.700 \u20ac.<\/p>\n<p><img loading=\"lazy\" decoding=\"async\" class=\"alignnone size-large wp-image-13769\" title=\"Leica_X2_01\" src=\"http:\/\/blog.francescophoto.it\/wp-content\/uploads\/2012\/09\/leica_x2_01.jpg?w=500\" alt=\"\" width=\"500\" height=\"300\" \/><\/p>\n<p><img loading=\"lazy\" decoding=\"async\" class=\"alignnone size-large wp-image-13770\" title=\"Leica_X2_02\" src=\"http:\/\/blog.francescophoto.it\/wp-content\/uploads\/2012\/09\/leica_x2_02.jpg?w=500\" alt=\"\" width=\"500\" height=\"300\" \/><\/p>\n<p>Anche la medio formato <strong>S2<\/strong> \u00e8 stata rinnovata ed ora si chiama semplicemente S. E&#8217; una reflex di forma tradizionale, di ingombro e peso non maggiori di una fullframe professionale, con il crpo ovviamente protetto da polvere ed acqua. Il sensore CCD per\u00f2 ha un formato di 30&#215;45 mm con 37,5 Mpx. L&#8217;otturatore sul piano focale ha tempi da 32 secondi fino a 1\/4000, ma cinque degli otto obiettivi disponibili attualmente offrono un otturatore centrale con tempi fino a 1\/1000 per la sincronizzazione con i flash da studio. Gli obiettivi vanno dal 24 mm (equivalente ad un 19 mm) fino al 180 mm (150 eq) e comprendono anche uno zoom 30-90 mm (24-72 eq). Inoltre con un opportuno adattatore si possono usare gli obiettivi Hasselblad H con piena funzionalit\u00e0 e controllo di autofocus, diaframma ed otturatore centrale fino a 1\/750. Sono disponibili anche adattatori per Hasselblad H, Pentax 67 e Mamiya 645. Il prezzo \u00e8 di circa 20.000 \u20ac, adatto ad una Leica! Anche con questa non \u00e8 stato possibile scattare foto con la propria scheda.<\/p>\n<p><img loading=\"lazy\" decoding=\"async\" class=\"alignnone size-large wp-image-13771\" title=\"Leica_S_01\" src=\"http:\/\/blog.francescophoto.it\/wp-content\/uploads\/2012\/09\/leica_s_01.jpg?w=500\" alt=\"\" width=\"500\" height=\"300\" \/><\/p>\n<p><img loading=\"lazy\" decoding=\"async\" class=\"alignnone size-large wp-image-13772\" title=\"Leica_S_02\" src=\"http:\/\/blog.francescophoto.it\/wp-content\/uploads\/2012\/09\/leica_s_02.jpg?w=500\" alt=\"\" width=\"500\" height=\"331\" \/><\/p>\n<p><img loading=\"lazy\" decoding=\"async\" class=\"alignnone size-large wp-image-13773\" title=\"Leica_S_03\" src=\"http:\/\/blog.francescophoto.it\/wp-content\/uploads\/2012\/09\/leica_s_03.jpg?w=500\" alt=\"\" width=\"500\" height=\"331\" \/><\/p>\n<p>Ultime infine le due novit\u00e0 economiche di Leica, la <strong>D-Lux 6<\/strong> e <strong>V-Lux 4<\/strong>, edizioni riviste da Leica delle Panasonic LX-7 e FZ200, fornite con in dotazione Adobe Lightroom 4.<br \/>\nAttraversando la galleria principale si arrivava infine al padiglione quasi interamente dedicato alla <strong>Sony<\/strong>.<\/p>\n<p><img loading=\"lazy\" decoding=\"async\" class=\"alignnone size-large wp-image-13774\" title=\"Photokina_20\" src=\"http:\/\/blog.francescophoto.it\/wp-content\/uploads\/2012\/09\/photokina_20.jpg?w=500\" alt=\"\" width=\"500\" height=\"331\" \/><\/p>\n<p>Lo stand era dominato da una specie di foresta pluviale, con al centro un palco in cui si esibivano ginnaste e ginnasti al suono di un tamburo.<\/p>\n<p><img loading=\"lazy\" decoding=\"async\" class=\"alignnone size-medium wp-image-13777\" title=\"Photokina_21\" src=\"http:\/\/blog.francescophoto.it\/wp-content\/uploads\/2012\/09\/photokina_211.jpg?w=300\" alt=\"\" width=\"300\" height=\"198\" \/><img loading=\"lazy\" decoding=\"async\" class=\"alignnone size-medium wp-image-13776\" title=\"Photokina_22\" src=\"http:\/\/blog.francescophoto.it\/wp-content\/uploads\/2012\/09\/photokina_22.jpg?w=300\" alt=\"\" width=\"300\" height=\"198\" \/><\/p>\n<p>La fila maggiore era per\u00f2 davanti al banco della <strong>SLT-A99<\/strong>, che \u00e8 stata l&#8217;unica con cui ho potuto scattare foto nonostante si trattasse di una preserie visto che nei dati exif il nome del modello \u00e8 XXX-000. La macchina, a prima vista piuttosto grande, non ha in realt\u00e0 peso e dimensioni maggiori di una Canon 5D III o Nikon D800, semmai il contrario. Il corpo in lega di magnesio, protetto come gli altri da polvere ed acqua, \u00e8 ben costruito e fa un&#8217;ottima impressione. Il mirino OLEd da 2,36 Mpx fa un&#8217;ottima impressione. la macchina infatti ha uno specchio semiriflettente dedicato solo a mandare luce al sistema autofocus a rilevamento di fase. Il sensore fullframe da 24 Mpx ha una circuitazione pi\u00f9 comatta per inviare maggiore luce ai pixel ed il filtro antialias \u00e8 meno restrittivo. Questo insieme al processore Bionz garantisce un&#8217;alta qualit\u00e0 d&#8217;immagine. Il sistema autofocus doppio si avvale di 19 punti AF pi\u00f9 altri 102 direttamente sul sensore per combinare insieme precisione e velocit\u00e0. La ripresa video Full FD consente l&#8217;autofocus continuo, la regolazione manuale ed automatica e l&#8217;output tramite uscita HDMI. E&#8217; integrato anche un ricevitore GPS.<\/p>\n<p><img loading=\"lazy\" decoding=\"async\" class=\"alignnone size-large wp-image-13778\" title=\"Sony_SLT-A99_01\" src=\"http:\/\/blog.francescophoto.it\/wp-content\/uploads\/2012\/09\/sony_slt-a99_01.jpg?w=500\" alt=\"\" width=\"500\" height=\"300\" \/><\/p>\n<p><img loading=\"lazy\" decoding=\"async\" class=\"alignnone size-large wp-image-13779\" title=\"Sony_SLT-A99_02\" src=\"http:\/\/blog.francescophoto.it\/wp-content\/uploads\/2012\/09\/sony_slt-a99_02.jpg?w=500\" alt=\"\" width=\"500\" height=\"331\" \/><\/p>\n<p><img loading=\"lazy\" decoding=\"async\" class=\"alignnone size-large wp-image-13780\" title=\"Sony_SLT-A99_03\" src=\"http:\/\/blog.francescophoto.it\/wp-content\/uploads\/2012\/09\/sony_slt-a99_03.jpg?w=500\" alt=\"\" width=\"500\" height=\"331\" \/><br \/>\nAltra novit\u00e0 rivoluzionaria era la compatta <strong>RX1<\/strong>, la prima fullframe compatta. Era racchiusa sotto un teca in vetro e non era possibile neanche maneggiarla. Ha un sensore fullframe da 24 Mpx ed un obiettivo Zeiss 35 mm f\/2,0.<\/p>\n<p><img loading=\"lazy\" decoding=\"async\" class=\"alignnone size-large wp-image-13781\" title=\"Sony_RX1_01\" src=\"http:\/\/blog.francescophoto.it\/wp-content\/uploads\/2012\/09\/sony_rx1_01.jpg?w=264\" alt=\"\" width=\"264\" height=\"400\" \/><br \/>\nEra invece disponibile per un&#8217;esame, ma non per scattare foto da portare via, l&#8217;altra compatta <strong>RX100<\/strong>, con sensore da 1&#8243; e 20 Mpx, obiettivo Zeiss 28-100 equivalente f\/1,8-4,9 e dimensioni veramente compatte.<\/p>\n<p><img loading=\"lazy\" decoding=\"async\" class=\"alignnone size-large wp-image-13786\" title=\"Sony_RX100_01\" src=\"http:\/\/blog.francescophoto.it\/wp-content\/uploads\/2012\/09\/sony_rx100_01.jpg?w=500\" alt=\"\" width=\"500\" height=\"331\" \/><\/p>\n<p>C&#8217;era poi la nuova mirrorless <strong>NEX-6<\/strong>, con sensore APS CMOS da 16 Mpx e un ottimo mirino OLED con 2,36 Mpx. Era presentata insieme ad un nuovo <strong>zoom 16-50<\/strong> compatto che non sembra pi\u00f9 una lattina di birra attaccata alla macchina. Il corpo si mantiene abbastanza compatto anche se pi\u00f9 grande dei modelli precedenti e dispone di una ghiera esterna per la regolazione dei modi di funzionamento (finalmente!). L&#8217;autofocus \u00e8 ibrido, usando sia il sistema a rilevamento di fase che quello a rilevamento di contrasto per una maggiore precisione e velocit\u00e0.Integra anche la connettivit\u00e0 Wi-Fi. Anche la <strong>NEX-5R<\/strong> \u00e8 da considerare una novit\u00e0 della Photokina, anche se presentata un mese fa. E&#8217; pi\u00f9 compatta della NEX-6, ma ha lo stesso sensore, l&#8217;autofocus ibrido, ma non il mirino elettronico.<\/p>\n<p><img loading=\"lazy\" decoding=\"async\" class=\"alignnone size-large wp-image-13782\" title=\"Sony_NEX-601\" src=\"http:\/\/blog.francescophoto.it\/wp-content\/uploads\/2012\/09\/sony_nex-601.jpg?w=500\" alt=\"\" width=\"500\" height=\"300\" \/><\/p>\n<p><img loading=\"lazy\" decoding=\"async\" class=\"alignnone size-large wp-image-13783\" title=\"Sony_NEX-6_02\" src=\"http:\/\/blog.francescophoto.it\/wp-content\/uploads\/2012\/09\/sony_nex-6_02.jpg?w=500\" alt=\"\" width=\"500\" height=\"331\" \/><\/p>\n<p><img loading=\"lazy\" decoding=\"async\" class=\"alignnone size-large wp-image-13784\" title=\"Sony_NEX-6_03\" src=\"http:\/\/blog.francescophoto.it\/wp-content\/uploads\/2012\/09\/sony_nex-6_03.jpg?w=500\" alt=\"\" width=\"500\" height=\"331\" \/><\/p>\n<p><img loading=\"lazy\" decoding=\"async\" class=\"alignnone size-large wp-image-13785\" title=\"Sony_NEX-5R_01\" src=\"http:\/\/blog.francescophoto.it\/wp-content\/uploads\/2012\/09\/sony_nex-5r_01.jpg?w=500\" alt=\"\" width=\"500\" height=\"300\" \/><\/p>\n<p>Accanto a Sony c&#8217;\u00e8 anche il grande stand di <strong>Samsung<\/strong>.<\/p>\n<p><img loading=\"lazy\" decoding=\"async\" class=\"alignnone size-large wp-image-13787\" title=\"Photokina_23\" src=\"http:\/\/blog.francescophoto.it\/wp-content\/uploads\/2012\/09\/photokina_23.jpg?w=500\" alt=\"\" width=\"500\" height=\"375\" \/><\/p>\n<p>che era incentrato sulla <strong>Galaxy Camera<\/strong>, una compatta (poco) con sistema operativo Android.<\/p>\n<p><img loading=\"lazy\" decoding=\"async\" class=\"alignnone size-large wp-image-13800\" title=\"Samsung_Galaxy-Camera_01\" src=\"http:\/\/blog.francescophoto.it\/wp-content\/uploads\/2012\/09\/samsung_galaxy-camera_01.jpg?w=500\" alt=\"\" width=\"500\" height=\"300\" \/><\/p>\n<p>Cerco a questo punto anche <strong>Hasselblad<\/strong>, dislocata in uno dei padiglioni inferiori.<\/p>\n<p><img loading=\"lazy\" decoding=\"async\" class=\"alignnone size-large wp-image-13789\" title=\"Photokina_24\" src=\"http:\/\/blog.francescophoto.it\/wp-content\/uploads\/2012\/09\/photokina_24.jpg?w=500\" alt=\"\" width=\"500\" height=\"375\" \/><\/p>\n<p>Hasselblad presentava la <strong>H5D<\/strong>, chs sostituisce la precedente H4D integrandosi nel sistema modulare H di Hasselblad. Ha sesnori da 33&#215;44 mm e 40 Mpx, 37&#215;50 mm e 50 Mpx e 40&#215;54 mm e 60 Mpx. Dispone di autofocus e di obiettivi da 24 a 300 mm con otturatore centrale, compresi due zoo. Anche questa era una preserie e non era possibile scattare foto sulla propia scheda. Il ridicolo per\u00f2 \u00e8 stato raggiunto da un addetto Hasselblad che mi ha negato questa possibilit\u00e0 sulla H4D con la quale avevo scattato foto alla precedente Photokina!<\/p>\n<p>Infine vado in cerca dei produttori di obiettivi che in un primo momento ho trascurato.<br \/>\n<strong>Sigma<\/strong> che \u00e8 anche un produttore di fotocamere con sensore Foveon, l&#8217;unico con tre strati sensibili ciascuno ad un colore, ha uno stand piuttosto grande accanto a Fujifilm.<br \/>\nFra le fotocamere le pi\u00f9 interessanti sono la reflex S1 Merril e le compatte DP1 e DP2 Merril.<\/p>\n<p><img loading=\"lazy\" decoding=\"async\" class=\"alignnone size-large wp-image-13790\" title=\"Photokina_25\" src=\"http:\/\/blog.francescophoto.it\/wp-content\/uploads\/2012\/09\/photokina_25.jpg?w=500\" alt=\"\" width=\"500\" height=\"331\" \/><br \/>\nLa <strong>\u00a0S1 Merrill<\/strong>\u00a0\u00e8 una reflex abbastanza massiccia e molto ben costruita con un sensore Foveon da 15 Mpx. In realt\u00e0 i pixel sono 15 Mpx X 3 perch\u00e8 il sensore ha tre strati sensibili rispettivamente al blu, verde e rosso. Non c&#8217;\u00e8 filtro antialias e questo, insieme al fatto che non \u00e8 necessaria l&#8217;interpolazione fra i pixel per ricostruire i colori, le conferisce una risoluzione pari almeno ad un sensore da 24 mpx. L&#8217;innesto obiettivi \u00e8 Sigma, il corpo in lega di magnesio \u00e8 protetto da polvere ed acqua, l&#8217;autofocus ha 11 punti AF.<br \/>\nLa <strong>DP2 Merril<\/strong> \u00e8 invece una compatta APS con obiettivo fisso 30 mm F72,8 equivalente ad un 45 mm. Ha anche questa un sensore Foveon da 15 Mpx X tre con gli stessi vantaggi della SD1.<\/p>\n<p>Le novit\u00e0 fra gli obiettivi sono un <strong>17-70mm f\/2.8-4 DC OS Macro<\/strong> stabilizzato per reflex APS, un<strong> 35mm f\/1.4 DG HSM<\/strong> per reflex fullframe con motore ad ultrasuoni e un <strong>120-300mm f\/2.8 DG OS HSM<\/strong> sempre per fullframe stabilizzato e con motore ad ultrasuoni.<\/p>\n<p><strong>Tamron<\/strong>, che ha uno stand con abbinato un set di posa (ma dove non si pu\u00f2 andare se si prova un loro obiettivo) presenta come novit\u00e0 tre obiettivi per fullframe: un <strong>90 mm f\/2,8 Macro VC USD<\/strong>, stabilizzato e con motore ad ultrasuoni, un <strong>24-70 mm f\/2,8 VC USD<\/strong> stabilizzato e con motore ad ultrasuoni e un<strong> 70-200 mm f72,8 VC USD<\/strong> anche questo stabilizzato e con motore ad ultrasuoni.<\/p>\n<p><img loading=\"lazy\" decoding=\"async\" class=\"alignnone size-large wp-image-13791\" title=\"Photokina_26\" src=\"http:\/\/blog.francescophoto.it\/wp-content\/uploads\/2012\/09\/photokina_26.jpg?w=500\" alt=\"\" width=\"500\" height=\"331\" \/><img loading=\"lazy\" decoding=\"async\" class=\"alignnone size-large wp-image-13792\" title=\"Photokina_27\" src=\"http:\/\/blog.francescophoto.it\/wp-content\/uploads\/2012\/09\/photokina_27.jpg?w=300\" alt=\"\" width=\"300\" height=\"400\" \/><\/p>\n<p>Infine<strong> Zeiss<\/strong> che presentava un nuovo <strong>50 mm F\/1,4<\/strong> per Canon, Nikon e Sony. Nel suo stand era disponibile un set fotografico di nature morte con a disposizione gli obiettivi del produttore montati su corpi Canon e Nikon fullframe appositamente predisposti con schermi di messa a fuoco per la focheggiatura manuale per poter effettuare, su proprie schede, degli scatti di prova.<\/p>\n<p><img loading=\"lazy\" decoding=\"async\" class=\"alignnone size-large wp-image-13793\" title=\"Photokina_28\" src=\"http:\/\/blog.francescophoto.it\/wp-content\/uploads\/2012\/09\/photokina_28.jpg?w=500\" alt=\"\" width=\"500\" height=\"375\" \/><\/p>\n<p>C&#8217;era anche uno stand <strong>Kodak<\/strong>, ma non mi ci sono soffermato. Ormai Kodak ha perso il treno della fotografia digitale.<\/p>\n<p><img loading=\"lazy\" decoding=\"async\" class=\"alignnone size-large wp-image-13794\" title=\"Photokina_29\" src=\"http:\/\/blog.francescophoto.it\/wp-content\/uploads\/2012\/09\/photokina_29.jpg?w=500\" alt=\"\" width=\"500\" height=\"375\" \/><\/p>\n<p>Ovviamente c&#8217;erano tante altre novit\u00e0, compatte, accessori, ma \u00e8 difficile avere il tempo per vedere tutto nonostante due giorni intensi di visita.<\/p>\n","protected":false},"excerpt":{"rendered":"<p>Dopo due giorni di &#8220;Koelnmesse&#8221; sono di ritorno dalla Photokina. Pensavo di pubblicare le foto delle novit\u00e0 in diretta, ma per la mancanza di tempo durante la visita della fiera e per problemi tecnici con la rete in albergo non ho potuto farlo. Pubblico quindi ora questo articolo per illustrare le principali notit\u00e0 viste, di &hellip; <a href=\"https:\/\/francescophoto.it\/blog\/2012\/09\/22\/cronaca-dalla-photokina\/\" class=\"more-link\">Continua la lettura di <span class=\"screen-reader-text\">Cronaca dalla Photokina<\/span> <span class=\"meta-nav\">&rarr;<\/span><\/a><\/p>\n","protected":false},"author":1,"featured_media":0,"comment_status":"open","ping_status":"open","sticky":false,"template":"","format":"standard","meta":{"_jetpack_memberships_contains_paid_content":false,"footnotes":""},"categories":[11,20,23],"tags":[1004],"class_list":["post-13704","post","type-post","status-publish","format-standard","hentry","category-eventi","category-mercato","category-novita","tag-photokina"],"jetpack_featured_media_url":"","jetpack_sharing_enabled":true,"_links":{"self":[{"href":"https:\/\/francescophoto.it\/blog\/wp-json\/wp\/v2\/posts\/13704","targetHints":{"allow":["GET"]}}],"collection":[{"href":"https:\/\/francescophoto.it\/blog\/wp-json\/wp\/v2\/posts"}],"about":[{"href":"https:\/\/francescophoto.it\/blog\/wp-json\/wp\/v2\/types\/post"}],"author":[{"embeddable":true,"href":"https:\/\/francescophoto.it\/blog\/wp-json\/wp\/v2\/users\/1"}],"replies":[{"embeddable":true,"href":"https:\/\/francescophoto.it\/blog\/wp-json\/wp\/v2\/comments?post=13704"}],"version-history":[{"count":0,"href":"https:\/\/francescophoto.it\/blog\/wp-json\/wp\/v2\/posts\/13704\/revisions"}],"wp:attachment":[{"href":"https:\/\/francescophoto.it\/blog\/wp-json\/wp\/v2\/media?parent=13704"}],"wp:term":[{"taxonomy":"category","embeddable":true,"href":"https:\/\/francescophoto.it\/blog\/wp-json\/wp\/v2\/categories?post=13704"},{"taxonomy":"post_tag","embeddable":true,"href":"https:\/\/francescophoto.it\/blog\/wp-json\/wp\/v2\/tags?post=13704"}],"curies":[{"name":"wp","href":"https:\/\/api.w.org\/{rel}","templated":true}]}}