{"id":13491,"date":"2012-09-03T00:03:55","date_gmt":"2012-09-02T23:03:55","guid":{"rendered":"http:\/\/francescophoto.wordpress.com\/?p=13491"},"modified":"2012-09-03T00:03:55","modified_gmt":"2012-09-02T23:03:55","slug":"sony-nex-5r","status":"publish","type":"post","link":"https:\/\/francescophoto.it\/blog\/2012\/09\/03\/sony-nex-5r\/","title":{"rendered":"Sony NEX-5R"},"content":{"rendered":"<p><img loading=\"lazy\" decoding=\"async\" class=\"alignright size-thumbnail wp-image-13496\" title=\"Intro\" src=\"http:\/\/blog.francescophoto.it\/wp-content\/uploads\/2012\/09\/intro.jpg?w=128\" alt=\"\" width=\"128\" height=\"96\" \/>Sony ha annunciato la scorsa settimana la NEX-5R, l&#8217;ultimo modello della sua serie di mirrorless. la %R ha un sensore di formato APS, CMOS, da 16 Mpx con dei pixel adatti ad abilitare la messa a fuoco a rilevamento d fase. In pi\u00f9 aggiunge, rispetto al precedente modello la 5N, una ghiera di controllo e dei pulsanti di funzione dedicati. In pi\u00f9 ha la possibilit\u00e0 di connessione Wi-Fi e la possibilit\u00e0 di eseguire delle app proprietarie per incrementare le funzioni della fotocamera.<!--more--><\/p>\n<p>Le caratteristiche principali della NEX-5R sono:<\/p>\n<p>&#8211; sensore di nuova progettazione di formato APS, CMOS con 16 Mpx<br \/>\n&#8211; sistema autofocus ibrido con 99 punti AF a rilevamento di fase che lavorano insieme a 25 punti AF a rilevamento di contrasto<br \/>\n&#8211; gli obiettivi richiedono un aggiornamento del firmware per funzionare col sistema ibrido. Il 18-55, il 66-200 e il 18-200 pi\u00f9 lo Zeiss 24 mm sono gi\u00e0 pronti per questo funzionamento<br \/>\n&#8211; innesto obiettivi Sony E<br \/>\n&#8211; gli obiettivi Minolta\/Sony A sono supportati con un anello adattatore<br \/>\n&#8211; schermo da 3&#8243; di tipo touch orientabile di 180\u00b0 in alto e di 50\u00b0 in basso con 921.000 pixel<br \/>\n&#8211; gamma di sensibilit\u00e0 da 100 a 25.600 Iso<br \/>\n&#8211; tempi di scatto da 30 secondi a 1\/4000<br \/>\n&#8211; funzioni automatiche Intelligent e Superior Auto per selezionare le scene<br \/>\n&#8211; connettivit\u00e0 Wi-Fi per spedire le foto a pc, smartphone o social network<br \/>\n&#8211; disponibilit\u00e0 di App per Picture Effect+, Bracket Pro, Multi Frame NR, Photo Retouch, e Smart Remote Control<br \/>\n&#8211; App future includeranno Time Lapse e Cinematic Photo<br \/>\n&#8211; alcune App saranno gratuite, altre a pagamento<br \/>\n&#8211; velocit\u00e0 di raffica di 10 fg\/s con funzione di autofocus tracking<br \/>\n&#8211; non ha un flash incorporato, ma include un piccolo flash esterno<br \/>\n&#8211; ripresa video Full HD a1080\/60p a 1920&#215;1080 pixel con audio stereo e controlli manuali<br \/>\n&#8211; usa schede di memoria SD\/SDHC\/SDXC e Memory Stick Pro Duo<br \/>\n&#8211; batteria agli ioni di litio NPFW50 per 330 scatti<br \/>\n&#8211; accessori opzionali: controllo remoto senza fili, microfono stereo e mirino elettronico<br \/>\n&#8211; disponibile in nero, argento e bianco<br \/>\n&#8211; dimensioni 111x59x39 mm<br \/>\n&#8211; peso 276 grammi<\/p>\n<p>Sar\u00e0 disponibile in ottobre al prezzo, in USA, di 650 $ solo corpo o 750 $ con lo zoom 18-55.<\/p>\n<p><img loading=\"lazy\" decoding=\"async\" class=\"alignnone size-large wp-image-13492\" title=\"NEX-5R_front_BK\" src=\"http:\/\/blog.francescophoto.it\/wp-content\/uploads\/2012\/09\/nex-5r_front_bk.jpg?w=500\" alt=\"\" width=\"500\" height=\"271\" \/><\/p>\n<p><img loading=\"lazy\" decoding=\"async\" class=\"alignnone size-large wp-image-13493\" title=\"NEX-5R_rear_BK\" src=\"http:\/\/blog.francescophoto.it\/wp-content\/uploads\/2012\/09\/nex-5r_rear_bk.jpg?w=500\" alt=\"\" width=\"500\" height=\"272\" \/><\/p>\n<p><img loading=\"lazy\" decoding=\"async\" class=\"alignnone size-large wp-image-13494\" title=\"NEX-5R_top_BK\" src=\"http:\/\/blog.francescophoto.it\/wp-content\/uploads\/2012\/09\/nex-5r_top_bk.jpg?w=500\" alt=\"\" width=\"500\" height=\"178\" \/><\/p>\n<p><img loading=\"lazy\" decoding=\"async\" class=\"alignnone size-large wp-image-13495\" title=\"NEX-5R_wSEL1855_self_1_BK\" src=\"http:\/\/blog.francescophoto.it\/wp-content\/uploads\/2012\/09\/nex-5r_wsel1855_self_1_bk.jpg?w=407\" alt=\"\" width=\"407\" height=\"400\" \/><\/p>\n","protected":false},"excerpt":{"rendered":"<p>Sony ha annunciato la scorsa settimana la NEX-5R, l&#8217;ultimo modello della sua serie di mirrorless. la %R ha un sensore di formato APS, CMOS, da 16 Mpx con dei pixel adatti ad abilitare la messa a fuoco a rilevamento d fase. In pi\u00f9 aggiunge, rispetto al precedente modello la 5N, una ghiera di controllo e &hellip; <a href=\"https:\/\/francescophoto.it\/blog\/2012\/09\/03\/sony-nex-5r\/\" class=\"more-link\">Continua la lettura di <span class=\"screen-reader-text\">Sony NEX-5R<\/span> <span class=\"meta-nav\">&rarr;<\/span><\/a><\/p>\n","protected":false},"author":1,"featured_media":0,"comment_status":"open","ping_status":"open","sticky":false,"template":"","format":"standard","meta":{"_jetpack_memberships_contains_paid_content":false,"footnotes":""},"categories":[12,22,23],"tags":[256,526,884,894,1171],"class_list":["post-13491","post","type-post","status-publish","format-standard","hentry","category-evil","category-mirrorless","category-novita","tag-aps","tag-evil","tag-mirrorless","tag-nex-5r","tag-sony"],"jetpack_featured_media_url":"","jetpack_sharing_enabled":true,"_links":{"self":[{"href":"https:\/\/francescophoto.it\/blog\/wp-json\/wp\/v2\/posts\/13491","targetHints":{"allow":["GET"]}}],"collection":[{"href":"https:\/\/francescophoto.it\/blog\/wp-json\/wp\/v2\/posts"}],"about":[{"href":"https:\/\/francescophoto.it\/blog\/wp-json\/wp\/v2\/types\/post"}],"author":[{"embeddable":true,"href":"https:\/\/francescophoto.it\/blog\/wp-json\/wp\/v2\/users\/1"}],"replies":[{"embeddable":true,"href":"https:\/\/francescophoto.it\/blog\/wp-json\/wp\/v2\/comments?post=13491"}],"version-history":[{"count":0,"href":"https:\/\/francescophoto.it\/blog\/wp-json\/wp\/v2\/posts\/13491\/revisions"}],"wp:attachment":[{"href":"https:\/\/francescophoto.it\/blog\/wp-json\/wp\/v2\/media?parent=13491"}],"wp:term":[{"taxonomy":"category","embeddable":true,"href":"https:\/\/francescophoto.it\/blog\/wp-json\/wp\/v2\/categories?post=13491"},{"taxonomy":"post_tag","embeddable":true,"href":"https:\/\/francescophoto.it\/blog\/wp-json\/wp\/v2\/tags?post=13491"}],"curies":[{"name":"wp","href":"https:\/\/api.w.org\/{rel}","templated":true}]}}