{"id":1344,"date":"2009-04-09T23:55:07","date_gmt":"2009-04-09T22:55:07","guid":{"rendered":"http:\/\/francescophoto.wordpress.com\/?p=1344"},"modified":"2009-04-09T23:55:07","modified_gmt":"2009-04-09T22:55:07","slug":"cosa-ce-dietro-langolo-2a-parte","status":"publish","type":"post","link":"https:\/\/francescophoto.it\/blog\/2009\/04\/09\/cosa-ce-dietro-langolo-2a-parte\/","title":{"rendered":"Cosa c&#8217;\u00e8 dietro l&#8217;angolo (2a parte)"},"content":{"rendered":"<p><a href=\"http:\/\/blog.francescophoto.it\/wp-content\/uploads\/2009\/04\/cosacedietrolangolor.jpg\"><img loading=\"lazy\" decoding=\"async\" class=\"alignright size-medium wp-image-1346\" title=\"cosacedietrolangolor\" src=\"http:\/\/blog.francescophoto.it\/wp-content\/uploads\/2009\/04\/cosacedietrolangolor.jpg?w=242\" alt=\"cosacedietrolangolor\" width=\"141\" height=\"140\" \/><\/a>In questa seconda parte del mio articolo vorrei delineare quale potrebbe essere l&#8217;evoluzione futura delle fotocamere reflex digitali e del nuovo promettente segmento delle Micro 4\/3 e NX (Samsung) con mirino elettronico.<br \/>\nSi tratta delle fotocamere di maggior interesse per i fotoamatori e per i professionisti. In questo caso \u00e8 anche possibile fare qualche accenno alle singole marche e modelli visto che il loro numero \u00e8 molto pi\u00f9 ristretto di quello delle compatte e i ritmi di rinnovamento, per quanto molto pi\u00f9 rapidi di quando la fotografia era su pellicola, non seguono ancora quello forsennato delle compatte che ormai si rinnovano ogni 6 mesi, come i cellulari e i computer.<!--more--><br \/>\nNell&#8217;ultimo anno e mezzo si sono avute in questo segmento di mercato delle novit\u00e0 molto interessanti che possono fare immaginare quali saranno le tendenze per il futuro. Questo e le informazioni e indiscrezioni che si possono trovare in rete fanno capire quale potrebbe essere l&#8217;evoluzione di queste fotocamere nel prossimo futuro e le tendenze a lungo termine.<br \/>\nPe quanto riguarda le reflex si vanno consolidando due tendenze che si riferiscono a due diverse fascie di mercato.<br \/>\nLa prima riguarda le reflex mezzo formato o APS, incluse in una certa misura anche le 4\/3, che ormai sono solo le Olympus. Queste reflex sono arrivate ormai ad un limite difficilmente superabile riguardo al numero di megapixel. Canon si \u00e8 spinta pi\u00f9 avanti di tutti, con oltre 15 Mpx, ma Pentax e Sony sono molto vicine, con 14 e Nikon, ancora ferma a 12, presto arriver\u00e0 a 15. Oltre sar\u00e0 difficile andare, anche se non si pu\u00f2 escludere a priori un ulteriore incremento sui 18 Mpx. Alcuni produttori, come Olympus e Pentax anzi hanno gi\u00e0 dichiarato che non incrementeranno in futuro questo numero.<br \/>\nSi deve considerare anche che recentemente sono apparse sul mercato delle reflex fullframe con un numero di megapixel ampiamente superiore alle APS e con un prezzo, almeno per Canon e Sony, non troppo lontano da quello delle APS di fascia semiprofessionale o professionale. Queste reflex garantiscono, senza ombra di dubbio, una qualit\u00e0 d&#8217;immagine superiore alle APS. A questo punto \u00e8 logico che chi vuole ed ha necessit\u00e0 di pi\u00f9 megapixel si rivolger\u00e0 alle fullframe, che inoltre non hanno ancora raggiunto la densit\u00e0 di pixel delle APS e quindi possono incrementare ancora i loro numeri (il sensore fullframe ha una superficie 2,36 volte maggiore dell&#8217;APS e 2,6 addirittura per Canon , quindi un sensore fullframe con la stessa densit\u00e0 di pixel degli ultimi Canon APS avrebbe 39 megapixel). Fino ad adesso inoltre le reflex fullframe sono state solo quelle professionali al top di gamma, ma gi\u00e0 con la 5d e poi con la 5d II la Canon ha dimostrato l&#8217;intenzione di allargarne il mercato facendone scendere il livello vicino a quello della gamma semipro. Potrebbe essere possibile quindi che uno dei produttori di queste fotocamere (Cano ? Sony ?), o anche uno che fino ad adesso non \u00e8 entrato in questo mercato (Pentax ?), decida di espandere ulteriormente il settore presentando una fullframe con caratteristiche pi\u00f9 semplificate e meno professionali, con un prezzo di conseguenza pi\u00f9 ridotto e simile o quasi a quello delle APS pi\u00f9 evolute.<br \/>\nSe si considera poi che il costo dei corpi macchina \u00e8 solo una parte minoritaria del costo complessivo di un sistema reflex e che la maggior parte della spesa \u00e8 sugli obiettivi (che sono oltretutto un investimento pi\u00f9 duraturo) e che molti obiettivi usati per l&#8217;APS sono gli stessi delle fullframe o hanno costi analoghi, si vede che tutto sommato la differenza fra il costo di un sistema APS e uno fullframe \u00e8 abbastanza ridotta.<br \/>\nLe reflex APS quindi si troveranno con una doppia concorrenza: da una parte le fullframe che interesseranno sempre di pi\u00f9 i professionisti e i fotoamatori evoluti, dall&#8217;altra le nuove Micro 4\/3 e NX che potranno attirare coloro che provengono dalle compatte e dalle superzoom con la loro migliore qualit\u00e0 d&#8217;immagine.<br \/>\nPer far fronte a ci\u00f2 i fabbricanti tradizionali di reflex, Canon e Nikon in primo luogo, inseriranno sempre di pi\u00f9 nei loro modelli di fascia bassa delle funzioni che potrebbero interessare questi potenziali clienti. Infatti Canon ha gi\u00e0 presentato la nuova 500D con la possibilit\u00e0 di riprendere video e la imminente nuov Nikon D5000 (vedi <a href=\"http:\/\/francescophoto.wordpress.com\/2009\/04\/07\/foto-nuova-nikon\/\">mio articolo<\/a>) avr\u00e0, oltre a questa funzione, il display orientabile che servir\u00e0 a facilitare le riprese col live view e quelle video. Sony potrebbe seguire queesta via, mentre Olympus non ha fatto nulla per le sue reflex 4\/3 e potrebbe invece fare qualcosa di simile a Panasonic con la G1 e G1H. Per quanto riguarda Pentax \u00e8 difficile pronunciarsi e molto dipender\u00e0 se proseguir\u00e0 la sua collaborazione con Samsung, o come sembra seguir\u00e0 una strada autonoma.<br \/>\nLe reflex APS si rivolgeranno quindi sempre di pi\u00f9 al mercato di base offrendo funzioni come video, display orientabile, scene preimostate, ecc. per attirare la fascia di clienti proveniente dalle compatte che vuole una migliore qualit\u00e0 di immagine e che altrimenti potrebbe rivolgersi alle Micro 4\/3 o NX. Non credo comunque che i produttori tradizionali di reflex abbandoneranno lo specchio ed il mirino ottico: questa \u00e8 la caratteristica che li contraddistingue dai produttori di elettronica e che garantisce loro un vantaggio sulla concorrenza (molti si trovano a disagio con i mirini elettronici, quello ottico garantisce una visione migliore e pi\u00f9 naturale, specialmente in condizioni critiche) con una penalizzazione minima sulle dimensioni e con dei costi che per adesso sono inferiori a quelli dei mirini elettronici. Non scompariranno poi le APS professionali o semipro in quanto possono essere ancora di interesse per le riprese con i lunghi tele, in virt\u00f9 del fattore moltiplicativo che si applica agli obiettivi, e per la loro maggiore velocit\u00e0 (dovuta ai file pi\u00f9 piccoli) per le riprese sportive. E&#8217; prevista infatti una fotocamera in sostituzione della Nikon D300, che si chiamer\u00e0 D400 o D500 (?), anche Sony sta per lanciare una sostituta della A700, la A800 e si prevede anche la sostituzione della Canon D50 con un nuovo modello (D60 ?!?) con la capacit\u00e0 di riprendere video. Ma il loro spazio di mercato diminuir\u00e0 sempre di pi\u00f9, fino ad esaurirsi con l&#8217;evoluzione delle fullframe. Queste ultime dovranno anche migliorare nell&#8217;area della velocit\u00e0, gi\u00e0 comunque ragguardevole, e in quella della disponibilit\u00e0 di supertele non troppo pesanti e costosi. Avranno poi nuove funzioni, quali le riprese video, gi\u00e0 presente sulla Canon 5d II, e magari il display orientabile. Questo anche perch\u00e8 per gli utilizzi in cui erano considerate le fotocamere ideali ed insostituibili (studio e paesaggio) cominciano ad apparire le fotocamere MF (medio formato) digitali, che come prezzi non sono troppo lontane dalle fullframe pi\u00f9 costose (Canon 1Ds III e Nikon D3x), ma con sensori molto pi\u00f9 grandi e numero di megapixel da 20 a 60. Fra le prime la Leica S2, le Mamiya, la Pentax 645D e le Hasslblad, oltre alle favolose Phase One (ne parler\u00f2 in un apposito articolo).<br \/>\nIn conclusione l&#8217;evoluzione futura delle reflex digitali sar\u00e0 su due linee: le APS sempre pi\u00f9 orientate al mercato amatoriale e ad acquisire nuovi clienti dalle compatte, quindi in una fascia bassa del mercato e le fullframe che copriranno la fascia media, oggi occupata dalle APS pi\u00f9 professionali, e quella professionale.<br \/>\nPe quanto riguarda le novit\u00e0 emergenti, Micro 4\/3 e NX (Samsung) indubbiamente si tratta di una categoria di fotocamere molto interessante. La prima, la Panasonic G1, offre delle buone prestazioni, vicine anche se non uguali a quelle di una reflex APS per qualit\u00e0 di immagine, con un ingombro ed un peso ridotti, anche se con un prezzo per ora elevato. Ha per\u00f2 un difetto fondamentale per il mercato a cui si rivolge: non fa riprese video. Panasonic ha rimediato a questo problema con la GH1 che riprende anche video HD e con ci\u00f2 diventa lo strumento ideale, in unione all&#8217;ottimo obiettivo 14-140 stabilizzato, per chi vuole portarsi in vacanza un oggetto unico (quindi unica borsa, alimentatore, schede, ecc.) per scattare foto e quamdo \u00e8 il caso fare riprese video. L&#8217;evoluzione in questo settore potrebbe finalmente portare alla inoltre alla realizzazione di fotocamere compatte, ad obiettivi intercambiabili, con una buona qualit\u00e0 d&#8217;immagine. Ci\u00f2 \u00e8 almeno quello che sembra guardando i prototipi presentati da Olympus e quello che promette anche Samsung.<br \/>\nSi potrebbe cos\u00ec finalmente tornare ad avere delle fotocamere compatte con il corpo che entra in una tasca e l&#8217;obiettivo in un&#8217;altra, che riprendono delle immagini di buona qualit\u00e0. Questa \u00e8 la ricetta, insieme alla eccellente qualit\u00e0 ottica e meccanica, che ha fatto la fortuna di Leica.<br \/>\nNon credo comunque che queste fotocamere, con mirino elettronico, sostituiranno le reflex con specchio e mirino ottico, almeno per molti anni. A lungo termine, con il progredire della tecnologia elettronica potrebbe pure succedere, ma solo per la parte pi\u00f9 bassa del mercato. Le fotocamere top con il mirino reflex esisteranno sempre.<\/p>\n","protected":false},"excerpt":{"rendered":"<p>In questa seconda parte del mio articolo vorrei delineare quale potrebbe essere l&#8217;evoluzione futura delle fotocamere reflex digitali e del nuovo promettente segmento delle Micro 4\/3 e NX (Samsung) con mirino elettronico. Si tratta delle fotocamere di maggior interesse per i fotoamatori e per i professionisti. In questo caso \u00e8 anche possibile fare qualche accenno &hellip; <a href=\"https:\/\/francescophoto.it\/blog\/2009\/04\/09\/cosa-ce-dietro-langolo-2a-parte\/\" class=\"more-link\">Continua la lettura di <span class=\"screen-reader-text\">Cosa c&#8217;\u00e8 dietro l&#8217;angolo (2a parte)<\/span> <span class=\"meta-nav\">&rarr;<\/span><\/a><\/p>\n","protected":false},"author":1,"featured_media":0,"comment_status":"open","ping_status":"open","sticky":false,"template":"","format":"standard","meta":{"_jetpack_memberships_contains_paid_content":false,"footnotes":""},"categories":[10,21,23],"tags":[256,585,923,1053],"class_list":["post-1344","post","type-post","status-publish","format-standard","hentry","category-dslr","category-micro-4-3","category-novita","tag-aps","tag-fullframe","tag-nx","tag-reflex"],"jetpack_featured_media_url":"","jetpack_sharing_enabled":true,"_links":{"self":[{"href":"https:\/\/francescophoto.it\/blog\/wp-json\/wp\/v2\/posts\/1344","targetHints":{"allow":["GET"]}}],"collection":[{"href":"https:\/\/francescophoto.it\/blog\/wp-json\/wp\/v2\/posts"}],"about":[{"href":"https:\/\/francescophoto.it\/blog\/wp-json\/wp\/v2\/types\/post"}],"author":[{"embeddable":true,"href":"https:\/\/francescophoto.it\/blog\/wp-json\/wp\/v2\/users\/1"}],"replies":[{"embeddable":true,"href":"https:\/\/francescophoto.it\/blog\/wp-json\/wp\/v2\/comments?post=1344"}],"version-history":[{"count":0,"href":"https:\/\/francescophoto.it\/blog\/wp-json\/wp\/v2\/posts\/1344\/revisions"}],"wp:attachment":[{"href":"https:\/\/francescophoto.it\/blog\/wp-json\/wp\/v2\/media?parent=1344"}],"wp:term":[{"taxonomy":"category","embeddable":true,"href":"https:\/\/francescophoto.it\/blog\/wp-json\/wp\/v2\/categories?post=1344"},{"taxonomy":"post_tag","embeddable":true,"href":"https:\/\/francescophoto.it\/blog\/wp-json\/wp\/v2\/tags?post=1344"}],"curies":[{"name":"wp","href":"https:\/\/api.w.org\/{rel}","templated":true}]}}