{"id":1326,"date":"2009-04-06T11:56:46","date_gmt":"2009-04-06T10:56:46","guid":{"rendered":"http:\/\/francescophoto.wordpress.com\/?p=1326"},"modified":"2009-04-06T11:56:46","modified_gmt":"2009-04-06T10:56:46","slug":"prossime-novita-nikon","status":"publish","type":"post","link":"https:\/\/francescophoto.it\/blog\/2009\/04\/06\/prossime-novita-nikon\/","title":{"rendered":"Prossime novit\u00e0 Nikon"},"content":{"rendered":"<p><a href=\"http:\/\/blog.francescophoto.it\/wp-content\/uploads\/2009\/04\/logo-nikon2.gif\"><img loading=\"lazy\" decoding=\"async\" class=\"alignright size-thumbnail wp-image-1327\" title=\"logo-nikon2\" src=\"http:\/\/blog.francescophoto.it\/wp-content\/uploads\/2009\/04\/logo-nikon2.gif?w=128\" alt=\"logo-nikon2\" width=\"128\" height=\"46\" \/><\/a>Nikon ha invitato la stampa per l&#8217;annuncio di novit\u00e0 di primavera 2009 il 14 aprile a Vienna.<br \/>\nNon \u00e8 specificato di quali novit\u00e0 si tratti, ovviamente, ma si possono fare diverse ipotesi.<br \/>\nSicuramente sar\u00e0 presentata una nuova reflex: la pi\u00f9 probabile \u00e8 la presentazione di una nuova entry level, la D5000 di cui si parla da tempo e che dovrebbe sostituire le D40 e D60. Alcune voci per\u00f2 danno per imminente anche la presentazione della sostituta della D300 che dovrebbe chiamarsi D400, ma potrebbe anche diventare D500 ?! Infine potrebbe essere annunciato qualche nuovo obiettivo.<!--more--><\/p>\n<p>Le principali caratteistiche della D5000 dovrebbero essere:<br \/>\n&#8211; sensore CMOS da 12 Mpx<br \/>\n&#8211; corpo in plastica di dimensioni ridotte<br \/>\n&#8211; 9 punti AF<br \/>\n&#8211; senza il motore di messa a fuoco incorporato<br \/>\n&#8211; sensibilit\u00e0 da 100 a 6400 Iso<br \/>\n&#8211; mirino pentamirror<br \/>\n&#8211; live view<br \/>\n&#8211; display orientabile<br \/>\n&#8211; possibilit\u00e0 di riprendere video, ma non full HD<\/p>\n<p>La D400 (alias D500) invece dovrebbe avere caratteristiche pi\u00f9 professionali quali:<br \/>\n&#8211; sensore CMOS da 15,5 Mpx<br \/>\n&#8211; corpo in metallo, come la D300, tropicalizzato<br \/>\n&#8211; raffica a 6 fg\/sec<br \/>\n&#8211; live view<br \/>\n&#8211; possibilit\u00e0 di riprendere video full HD<\/p>\n<p>A me sembrerebbe pi\u00f9 probabile l&#8217;annuncio di un modello entry come la D5000 in quanto di solito Nikon ha annnunciato i modelli professionali in luglio o agosto.<br \/>\nMancano comunque appena pochi giorni all&#8217;annuncio e appena si sapr\u00e0 qualcosa di ufficiale vi terr\u00f2 tempestivamente informati<\/p>\n","protected":false},"excerpt":{"rendered":"<p>Nikon ha invitato la stampa per l&#8217;annuncio di novit\u00e0 di primavera 2009 il 14 aprile a Vienna. Non \u00e8 specificato di quali novit\u00e0 si tratti, ovviamente, ma si possono fare diverse ipotesi. Sicuramente sar\u00e0 presentata una nuova reflex: la pi\u00f9 probabile \u00e8 la presentazione di una nuova entry level, la D5000 di cui si parla &hellip; <a href=\"https:\/\/francescophoto.it\/blog\/2009\/04\/06\/prossime-novita-nikon\/\" class=\"more-link\">Continua la lettura di <span class=\"screen-reader-text\">Prossime novit\u00e0 Nikon<\/span> <span class=\"meta-nav\">&rarr;<\/span><\/a><\/p>\n","protected":false},"author":1,"featured_media":0,"comment_status":"open","ping_status":"open","sticky":false,"template":"","format":"standard","meta":{"_jetpack_memberships_contains_paid_content":false,"footnotes":""},"categories":[10,23],"tags":[905],"class_list":["post-1326","post","type-post","status-publish","format-standard","hentry","category-dslr","category-novita","tag-nikon"],"jetpack_featured_media_url":"","jetpack_sharing_enabled":true,"_links":{"self":[{"href":"https:\/\/francescophoto.it\/blog\/wp-json\/wp\/v2\/posts\/1326","targetHints":{"allow":["GET"]}}],"collection":[{"href":"https:\/\/francescophoto.it\/blog\/wp-json\/wp\/v2\/posts"}],"about":[{"href":"https:\/\/francescophoto.it\/blog\/wp-json\/wp\/v2\/types\/post"}],"author":[{"embeddable":true,"href":"https:\/\/francescophoto.it\/blog\/wp-json\/wp\/v2\/users\/1"}],"replies":[{"embeddable":true,"href":"https:\/\/francescophoto.it\/blog\/wp-json\/wp\/v2\/comments?post=1326"}],"version-history":[{"count":0,"href":"https:\/\/francescophoto.it\/blog\/wp-json\/wp\/v2\/posts\/1326\/revisions"}],"wp:attachment":[{"href":"https:\/\/francescophoto.it\/blog\/wp-json\/wp\/v2\/media?parent=1326"}],"wp:term":[{"taxonomy":"category","embeddable":true,"href":"https:\/\/francescophoto.it\/blog\/wp-json\/wp\/v2\/categories?post=1326"},{"taxonomy":"post_tag","embeddable":true,"href":"https:\/\/francescophoto.it\/blog\/wp-json\/wp\/v2\/tags?post=1326"}],"curies":[{"name":"wp","href":"https:\/\/api.w.org\/{rel}","templated":true}]}}