{"id":1306,"date":"2009-03-31T11:14:37","date_gmt":"2009-03-31T10:14:37","guid":{"rendered":"http:\/\/francescophoto.wordpress.com\/?p=1306"},"modified":"2009-03-31T11:14:37","modified_gmt":"2009-03-31T10:14:37","slug":"olympus-e450","status":"publish","type":"post","link":"https:\/\/francescophoto.it\/blog\/2009\/03\/31\/olympus-e450\/","title":{"rendered":"Olympus E450"},"content":{"rendered":"<p><a href=\"http:\/\/blog.francescophoto.it\/wp-content\/uploads\/2009\/03\/e-450_1_l.jpg\"><img loading=\"lazy\" decoding=\"async\" class=\"alignright size-thumbnail wp-image-1307\" title=\"e-450_1_l\" src=\"http:\/\/blog.francescophoto.it\/wp-content\/uploads\/2009\/03\/e-450_1_l.jpg?w=128\" alt=\"e-450_1_l\" width=\"128\" height=\"91\" srcset=\"https:\/\/francescophoto.it\/blog\/wp-content\/uploads\/2009\/03\/e-450_1_l.jpg 1024w, https:\/\/francescophoto.it\/blog\/wp-content\/uploads\/2009\/03\/e-450_1_l-500x359.jpg 500w, https:\/\/francescophoto.it\/blog\/wp-content\/uploads\/2009\/03\/e-450_1_l-768x551.jpg 768w\" sizes=\"auto, (max-width: 128px) 100vw, 128px\" \/><\/a>Olympus ha annunciato oggi una nuova reflex compatta, la E450, che succede alla E420. Le differenze tra le due fotocamere sono abbastanza ridotte e si riassumono nell&#8217;inserimento di un nuovo processor TruePic III pi\u00f9 potente, nell&#8217;aggiunta di 3 &#8220;art filter&#8221;, un ampliamento del buffer per le riprese continue che ora consente 8 immagini raw invece di 6 e in uno schermo migliorato.<\/p>\n<p><!--more--><br \/>\nLa nuova E450 \u00e8 quindi molto simile alla E420, la DSRL pi\u00f9 compatta, anche se per il momento entrambe rimangono a listino. Le loro caratteristiche per\u00f2 sono troppo simili e quindi \u00e8 presumibile che la E450 sostituir\u00e0 a breve la E420.<br \/>\nLe sue caratteristiche principali sono:<br \/>\n&#8211; sensore Live MOS da 10 megapixel<br \/>\n&#8211; supporto per tutti gli obiettivi FourThirds con un fattore moltiplicativo di equivalenza con il 35 mm di 2x<br \/>\n&#8211; corpo compatto (per gli standard digitali, non per quelli analogici!)<br \/>\n&#8211; display da 2.7&#8242; e 230.000 pixel con contrasto e angolo di visualizzazione migliorato<br \/>\n&#8211; Live view con AF a rilevamento di contrasto (con alcuni obiettivi) e rilevamento dei volti (sic!)<br \/>\n&#8211; funzione Perfect Shot Preview che consente di confrontare differnti esposizioni o impostazioni del bilanciamento del bianco in tempo reale<br \/>\n&#8211; mirino con copertura del 95 % e ingrandimento di 0,92<br \/>\n&#8211; sensibilit\u00e0 da 100 a 1600 Iso<br \/>\n&#8211; tempi di esposizione da 60 sec a 1\/4000<br \/>\n&#8211; sincro flash 1\/180<br \/>\n&#8211; flash integrato con la possibilit\u00e0 di controllare senza fili altri flash da parte della fotocamera<br \/>\n&#8211; Sistema di eliminazione della polvere con il Supersonic Wave Filter<br \/>\n&#8211; grande quantit\u00e0 di modalit\u00e0 scene pi\u00f9 3 &#8220;art filters&#8221; (pop art, soft focus, pin hole)<br \/>\n&#8211; velocit\u00e0 di raffica di 3,5 fg\/sec<br \/>\n&#8211; supporto per sistema flash senza fili<br \/>\n&#8211; alloggiamenti per schede di memoria CompactFlash e xD<br \/>\n&#8211; batteria BLS-1 agli ioni di litio per circa 500 scatti per carica.<br \/>\n&#8211; dimensioni 129,5x91x53<br \/>\n&#8211; peso 380 grammi solo corpo.<\/p>\n<p>\u00a0<\/p>\n<p>Dovrebbe essere disponibile dal maggio 2009 e il presso previsto in USA \u00e8 di 699 $ in kit con il 14-42\/3.5-5.6 e il 40-150\/4.0-5.6.<br \/>\nQuesto \u00e8 il link al sito di <a href=\"http:\/\/www.olympus.it\/\">Olympus Italia<\/a> con l&#8217;annuncio della nuova <a href=\"http:\/\/www.olympus.it\/consumer\/dslr_digital_slr_e-450_21270.htm\">E450<\/a> dove \u00e8 possibile trovare il dettaglio di tutte le caratteristiche.<\/p>\n<p><a href=\"http:\/\/blog.francescophoto.it\/wp-content\/uploads\/2009\/03\/e-450_1_l.jpg\"><img loading=\"lazy\" decoding=\"async\" class=\"alignnone size-large wp-image-1307\" title=\"e-450_1_l\" src=\"http:\/\/blog.francescophoto.it\/wp-content\/uploads\/2009\/03\/e-450_1_l.jpg?w=500\" alt=\"e-450_1_l\" width=\"500\" height=\"358\" srcset=\"https:\/\/francescophoto.it\/blog\/wp-content\/uploads\/2009\/03\/e-450_1_l.jpg 1024w, https:\/\/francescophoto.it\/blog\/wp-content\/uploads\/2009\/03\/e-450_1_l-500x359.jpg 500w, https:\/\/francescophoto.it\/blog\/wp-content\/uploads\/2009\/03\/e-450_1_l-768x551.jpg 768w\" sizes=\"auto, (max-width: 500px) 100vw, 500px\" \/><\/a><\/p>\n<p>\u00a0<\/p>\n<p><a href=\"http:\/\/blog.francescophoto.it\/wp-content\/uploads\/2009\/03\/e-450_2_l.jpg\"><img loading=\"lazy\" decoding=\"async\" class=\"alignnone size-large wp-image-1311\" title=\"e-450_2_l\" src=\"http:\/\/blog.francescophoto.it\/wp-content\/uploads\/2009\/03\/e-450_2_l.jpg?w=500\" alt=\"e-450_2_l\" width=\"500\" height=\"361\" srcset=\"https:\/\/francescophoto.it\/blog\/wp-content\/uploads\/2009\/03\/e-450_2_l.jpg 1024w, https:\/\/francescophoto.it\/blog\/wp-content\/uploads\/2009\/03\/e-450_2_l-500x362.jpg 500w, https:\/\/francescophoto.it\/blog\/wp-content\/uploads\/2009\/03\/e-450_2_l-768x556.jpg 768w\" sizes=\"auto, (max-width: 500px) 100vw, 500px\" \/><\/a><\/p>\n<p>\u00a0<\/p>\n<p><a href=\"http:\/\/blog.francescophoto.it\/wp-content\/uploads\/2009\/03\/e-450_3_l.jpg\"><img loading=\"lazy\" decoding=\"async\" class=\"alignnone size-large wp-image-1312\" title=\"e-450_3_l\" src=\"http:\/\/blog.francescophoto.it\/wp-content\/uploads\/2009\/03\/e-450_3_l.jpg?w=500\" alt=\"e-450_3_l\" width=\"500\" height=\"296\" srcset=\"https:\/\/francescophoto.it\/blog\/wp-content\/uploads\/2009\/03\/e-450_3_l.jpg 1024w, https:\/\/francescophoto.it\/blog\/wp-content\/uploads\/2009\/03\/e-450_3_l-500x297.jpg 500w, https:\/\/francescophoto.it\/blog\/wp-content\/uploads\/2009\/03\/e-450_3_l-768x456.jpg 768w\" sizes=\"auto, (max-width: 500px) 100vw, 500px\" \/><\/a><\/p>\n<p>\u00a0<\/p>\n<p><a href=\"http:\/\/blog.francescophoto.it\/wp-content\/uploads\/2009\/03\/e-450_4_l.jpg\"><img loading=\"lazy\" decoding=\"async\" class=\"alignnone size-large wp-image-1313\" title=\"e-450_4_l\" src=\"http:\/\/blog.francescophoto.it\/wp-content\/uploads\/2009\/03\/e-450_4_l.jpg?w=500\" alt=\"e-450_4_l\" width=\"500\" height=\"394\" srcset=\"https:\/\/francescophoto.it\/blog\/wp-content\/uploads\/2009\/03\/e-450_4_l.jpg 973w, https:\/\/francescophoto.it\/blog\/wp-content\/uploads\/2009\/03\/e-450_4_l-500x395.jpg 500w, https:\/\/francescophoto.it\/blog\/wp-content\/uploads\/2009\/03\/e-450_4_l-768x606.jpg 768w\" sizes=\"auto, (max-width: 500px) 100vw, 500px\" \/><\/a><\/p>\n<p>\u00a0<\/p>\n<p><a href=\"http:\/\/blog.francescophoto.it\/wp-content\/uploads\/2009\/03\/e-450_5_l.jpg\"><img loading=\"lazy\" decoding=\"async\" class=\"alignnone size-large wp-image-1314\" title=\"e-450_5_l\" src=\"http:\/\/blog.francescophoto.it\/wp-content\/uploads\/2009\/03\/e-450_5_l.jpg?w=499\" alt=\"e-450_5_l\" width=\"499\" height=\"393\" srcset=\"https:\/\/francescophoto.it\/blog\/wp-content\/uploads\/2009\/03\/e-450_5_l.jpg 975w, https:\/\/francescophoto.it\/blog\/wp-content\/uploads\/2009\/03\/e-450_5_l-500x394.jpg 500w, https:\/\/francescophoto.it\/blog\/wp-content\/uploads\/2009\/03\/e-450_5_l-768x605.jpg 768w\" sizes=\"auto, (max-width: 499px) 100vw, 499px\" \/><\/a><\/p>\n","protected":false},"excerpt":{"rendered":"<p>Olympus ha annunciato oggi una nuova reflex compatta, la E450, che succede alla E420. Le differenze tra le due fotocamere sono abbastanza ridotte e si riassumono nell&#8217;inserimento di un nuovo processor TruePic III pi\u00f9 potente, nell&#8217;aggiunta di 3 &#8220;art filter&#8221;, un ampliamento del buffer per le riprese continue che ora consente 8 immagini raw invece &hellip; <a href=\"https:\/\/francescophoto.it\/blog\/2009\/03\/31\/olympus-e450\/\" class=\"more-link\">Continua la lettura di <span class=\"screen-reader-text\">Olympus E450<\/span> <span class=\"meta-nav\">&rarr;<\/span><\/a><\/p>\n","protected":false},"author":1,"featured_media":0,"comment_status":"open","ping_status":"open","sticky":false,"template":"","format":"standard","meta":{"_jetpack_memberships_contains_paid_content":false,"footnotes":""},"categories":[42,10,23],"tags":[126,570,943],"class_list":["post-1306","post","type-post","status-publish","format-standard","hentry","category-42","category-dslr","category-novita","tag-4-3","tag-fourthirds","tag-olympus"],"jetpack_featured_media_url":"","jetpack_sharing_enabled":true,"_links":{"self":[{"href":"https:\/\/francescophoto.it\/blog\/wp-json\/wp\/v2\/posts\/1306","targetHints":{"allow":["GET"]}}],"collection":[{"href":"https:\/\/francescophoto.it\/blog\/wp-json\/wp\/v2\/posts"}],"about":[{"href":"https:\/\/francescophoto.it\/blog\/wp-json\/wp\/v2\/types\/post"}],"author":[{"embeddable":true,"href":"https:\/\/francescophoto.it\/blog\/wp-json\/wp\/v2\/users\/1"}],"replies":[{"embeddable":true,"href":"https:\/\/francescophoto.it\/blog\/wp-json\/wp\/v2\/comments?post=1306"}],"version-history":[{"count":0,"href":"https:\/\/francescophoto.it\/blog\/wp-json\/wp\/v2\/posts\/1306\/revisions"}],"wp:attachment":[{"href":"https:\/\/francescophoto.it\/blog\/wp-json\/wp\/v2\/media?parent=1306"}],"wp:term":[{"taxonomy":"category","embeddable":true,"href":"https:\/\/francescophoto.it\/blog\/wp-json\/wp\/v2\/categories?post=1306"},{"taxonomy":"post_tag","embeddable":true,"href":"https:\/\/francescophoto.it\/blog\/wp-json\/wp\/v2\/tags?post=1306"}],"curies":[{"name":"wp","href":"https:\/\/api.w.org\/{rel}","templated":true}]}}