{"id":12947,"date":"2012-07-23T13:53:31","date_gmt":"2012-07-23T12:53:31","guid":{"rendered":"http:\/\/francescophoto.wordpress.com\/?p=12947"},"modified":"2012-07-23T13:53:31","modified_gmt":"2012-07-23T12:53:31","slug":"canon-eos-m","status":"publish","type":"post","link":"https:\/\/francescophoto.it\/blog\/2012\/07\/23\/canon-eos-m\/","title":{"rendered":"Canon EOS-M"},"content":{"rendered":"<p><img loading=\"lazy\" decoding=\"async\" class=\"alignright size-thumbnail wp-image-12948\" title=\"ZURBEAUTY\" src=\"http:\/\/blog.francescophoto.it\/wp-content\/uploads\/2012\/07\/zurbeauty.jpg?w=128\" alt=\"\" width=\"128\" height=\"93\" \/>Canon ha presentato oggi, come da molte voci preannunciato, la sua prima fotocamera mirrorless. La EOS-M usa lo stesso sensore CMOS, di dimensioni APS-C, con 18 Mpx come la nuova 650D e un nuovo innesto obiettivi denominato EF-M. Il corpo \u00e8 molto compatto e di dimensioni ridotte, lo schermo da 3&#8243; di tipo touche screen. Insieme alla EOS-M sono stati presentati due nuovi obiettivi specifici con innesto EF-M: un 22 mm f\/2,0 ed uno zoom 18-55.<!--more--><br \/>\nLe caratteristiche principali della EOS-M sono:<\/p>\n<p>&#8211; sensore CMOS di dimensioni APS-C da 18 Mpx<br \/>\n&#8211; elaboratore d&#8217;immagine Digic 5<br \/>\n&#8211; nuovo innesto obiettivi EF-M<br \/>\n&#8211; compatibilit\u00e0 con gli obiettivi EF e EF-S tramite un apposito adattatore EF-EOS-M<br \/>\n&#8211; fattore moltiplicativo 1,6x<br \/>\n&#8211; corpo compatto disponibile in nero e bianco<br \/>\n&#8211; sistema autofocus ibrido che usa la ricerca a differenza di fase al centro dell&#8217;inquadratura e quella a differenza di contrasto nelle altre zone, come la 650D in live view<br \/>\n&#8211; possibilit\u00e0 di scegliere fra 31 punti AF, e disponibilit\u00e0 di funzionamento ad inseguimento<br \/>\n&#8211; schermo da 3&#8243; con 1.040.000 pixel di tipo touch<br \/>\n&#8211; slitta per flash esterno 90EX, non dispone di flash interno<br \/>\n&#8211; tempi di scatto da 30 sec a 1\/4000<br \/>\n&#8211; gamma di sensibilit\u00e0 da 100 a 12.800 Iso estendibili fino a 25.600<br \/>\n&#8211; modalit\u00e0 di funzionamento Intelligent Auto che sceglie automaticamente la modalit\u00e0 scena pi\u00f9 adatta<br \/>\n&#8211; disponibilit\u00e0 di numerosi effetti speciali, compreso l&#8217;HDR<br \/>\n&#8211; velocit\u00e0 di raffica di 4,3 fg\/s<br \/>\n&#8211; ripresa video Full HD a 1920&#215;1080 pixel e 30 fg\/s con audio stereo, autofocus continuo e possibilit\u00e0 di controllo manuale<br \/>\n&#8211; ricevitore GPS opzionale che si inserisce nella slitta per flash<br \/>\n&#8211; usa schede SD\/SDHC\/SDXC e batteria al litio<br \/>\n&#8211; dimensioni 109x66x32 mm<br \/>\n&#8211; peso 298 grammi<\/p>\n<p>Dovrebbe essere disponibile da ottobre a 799 $, in USA, con il 22 mm, a 849 con il 18-55 e a 1049 con il 22 e il 18-55 mm.<\/p>\n<p>Riporto il link al comunicato stampa Canon.<\/p>\n<p>I due obiettivi 22 mm f\/2,0 e 18-55 f\/3,5-5,6 IS usano entrambi i motori STM passo passo per un autofocus silenzioso. Il 18-55 sar\u00e0 disponibile da solo a 299 $.<br \/>\nIl piccolo flash 90EX dedicato copre fino alla focale equivalente di 24 mm con numero guida 9 e coster\u00e0 149 $.<br \/>\nL&#8217;adattatore per obiettivi EF e EF-S coster\u00e0 199 $.<\/p>\n<p>La EOS-M \u00e8 interessante per le dimensioni molto compatte in proporzione al suo sensore APS-C. Come tutti i modelli iniziali per\u00f2 presenta alcuni difetti e manchevolezze. I principali sono la mancanza di un innesto per un mirino elettronico optionale e di un flash integrato, difetti che presentavano anche le prime Olympus PEN e Sony NEX, ma che poi sono stti rapidamente corretti, vedremo cosa far\u00e0 Canon. Altro limite \u00e8 la ristretta gamma di obiettivi e le loro dimensioni. Se poi si devono usare gli obiettivi EF allora a cosa serve la compattezza del corpo.<br \/>\nIn conclusione costa come una reflex, ma offre di meno, come la maggior parte delle mirrorless, il cui unico vantaggio per il fotografo \u00e8 un minore peso e ingombro del corpo macchina.<\/p>\n<p><img loading=\"lazy\" decoding=\"async\" class=\"alignnone size-large wp-image-12948\" title=\"ZURBEAUTY\" src=\"http:\/\/blog.francescophoto.it\/wp-content\/uploads\/2012\/07\/zurbeauty.jpg?w=500\" alt=\"\" width=\"500\" height=\"364\" \/><\/p>\n<p><img loading=\"lazy\" decoding=\"async\" class=\"alignnone size-large wp-image-12949\" title=\"ZURUPPERFRONT\" src=\"http:\/\/blog.francescophoto.it\/wp-content\/uploads\/2012\/07\/zurupperfront.jpg?w=500\" alt=\"\" width=\"500\" height=\"316\" \/><\/p>\n<p><img loading=\"lazy\" decoding=\"async\" class=\"alignnone size-large wp-image-12950\" title=\"ZURBACK\" src=\"http:\/\/blog.francescophoto.it\/wp-content\/uploads\/2012\/07\/zurback.jpg?w=500\" alt=\"\" width=\"500\" height=\"313\" \/><\/p>\n<p><img loading=\"lazy\" decoding=\"async\" class=\"alignnone size-large wp-image-12951\" title=\"ZURTOP\" src=\"http:\/\/blog.francescophoto.it\/wp-content\/uploads\/2012\/07\/zurtop.jpg?w=500\" alt=\"\" width=\"500\" height=\"257\" \/><\/p>\n<p><img loading=\"lazy\" decoding=\"async\" class=\"alignnone size-large wp-image-12952\" title=\"ZURBEAUTY_WHITE\" src=\"http:\/\/blog.francescophoto.it\/wp-content\/uploads\/2012\/07\/zurbeauty_white.jpg?w=500\" alt=\"\" width=\"500\" height=\"359\" \/><\/p>\n<p><img loading=\"lazy\" decoding=\"async\" class=\"alignnone size-large wp-image-12957\" title=\"canon_EOS-M-with-SPEEDLITE-90EX\" src=\"http:\/\/blog.francescophoto.it\/wp-content\/uploads\/2012\/07\/canon_eos-m-with-speedlite-90ex.jpg?w=500\" alt=\"\" width=\"500\" height=\"375\" \/><\/p>\n<p><img loading=\"lazy\" decoding=\"async\" class=\"alignnone size-large wp-image-12958\" title=\"canon_EOS-M_with_70-200mm\" src=\"http:\/\/blog.francescophoto.it\/wp-content\/uploads\/2012\/07\/canon_eos-m_with_70-200mm.jpg?w=500\" alt=\"\" width=\"500\" height=\"375\" \/><\/p>\n<p><img loading=\"lazy\" decoding=\"async\" class=\"alignnone size-large wp-image-12953\" title=\"EF-M-22mm-F2-0\" src=\"http:\/\/blog.francescophoto.it\/wp-content\/uploads\/2012\/07\/ef-m-22mm-f2-0.jpg?w=500\" alt=\"\" width=\"500\" height=\"375\" \/><\/p>\n<p><img loading=\"lazy\" decoding=\"async\" class=\"alignnone size-large wp-image-12954\" title=\"EF-M-18-55mm-F3-5-5-6\" src=\"http:\/\/blog.francescophoto.it\/wp-content\/uploads\/2012\/07\/ef-m-18-55mm-f3-5-5-6.jpg?w=500\" alt=\"\" width=\"500\" height=\"375\" \/><\/p>\n<p><img loading=\"lazy\" decoding=\"async\" class=\"alignnone size-full wp-image-12959\" title=\"ZTECHEF-MADAPTER\" src=\"http:\/\/blog.francescophoto.it\/wp-content\/uploads\/2012\/07\/ztechef-madapter.jpg\" alt=\"\" width=\"250\" height=\"176\" \/><\/p>\n","protected":false},"excerpt":{"rendered":"<p>Canon ha presentato oggi, come da molte voci preannunciato, la sua prima fotocamera mirrorless. La EOS-M usa lo stesso sensore CMOS, di dimensioni APS-C, con 18 Mpx come la nuova 650D e un nuovo innesto obiettivi denominato EF-M. Il corpo \u00e8 molto compatto e di dimensioni ridotte, lo schermo da 3&#8243; di tipo touche screen. &hellip; <a href=\"https:\/\/francescophoto.it\/blog\/2012\/07\/23\/canon-eos-m\/\" class=\"more-link\">Continua la lettura di <span class=\"screen-reader-text\">Canon EOS-M<\/span> <span class=\"meta-nav\">&rarr;<\/span><\/a><\/p>\n","protected":false},"author":1,"featured_media":0,"comment_status":"open","ping_status":"open","sticky":false,"template":"","format":"standard","meta":{"_jetpack_memberships_contains_paid_content":false,"footnotes":""},"categories":[45,12,22,23],"tags":[256,280,520,526,884],"class_list":["post-12947","post","type-post","status-publish","format-standard","hentry","category-45","category-evil","category-mirrorless","category-novita","tag-aps","tag-canon","tag-eos-m","tag-evil","tag-mirrorless"],"jetpack_featured_media_url":"","jetpack_sharing_enabled":true,"_links":{"self":[{"href":"https:\/\/francescophoto.it\/blog\/wp-json\/wp\/v2\/posts\/12947","targetHints":{"allow":["GET"]}}],"collection":[{"href":"https:\/\/francescophoto.it\/blog\/wp-json\/wp\/v2\/posts"}],"about":[{"href":"https:\/\/francescophoto.it\/blog\/wp-json\/wp\/v2\/types\/post"}],"author":[{"embeddable":true,"href":"https:\/\/francescophoto.it\/blog\/wp-json\/wp\/v2\/users\/1"}],"replies":[{"embeddable":true,"href":"https:\/\/francescophoto.it\/blog\/wp-json\/wp\/v2\/comments?post=12947"}],"version-history":[{"count":0,"href":"https:\/\/francescophoto.it\/blog\/wp-json\/wp\/v2\/posts\/12947\/revisions"}],"wp:attachment":[{"href":"https:\/\/francescophoto.it\/blog\/wp-json\/wp\/v2\/media?parent=12947"}],"wp:term":[{"taxonomy":"category","embeddable":true,"href":"https:\/\/francescophoto.it\/blog\/wp-json\/wp\/v2\/categories?post=12947"},{"taxonomy":"post_tag","embeddable":true,"href":"https:\/\/francescophoto.it\/blog\/wp-json\/wp\/v2\/tags?post=12947"}],"curies":[{"name":"wp","href":"https:\/\/api.w.org\/{rel}","templated":true}]}}