{"id":1271,"date":"2009-03-24T18:52:08","date_gmt":"2009-03-24T17:52:08","guid":{"rendered":"http:\/\/francescophoto.wordpress.com\/?p=1271"},"modified":"2009-03-24T18:52:08","modified_gmt":"2009-03-24T17:52:08","slug":"pentax-645-digital","status":"publish","type":"post","link":"https:\/\/francescophoto.it\/blog\/2009\/03\/24\/pentax-645-digital\/","title":{"rendered":"Pentax 645 Digital"},"content":{"rendered":"<p>S<a href=\"http:\/\/blog.francescophoto.it\/wp-content\/uploads\/2009\/03\/200907-01b.jpg\"><img loading=\"lazy\" decoding=\"async\" class=\"alignright size-thumbnail wp-image-1272\" title=\"200907-01b\" src=\"http:\/\/blog.francescophoto.it\/wp-content\/uploads\/2009\/03\/200907-01b.jpg?w=116\" alt=\"200907-01b\" width=\"116\" height=\"96\" srcset=\"https:\/\/francescophoto.it\/blog\/wp-content\/uploads\/2009\/03\/200907-01b.jpg 1600w, https:\/\/francescophoto.it\/blog\/wp-content\/uploads\/2009\/03\/200907-01b-500x410.jpg 500w, https:\/\/francescophoto.it\/blog\/wp-content\/uploads\/2009\/03\/200907-01b-768x630.jpg 768w, https:\/\/francescophoto.it\/blog\/wp-content\/uploads\/2009\/03\/200907-01b-1536x1260.jpg 1536w\" sizes=\"auto, (max-width: 116px) 100vw, 116px\" \/><\/a>embra che la tanto attesa Pentax 645 arriver\u00e0 nel 2010. Questo almeno stando ad un comunicato stampa ufficiale sul sito giapponese della Pentax che fornisce una data di riferimento sia per la 645 che per l&#8217;obiettivo Pentax-D FA645 55 mm F\/2.8.<!--more--><br \/>\nL&#8217;annuncio \u00e8 in accordo con quanto dichiarato giorni fa da Gabriele Remmers, marketing communication manager della Imaging Systems Division alla Pentax Europe, che aveva detto che Pentax era ancora interessata al medio formato, ma con una bassa priorit\u00e0. Il comunicato rivela inoltre che la 645 Digital avr\u00e0 un sensore di almeno 30 megapixel. La Pentax 645 Digital \u00e8 stata mostrata, in forma di prototipo, in molte mostre fotografiche nel corso degli scorsi anni.<br \/>\nPer chi \u00e8 curioso questo \u00e8 il link del sito <a href=\"http:\/\/www.pentax.jp\/japan\/news\/2009\/200907.html\">Pentax Japan<\/a>.<\/p>\n<p><a href=\"http:\/\/blog.francescophoto.it\/wp-content\/uploads\/2009\/03\/200907-01b.jpg\"><img loading=\"lazy\" decoding=\"async\" class=\"alignnone size-large wp-image-1272\" title=\"200907-01b\" src=\"http:\/\/blog.francescophoto.it\/wp-content\/uploads\/2009\/03\/200907-01b.jpg?w=487\" alt=\"200907-01b\" width=\"487\" height=\"400\" srcset=\"https:\/\/francescophoto.it\/blog\/wp-content\/uploads\/2009\/03\/200907-01b.jpg 1600w, https:\/\/francescophoto.it\/blog\/wp-content\/uploads\/2009\/03\/200907-01b-500x410.jpg 500w, https:\/\/francescophoto.it\/blog\/wp-content\/uploads\/2009\/03\/200907-01b-768x630.jpg 768w, https:\/\/francescophoto.it\/blog\/wp-content\/uploads\/2009\/03\/200907-01b-1536x1260.jpg 1536w\" sizes=\"auto, (max-width: 487px) 100vw, 487px\" \/><\/a><\/p>\n<p>\u00a0<\/p>\n<p><a href=\"http:\/\/blog.francescophoto.it\/wp-content\/uploads\/2009\/03\/200907-02b.jpg\"><img loading=\"lazy\" decoding=\"async\" class=\"alignnone size-large wp-image-1273\" title=\"200907-02b\" src=\"http:\/\/blog.francescophoto.it\/wp-content\/uploads\/2009\/03\/200907-02b.jpg?w=500\" alt=\"200907-02b\" width=\"500\" height=\"370\" srcset=\"https:\/\/francescophoto.it\/blog\/wp-content\/uploads\/2009\/03\/200907-02b.jpg 1600w, https:\/\/francescophoto.it\/blog\/wp-content\/uploads\/2009\/03\/200907-02b-500x370.jpg 500w, https:\/\/francescophoto.it\/blog\/wp-content\/uploads\/2009\/03\/200907-02b-128x96.jpg 128w, https:\/\/francescophoto.it\/blog\/wp-content\/uploads\/2009\/03\/200907-02b-768x569.jpg 768w, https:\/\/francescophoto.it\/blog\/wp-content\/uploads\/2009\/03\/200907-02b-1536x1138.jpg 1536w\" sizes=\"auto, (max-width: 500px) 100vw, 500px\" \/><\/a><\/p>\n","protected":false},"excerpt":{"rendered":"<p>Sembra che la tanto attesa Pentax 645 arriver\u00e0 nel 2010. Questo almeno stando ad un comunicato stampa ufficiale sul sito giapponese della Pentax che fornisce una data di riferimento sia per la 645 che per l&#8217;obiettivo Pentax-D FA645 55 mm F\/2.8.<\/p>\n","protected":false},"author":1,"featured_media":0,"comment_status":"open","ping_status":"open","sticky":false,"template":"","format":"standard","meta":{"_jetpack_memberships_contains_paid_content":false,"footnotes":""},"categories":[10,19,23],"tags":[996],"class_list":["post-1271","post","type-post","status-publish","format-standard","hentry","category-dslr","category-medio-formato","category-novita","tag-pentax"],"jetpack_featured_media_url":"","jetpack_sharing_enabled":true,"_links":{"self":[{"href":"https:\/\/francescophoto.it\/blog\/wp-json\/wp\/v2\/posts\/1271","targetHints":{"allow":["GET"]}}],"collection":[{"href":"https:\/\/francescophoto.it\/blog\/wp-json\/wp\/v2\/posts"}],"about":[{"href":"https:\/\/francescophoto.it\/blog\/wp-json\/wp\/v2\/types\/post"}],"author":[{"embeddable":true,"href":"https:\/\/francescophoto.it\/blog\/wp-json\/wp\/v2\/users\/1"}],"replies":[{"embeddable":true,"href":"https:\/\/francescophoto.it\/blog\/wp-json\/wp\/v2\/comments?post=1271"}],"version-history":[{"count":0,"href":"https:\/\/francescophoto.it\/blog\/wp-json\/wp\/v2\/posts\/1271\/revisions"}],"wp:attachment":[{"href":"https:\/\/francescophoto.it\/blog\/wp-json\/wp\/v2\/media?parent=1271"}],"wp:term":[{"taxonomy":"category","embeddable":true,"href":"https:\/\/francescophoto.it\/blog\/wp-json\/wp\/v2\/categories?post=1271"},{"taxonomy":"post_tag","embeddable":true,"href":"https:\/\/francescophoto.it\/blog\/wp-json\/wp\/v2\/tags?post=1271"}],"curies":[{"name":"wp","href":"https:\/\/api.w.org\/{rel}","templated":true}]}}