{"id":1255,"date":"2009-03-23T15:55:26","date_gmt":"2009-03-23T14:55:26","guid":{"rendered":"http:\/\/francescophoto.wordpress.com\/?p=1255"},"modified":"2009-03-23T15:55:26","modified_gmt":"2009-03-23T14:55:26","slug":"futuro-pentax","status":"publish","type":"post","link":"https:\/\/francescophoto.it\/blog\/2009\/03\/23\/futuro-pentax\/","title":{"rendered":"Futuro Pentax"},"content":{"rendered":"<p><a href=\"http:\/\/blog.francescophoto.it\/wp-content\/uploads\/2009\/03\/k20d_front.jpg\"><img loading=\"lazy\" decoding=\"async\" class=\"alignright size-thumbnail wp-image-1257\" title=\"k20d_front\" src=\"http:\/\/blog.francescophoto.it\/wp-content\/uploads\/2009\/03\/k20d_front.jpg?w=116\" alt=\"k20d_front\" width=\"116\" height=\"96\" srcset=\"https:\/\/francescophoto.it\/blog\/wp-content\/uploads\/2009\/03\/k20d_front.jpg 1280w, https:\/\/francescophoto.it\/blog\/wp-content\/uploads\/2009\/03\/k20d_front-500x413.jpg 500w, https:\/\/francescophoto.it\/blog\/wp-content\/uploads\/2009\/03\/k20d_front-768x635.jpg 768w\" sizes=\"auto, (max-width: 116px) 100vw, 116px\" \/><\/a>La marketing communication manager della Imaging Systems Division alla Pentax Europe, Gabriele Remmers ha rilasciato un&#8217;intervista alla rivista tedesca Foto Magazine in cui parla dei futuri piani dell&#8217;azienda. Nell&#8217;intervista in realt\u00e0 non dice molto sui futuri prodotti di Pentax, ma si dilunga di pi\u00f9 su quello che non faranno.<br \/>\nRiporto di seguito alcune delle affermazioni pi\u00f9 interessanti.<!--more--><\/p>\n<p>D: quando vedremo la prima DSRL fullframe da Pentax?<br \/>\nR: il successo del lancio di un nuovo sistema dipende largamente dalla disponibilit\u00e0 di un decente corredo di obiettivi. Come primo passo noi abbiamo la necessit\u00e0 di appropriate ottiche, dopo potra seguire il formato del sensore.<\/p>\n<p>D: il medioformato digitale \u00e8 ancora un argomento di interesse per Pentax?<br \/>\nR: il medioformato \u00e8 ancora un argomento di interesse per Pentax &#8230; le priorit\u00e0 comunque sono chiaramente su prodotti con una pi\u00f9 larga piattaforma di mercato &#8230; le risorse devono essere allocate dove economicamente ha senso &#8230; cio\u00e8 per guadagnare quote di mercato con le DSLR nel segmento medio-basso &#8230; perci\u00f2 lo sviluppo di fotocamere medio formato \u00e8 slittato in basso nella lista delle priorit\u00e0.<\/p>\n<p>D: dove vede il limite per la risoluzione dei sensori per i formati APS-C e FF?<br \/>\nR: il limite riagionevole \u00e8 gi\u00e0 stato raggiunto. Le vere sfide sono in altre aree. Per esempio la qualit\u00e0 d&#8217;immagine, riduzione del rumore mantenendo allo stesso tempo i dettagli fini.<\/p>\n<p>D: state pianificando lo sviluppo di una DSRL con EVF (mirino elettronico)?<br \/>\nR: non vediamo la necessit\u00e0 per questo &#8230; il mirino ottico ha il vantaggio di funzionare anche quando la fotocamera \u00e8 spenta.<\/p>\n<p>D: tutte le future DSLR Pentax avranno il live-view?<br \/>\nR: no questo \u00e8 troppo generico. Dipende dal posizionamento del prodotto. In qualche caso \u00e8 necessario sacrificare qualche funzione, penso in questo caso alle reflex a livello entry.<\/p>\n<p>D: state pianificando una DSLR con funzionalit\u00e0 video?<br \/>\nR: sfortunatamente non posso parlare molto riguardo a futuri prodotto o progetti. Mi lasci dire questo: i 20 fgs in modalit\u00e0 raffica della K20D sono qualcosa su cui si pu\u00f2 costruire per integrare il video in una futura DSLR.<\/p>\n<p>D: ci saranno ancora DSLR Pentax con sensori CCD o il futuro \u00e8 con i CMOS?<br \/>\nR: entrambi hanno i loro pro e contro, non mi piace fare una previsione, in tempi lunghi \u00e8 importante quale tipo \u00e8 pi\u00f9 facile da produrre, per l&#8217;utente \u00e8 pressoch\u00e8 irrilevante, entrambi producono immagini di qualit\u00e0.<\/p>\n<p>D: quali saranno i pi\u00f9 importanti sviluppi per le DSLR Pentax della futura generazione?<br \/>\nR: \u00e8 importante una migliore qualit\u00e0 d&#8217;immagine, una migliore gamma dinamica, un rumore pi\u00f9 basso senza appiattire i dettagli pi\u00f9 fini&#8230;per Pentax in particolare la velocit\u00e0 \u00e8 un problema, un pi\u00f9 alto numero di fg\/s \u00e8 certamente desiderabile. A parte questo continueremo a lavorare all&#8217;usabilit\u00e0 di tutti i giorni delle nostre fotocamere &#8230; attualmente tutti i nostri prodotti hanno la funzione di stabilizzazione che rimarr\u00e0 importante, esattamente come la tropicalizzazione che rimarr\u00e0 una caratteristica di qualche modello. Il peso e le dimensioni sono ugualmente importanti, ma dobbiamo considerare da vicino l&#8217;ergonomia, quale \u00e8 l&#8217;utilit\u00e0 di una fotocamera che non si pu\u00f2 usare decentemente.<br \/>\nIn conclusione la signora Remmers nella sua intervista non ha detto praticamente nulla sui progetti e sviluppi futuri di Pentax. E&#8217; interessante apprendere che non faranno pi\u00f9 una digitale medio formato (bassa priorit\u00e0 in tempi di crisi vuol dire NO), e nemmeno una fotocamera con mirino elettronico come Panasonic o Samsung.<br \/>\nNon faranno nemmeno una fullframe, almeno per il momento. Forse faranno una DSLR con la possibilit\u00e0 di riprendere video, ma anche qui la Remmers \u00e8 stata molto sibillina.<\/p>\n<p>Anche loro come Olympus pensano che si sia raggiunto il limite nell&#8217;incremento del numero di pixel sul sensore. Questo \u00e8 sicuramente legato al fatto di poter utilizzare solo sensori APS, non avendo pi\u00f9 (sic1) una linea di obiettivi per fulframe, che hanno messo fuori produzione (\u00e8 un peccato perch\u00e8 gli obiettivi Pentax sono sempre stati considerati fra i migliori). Di conseguenza non \u00e8 possibile per loro seguire Canon, Nikon e Sony che hanno lanciato le loro fullframe a prezzi &#8220;umani&#8221;. Anche loro quindi affermano di voler migliorare la qualit\u00e0 di immagine lavorando su gli altri parametri, rumore, gamma dinamica ecc.<br \/>\nMi viene da pensare di nuovo alla famosa favola di La Fontaine.<\/p>\n<p>Speriamo comunque che questa reticenza possa significare che in futuro la Pentax ci riservi qualche grossa sorpresa che non vuole rivelare piuttosto che non abbia progetti per il futuro e che la Hoya, la pi\u00f9 grande produttrice di vetro ottico giapponese, che l&#8217;ha acquistata un paio di anni fa non voglia chiuderla abbandonando la produzione.<\/p>\n<p>Per chi vuole leggere l&#8217;originale, in tedesco, il link \u00e8:<\/p>\n<p><a href=\"http:\/\/www.dslr-forum.de\/showthread.php?t=458264&amp;page=66\">http:\/\/www.dslr-forum.de\/showthread.php?t=458264&amp;page=66<\/a><\/p>\n<p>Scorrere fino a met\u00e0 pagina.<\/p>\n","protected":false},"excerpt":{"rendered":"<p>La marketing communication manager della Imaging Systems Division alla Pentax Europe, Gabriele Remmers ha rilasciato un&#8217;intervista alla rivista tedesca Foto Magazine in cui parla dei futuri piani dell&#8217;azienda. Nell&#8217;intervista in realt\u00e0 non dice molto sui futuri prodotti di Pentax, ma si dilunga di pi\u00f9 su quello che non faranno. Riporto di seguito alcune delle affermazioni &hellip; <a href=\"https:\/\/francescophoto.it\/blog\/2009\/03\/23\/futuro-pentax\/\" class=\"more-link\">Continua la lettura di <span class=\"screen-reader-text\">Futuro Pentax<\/span> <span class=\"meta-nav\">&rarr;<\/span><\/a><\/p>\n","protected":false},"author":1,"featured_media":0,"comment_status":"open","ping_status":"open","sticky":false,"template":"","format":"standard","meta":{"_jetpack_memberships_contains_paid_content":false,"footnotes":""},"categories":[10,23,39],"tags":[256,585,996,1271],"class_list":["post-1255","post","type-post","status-publish","format-standard","hentry","category-dslr","category-novita","category-uncategorized","tag-aps","tag-fullframe","tag-pentax","tag-video"],"jetpack_featured_media_url":"","jetpack_sharing_enabled":true,"_links":{"self":[{"href":"https:\/\/francescophoto.it\/blog\/wp-json\/wp\/v2\/posts\/1255","targetHints":{"allow":["GET"]}}],"collection":[{"href":"https:\/\/francescophoto.it\/blog\/wp-json\/wp\/v2\/posts"}],"about":[{"href":"https:\/\/francescophoto.it\/blog\/wp-json\/wp\/v2\/types\/post"}],"author":[{"embeddable":true,"href":"https:\/\/francescophoto.it\/blog\/wp-json\/wp\/v2\/users\/1"}],"replies":[{"embeddable":true,"href":"https:\/\/francescophoto.it\/blog\/wp-json\/wp\/v2\/comments?post=1255"}],"version-history":[{"count":0,"href":"https:\/\/francescophoto.it\/blog\/wp-json\/wp\/v2\/posts\/1255\/revisions"}],"wp:attachment":[{"href":"https:\/\/francescophoto.it\/blog\/wp-json\/wp\/v2\/media?parent=1255"}],"wp:term":[{"taxonomy":"category","embeddable":true,"href":"https:\/\/francescophoto.it\/blog\/wp-json\/wp\/v2\/categories?post=1255"},{"taxonomy":"post_tag","embeddable":true,"href":"https:\/\/francescophoto.it\/blog\/wp-json\/wp\/v2\/tags?post=1255"}],"curies":[{"name":"wp","href":"https:\/\/api.w.org\/{rel}","templated":true}]}}