{"id":11968,"date":"2012-05-13T22:20:36","date_gmt":"2012-05-13T21:20:36","guid":{"rendered":"http:\/\/francescophoto.wordpress.com\/?p=11968"},"modified":"2012-05-13T22:20:36","modified_gmt":"2012-05-13T21:20:36","slug":"panasonic-press-brief","status":"publish","type":"post","link":"https:\/\/francescophoto.it\/blog\/2012\/05\/13\/panasonic-press-brief\/","title":{"rendered":"Panasonic press brief"},"content":{"rendered":"<p><a href=\"http:\/\/blog.francescophoto.it\/wp-content\/uploads\/2012\/05\/panasonic-logo-jan08.jpg\"><img loading=\"lazy\" decoding=\"async\" class=\"alignright size-thumbnail wp-image-11969\" title=\"panasonic-logo-jan08\" src=\"http:\/\/blog.francescophoto.it\/wp-content\/uploads\/2012\/05\/panasonic-logo-jan08.jpg?w=125\" alt=\"\" width=\"125\" height=\"96\" \/><\/a>Venerd\u00ec scorso ho partecipato al press brief annuale di Panasonic Italia organizzato per informare giornalisti e blogger sulle ultime novit\u00e0 fotografiche presentate dalla casa e per spiegare e mettere in rilievo le caratteristiche tecniche ed i punti di forza delle ultime creazioni fotografiche della casa giapponese. A questo compito \u00e8 stato chiamato Mr. Uematsu Michiharu, ingegnere progettista di Panasonic. Al briefing \u00e8 seguita una sessione di shooting nella quale \u00e8 stato possibile provare l&#8217;intera gamma fotografica Panasonic.<br \/>\nLa partecipazione \u00e8 stata molto numerosa e ottima l&#8217;organizzazione.<!--more--><br \/>\nDurante la sessione di briefing sono state illustrate le ultime novit\u00e0 della casa, con particolare attenzione alla gamma delle mirrorless che comprende numerosi modelli, a partire da quelli di uso pi\u00f9 semplice ed immediato delle serie G e GF, queste ultime di dimensioni particolarmente ridotte, alla pi\u00f9 sofisticata GH ed alla GX, ottimo compromesso fra presatazioni e trasportabilit\u00e0.<br \/>\nIn particolare \u00e8 stata illustrata l&#8217;ultima novit\u00e0, la GF5, che succede alla precedente GF3. La nuova GF5 presenta interessanti novit\u00e0 e miglioramenti rispetto alla precedente versione. In particolare ha un nuovo sensore Live MOS da 12,1 Mpx, un nuovo processore d&#8217;immagine Venus Engine, una sensibilit\u00e0 Iso estesa fino a 12.800. Anche l&#8217;autofocus \u00e8 stato migliorato ed \u00e8 ora pi\u00f9 rapido, cos\u00ec come \u00e8 migliorata la velocit\u00e0 di raffica. Anche per la parte video ci sono novit\u00e0 con la possibilit\u00e0 di salvare i filmati anche in MP4 a 1920&#215;1080 pixel e il microfono stereo. Infine anche l&#8217;interfaccia utente \u00e8 stata migliorata e resa pi\u00f9 veloce.<br \/>\nIn conclusione una macchina particolarmente interessante che spero di provare presto.<\/p>\n<p>Mr. Uematsu Michiharu ha poi illustrato le caratteristiche ed i punti di forza del sistema Micro Four Thirds, scelto da Panasonic per le sue fotocamere mirrorless, confrontandolo anche con gli altri formati ed arrivando alla conclusione che \u00e8 il miglior compromesso fra la qualit\u00e0 d&#8217;immagine e dimensioni delle fotocamere.<\/p>\n<p>Alla fine \u00e8 stato possibile provare molte delle fotocamere e degli obiettivi messi a disposizione da Panasonic.<\/p>\n<p>Ringrazio quindi Panasonic Italia per aver offerto questa interessante occasione per informarci sui suoi nuovi prodotti e per il reciproco scambio di informazioni ed opinioni.<\/p>\n<p><a href=\"http:\/\/blog.francescophoto.it\/wp-content\/uploads\/2012\/04\/gf5-white-3qtr.jpg\"><img loading=\"lazy\" decoding=\"async\" class=\"alignnone size-large wp-image-11672\" title=\"GF5-White-3qtr\" src=\"http:\/\/blog.francescophoto.it\/wp-content\/uploads\/2012\/04\/gf5-white-3qtr.jpg?w=500\" alt=\"\" width=\"500\" height=\"375\" \/><\/a><\/p>\n","protected":false},"excerpt":{"rendered":"<p>Venerd\u00ec scorso ho partecipato al press brief annuale di Panasonic Italia organizzato per informare giornalisti e blogger sulle ultime novit\u00e0 fotografiche presentate dalla casa e per spiegare e mettere in rilievo le caratteristiche tecniche ed i punti di forza delle ultime creazioni fotografiche della casa giapponese. A questo compito \u00e8 stato chiamato Mr. Uematsu Michiharu, &hellip; <a href=\"https:\/\/francescophoto.it\/blog\/2012\/05\/13\/panasonic-press-brief\/\" class=\"more-link\">Continua la lettura di <span class=\"screen-reader-text\">Panasonic press brief<\/span> <span class=\"meta-nav\">&rarr;<\/span><\/a><\/p>\n","protected":false},"author":1,"featured_media":0,"comment_status":"open","ping_status":"open","sticky":false,"template":"","format":"standard","meta":{"_jetpack_memberships_contains_paid_content":false,"footnotes":""},"categories":[11],"tags":[636,985],"class_list":["post-11968","post","type-post","status-publish","format-standard","hentry","category-eventi","tag-gf5","tag-panasonic"],"jetpack_featured_media_url":"","jetpack_sharing_enabled":true,"_links":{"self":[{"href":"https:\/\/francescophoto.it\/blog\/wp-json\/wp\/v2\/posts\/11968","targetHints":{"allow":["GET"]}}],"collection":[{"href":"https:\/\/francescophoto.it\/blog\/wp-json\/wp\/v2\/posts"}],"about":[{"href":"https:\/\/francescophoto.it\/blog\/wp-json\/wp\/v2\/types\/post"}],"author":[{"embeddable":true,"href":"https:\/\/francescophoto.it\/blog\/wp-json\/wp\/v2\/users\/1"}],"replies":[{"embeddable":true,"href":"https:\/\/francescophoto.it\/blog\/wp-json\/wp\/v2\/comments?post=11968"}],"version-history":[{"count":0,"href":"https:\/\/francescophoto.it\/blog\/wp-json\/wp\/v2\/posts\/11968\/revisions"}],"wp:attachment":[{"href":"https:\/\/francescophoto.it\/blog\/wp-json\/wp\/v2\/media?parent=11968"}],"wp:term":[{"taxonomy":"category","embeddable":true,"href":"https:\/\/francescophoto.it\/blog\/wp-json\/wp\/v2\/categories?post=11968"},{"taxonomy":"post_tag","embeddable":true,"href":"https:\/\/francescophoto.it\/blog\/wp-json\/wp\/v2\/tags?post=11968"}],"curies":[{"name":"wp","href":"https:\/\/api.w.org\/{rel}","templated":true}]}}