{"id":1184,"date":"2009-03-09T17:57:49","date_gmt":"2009-03-09T16:57:49","guid":{"rendered":"http:\/\/francescophoto.wordpress.com\/?p=1184"},"modified":"2009-03-09T17:57:49","modified_gmt":"2009-03-09T16:57:49","slug":"riflessioni-sul-pma","status":"publish","type":"post","link":"https:\/\/francescophoto.it\/blog\/2009\/03\/09\/riflessioni-sul-pma\/","title":{"rendered":"Riflessioni sul PMA"},"content":{"rendered":"<p><img loading=\"lazy\" decoding=\"async\" class=\"alignright size-full wp-image-1054\" title=\"pma09o\" src=\"http:\/\/blog.francescophoto.it\/wp-content\/uploads\/2009\/02\/pma09o.jpg\" alt=\"pma09o\" width=\"88\" height=\"40\" \/>A chiusura del PMA mi viene spontanea qualche riflessione su dove sta andando il mercato fotografico e cosa ci dovremo aspettare nei prossimi mesi anche in considerazione della crisi economica che stiamo vivendo.<br \/>\nLe anticipazioni solo di poche settimane fa davano per probabile la presentazione di molte nuove reflex da parte dei maggiori produttori, invece con l&#8217;eccezione di Olympus nessuno ha presentato novit\u00e0, rimandandole a primavera o inizio estate. Evidentemente si \u00e8 preferito posticipare le novit\u00e0 di maggior impatto economico sperando di presentarle fra qualche mese con una situazione pi\u00f9 favorevole.<!--more--><br \/>\nPer vivacizzre il mercato, soprattutto al livello del grande pubblico, oltre gli appassionati di fotografia, sono state presentate nugoli di compatte, dalle pi\u00f9 semplici alle pi\u00f9 sofisticate, alcune semplici rifacimenti dei modelli precedenti con qualcosa in pi\u00f9, altre con qualche nuova soluzione interessante.<br \/>\nTralasciano quindi l&#8217;analisi dei trend di sviluppo e delle novit\u00e0 del mondo reflex, rimandata a quando compariranno le prime novit\u00e0 2009, vediamo quali sono le novit\u00e0 pi\u00f9 significative e come si sta evolvendo il mondo delle compatte.<br \/>\nSecondo me la novit\u00e0 pi\u00f9 significativa del PMA \u00e8 l&#8217;annuncio da parte di Samsung della nuova serie di fotocamere NX. Sulla falsariga del sistema Micro 4\/3 Samsung ha annunciato la presentazione di fotocamere dotate di un sensore delle dimensioni APS e obiettivi intercambiabili, ma senza specchio reflex, sostituito, come nella Panasonic G1, da un mirino elettronico. Questo dovrebbe consentire di produrre fotocamere con una qualit\u00e0 di immagine paragonabile a quella delle reflex, ma meno ingombranti, pi\u00f9 leggere e pi\u00f9 semplici. Non \u00e8 detto per\u00f2 pi\u00f9 economiche. Staremo a vedere nei prossimi mesi l&#8217;applicazione pratica da parte di Samsung.<br \/>\nIntanto Panasonic ha presentato la nuova fotocamera Micro 4\/3 GH1, quella che avrebbe dovuto essere da subito la G1. Se infatti una fotocamera con mirino elettronico come la G1 non ha grandi vantaggi rispetto ad una reflex compatta e anzi ha qualche svantaggio, una fotocamera come la GH1, con la sua capacit\u00e0 di riprendere video HD, il display orientabile e l&#8217;obiettivo 14-140 stabilizzato e in grado di mantenere l&#8217;autofocus anche durante le riprese video promette di essere uno dei migliori compromessi per chi voglia, in viaggio o vacanza, effettuare riprese foto e video di qualit\u00e0 portandosi dietro un solo apparecchio (con tutto ci\u00f2 che si porta dietro, schede, batterie, caricabatterie, cavi, ecc.) leggero e poco impegnativo, pur se di qualit\u00e0.<br \/>\nRiguardo alle compatte prima di tutto c&#8217;\u00e8 da notare che la corsa all&#8217;aumento dei megapixel nelle compatte si \u00e8 praticamente fermata. la maggior parte delle novit\u00e0 ha 10 o 12 Mpx e nessuna ha superato il limite di 14, raggiunto lo scorso anno dalla Canon G10. Si notano invece diverse nuove tendenze. La prima \u00e8 quella di ampliare l&#8217;escursione focale degli zoom per fortuna anche dal lato grandangolo per cui molte compatte o superzoom partono ormai dal 28 mm equivalente e ce ne sono alcune che arrivano addirittura al 25 o al 24 mm. Altra tendenza che si pu\u00f2 rilevare \u00e8 quella di cercare di migliorare la qualit\u00e0 d&#8217;immagine, sia con sensori particolari (Fuji) sia confunzionalit\u00e0 specifiche (Ricoh). Terza nuova tendenza \u00e8 quella di introdurre la possibilit\u00e0 di eseguire raffiche ad alta o altissima velocit\u00e0 (Casio, Ricoh, Sony). Infine sempre pi\u00f9 compatte consentono di effettuare riprese video in alta definizione HD.<br \/>\nQuesto \u00e8 positivo per il miglioramento della qualit\u00e0 di immagine ottenibile dalle compatte, ma non \u00e8 sufficiente per chi vorrebbe una fotocamera tascabile che sia in grado di produrre foto di qualit\u00e0 paragonabile a quella delle reflex sia in buone condizioni di luce, sia soprattutto in luce scarsa. Nel mondo della pellicola simili fotocamere esistevano, una per tutte la Olympus XA (ovetto) che con l&#8217;ingombro di un pacchetto di sigarette , il suo splendido obiettivo 35\/2,8 e il &#8220;pieno formato&#8221; della pellicola produceva foto indistinguibili per qualit\u00e0 da quelle scattate con una reflex.<br \/>\nPer poter ottenere un simile risultato con le compatte digitali sarebbe necessari adottare un sensore di mimensioni maggiori di quelli attualmente utilizzati. Non dico un fullframe, ma almeno un APS. Sicuramente rinunciando ad un po&#8217; di escursione focale dello zoom dal lato tele sarebbe possibile produrre fotocamere piccole e compatte come le attuali, considerando che non c&#8217;\u00e8 pi\u00f9 l&#8217;ingombro della pellicola (non mi vengano a raccontare che l&#8217;elettronica \u00e8 ingombrante). Se questo non avviene \u00e8 evidentemente perch\u00e8 il mercato non ne sente la necessit\u00e0 e non richiede una maggiore qualit\u00e0 in quanto la maggior parte degli utenti di queste fotocamere si accontentano di una bassa qualit\u00e0 (basta vedere come scattano,tenendo la fotocamera con una sola mano lontano dal corpo: per loro una foto mossa e poco nitida non \u00e8 un problema!). L&#8217;unica speranza \u00e8 che a ci\u00f2 si arrivi come richiamo di marketing, esarurita la corsa ai megapixel, alle sensibilit\u00e0 sempre pi\u00f9 alte, al numero dei visi sorridenti riconosciuti, al numero di scene programmate ed all&#8217;escursione dello zoom. A questo punto un richiamo di marketing per differenziarsi pitrebbe essere quello del sensore pi\u00f9 grande, ma ci vorr\u00e0 tempo.<\/p>\n","protected":false},"excerpt":{"rendered":"<p>A chiusura del PMA mi viene spontanea qualche riflessione su dove sta andando il mercato fotografico e cosa ci dovremo aspettare nei prossimi mesi anche in considerazione della crisi economica che stiamo vivendo. Le anticipazioni solo di poche settimane fa davano per probabile la presentazione di molte nuove reflex da parte dei maggiori produttori, invece &hellip; <a href=\"https:\/\/francescophoto.it\/blog\/2009\/03\/09\/riflessioni-sul-pma\/\" class=\"more-link\">Continua la lettura di <span class=\"screen-reader-text\">Riflessioni sul PMA<\/span> <span class=\"meta-nav\">&rarr;<\/span><\/a><\/p>\n","protected":false},"author":1,"featured_media":0,"comment_status":"open","ping_status":"open","sticky":false,"template":"","format":"standard","meta":{"_jetpack_memberships_contains_paid_content":false,"footnotes":""},"categories":[8,17,20,23],"tags":[126,985,1012,1130],"class_list":["post-1184","post","type-post","status-publish","format-standard","hentry","category-compatte","category-generale","category-mercato","category-novita","tag-4-3","tag-panasonic","tag-pma","tag-samsung"],"jetpack_featured_media_url":"","jetpack_sharing_enabled":true,"_links":{"self":[{"href":"https:\/\/francescophoto.it\/blog\/wp-json\/wp\/v2\/posts\/1184","targetHints":{"allow":["GET"]}}],"collection":[{"href":"https:\/\/francescophoto.it\/blog\/wp-json\/wp\/v2\/posts"}],"about":[{"href":"https:\/\/francescophoto.it\/blog\/wp-json\/wp\/v2\/types\/post"}],"author":[{"embeddable":true,"href":"https:\/\/francescophoto.it\/blog\/wp-json\/wp\/v2\/users\/1"}],"replies":[{"embeddable":true,"href":"https:\/\/francescophoto.it\/blog\/wp-json\/wp\/v2\/comments?post=1184"}],"version-history":[{"count":0,"href":"https:\/\/francescophoto.it\/blog\/wp-json\/wp\/v2\/posts\/1184\/revisions"}],"wp:attachment":[{"href":"https:\/\/francescophoto.it\/blog\/wp-json\/wp\/v2\/media?parent=1184"}],"wp:term":[{"taxonomy":"category","embeddable":true,"href":"https:\/\/francescophoto.it\/blog\/wp-json\/wp\/v2\/categories?post=1184"},{"taxonomy":"post_tag","embeddable":true,"href":"https:\/\/francescophoto.it\/blog\/wp-json\/wp\/v2\/tags?post=1184"}],"curies":[{"name":"wp","href":"https:\/\/api.w.org\/{rel}","templated":true}]}}