{"id":1161,"date":"2009-03-06T19:42:49","date_gmt":"2009-03-06T18:42:49","guid":{"rendered":"http:\/\/francescophoto.wordpress.com\/?p=1161"},"modified":"2009-03-06T19:42:49","modified_gmt":"2009-03-06T18:42:49","slug":"olympus-e620-prime-foto","status":"publish","type":"post","link":"https:\/\/francescophoto.it\/blog\/2009\/03\/06\/olympus-e620-prime-foto\/","title":{"rendered":"Olympus E620 : prime foto"},"content":{"rendered":"<p><img loading=\"lazy\" decoding=\"async\" class=\"alignright size-thumbnail wp-image-1165\" title=\"logo4\" src=\"http:\/\/blog.francescophoto.it\/wp-content\/uploads\/2009\/03\/logo4.gif?w=128\" alt=\"logo4\" width=\"128\" height=\"22\" \/>Il sito inglese <a href=\"http:\/\/www.photographyblog.com\/\">Photographyblog<\/a> ha pubblicato oggi le prime foto di prova scattate con la nuova Olympus E620.\u00a0 Le foto sono state scattate con l&#8217;impostazione Jpeg fine e con l&#8217;obiettivo 14-54mm f2.8-3.5 II e non sono state modificate in alcun modo. Si tratta di una serie di foto (27) \u00a0in esterni pi\u00f9 una serie con la stessa inquadratura e valori Iso da 100 a 3200. Infine ci sono 8 foto scattate usando gli Art Filters.<!--more--><\/p>\n<p>Ho scaricato alcune foto per esaminarle al 100 % sul monitor.<\/p>\n<p>Le foto scattate alle sensibilit\u00e0 fino a 200 Iso hanno una buona resa con un livello di rumore contenuto, anche se sembrano un po&#8217;\u00a0 morbide, probabilmente a causa delle impostazioni usate e del fatto che son jpeg.<\/p>\n<p>Quelle alle sensibilit\u00e0 superiori per\u00f2 presentano dei problemi. Gi\u00e0 a 400 Iso si nota una diminuzione di nitidezza dovuta evidentemente al filtro antirumore, a 800 \u00e8 inoltre presente rumore, nonostante il filtro a 1600 ancora di pi\u00f9 e quella a 3200 mi sembra francamente poco utilizzabile.<\/p>\n<p><a href=\"http:\/\/www.photographyblog.com\/\">Photograpyblog<\/a><\/p>\n","protected":false},"excerpt":{"rendered":"<p>Il sito inglese Photographyblog ha pubblicato oggi le prime foto di prova scattate con la nuova Olympus E620.\u00a0 Le foto sono state scattate con l&#8217;impostazione Jpeg fine e con l&#8217;obiettivo 14-54mm f2.8-3.5 II e non sono state modificate in alcun modo. Si tratta di una serie di foto (27) \u00a0in esterni pi\u00f9 una serie con &hellip; <a href=\"https:\/\/francescophoto.it\/blog\/2009\/03\/06\/olympus-e620-prime-foto\/\" class=\"more-link\">Continua la lettura di <span class=\"screen-reader-text\">Olympus E620 : prime foto<\/span> <span class=\"meta-nav\">&rarr;<\/span><\/a><\/p>\n","protected":false},"author":1,"featured_media":0,"comment_status":"open","ping_status":"open","sticky":false,"template":"","format":"standard","meta":{"_jetpack_memberships_contains_paid_content":false,"footnotes":""},"categories":[10,23],"tags":[126,943,1053],"class_list":["post-1161","post","type-post","status-publish","format-standard","hentry","category-dslr","category-novita","tag-4-3","tag-olympus","tag-reflex"],"jetpack_featured_media_url":"","jetpack_sharing_enabled":true,"_links":{"self":[{"href":"https:\/\/francescophoto.it\/blog\/wp-json\/wp\/v2\/posts\/1161","targetHints":{"allow":["GET"]}}],"collection":[{"href":"https:\/\/francescophoto.it\/blog\/wp-json\/wp\/v2\/posts"}],"about":[{"href":"https:\/\/francescophoto.it\/blog\/wp-json\/wp\/v2\/types\/post"}],"author":[{"embeddable":true,"href":"https:\/\/francescophoto.it\/blog\/wp-json\/wp\/v2\/users\/1"}],"replies":[{"embeddable":true,"href":"https:\/\/francescophoto.it\/blog\/wp-json\/wp\/v2\/comments?post=1161"}],"version-history":[{"count":0,"href":"https:\/\/francescophoto.it\/blog\/wp-json\/wp\/v2\/posts\/1161\/revisions"}],"wp:attachment":[{"href":"https:\/\/francescophoto.it\/blog\/wp-json\/wp\/v2\/media?parent=1161"}],"wp:term":[{"taxonomy":"category","embeddable":true,"href":"https:\/\/francescophoto.it\/blog\/wp-json\/wp\/v2\/categories?post=1161"},{"taxonomy":"post_tag","embeddable":true,"href":"https:\/\/francescophoto.it\/blog\/wp-json\/wp\/v2\/tags?post=1161"}],"curies":[{"name":"wp","href":"https:\/\/api.w.org\/{rel}","templated":true}]}}