{"id":11578,"date":"2012-04-23T23:59:26","date_gmt":"2012-04-23T22:59:26","guid":{"rendered":"http:\/\/francescophoto.wordpress.com\/?p=11578"},"modified":"2012-04-23T23:59:26","modified_gmt":"2012-04-23T22:59:26","slug":"nikon-p310-impressioni","status":"publish","type":"post","link":"https:\/\/francescophoto.it\/blog\/2012\/04\/23\/nikon-p310-impressioni\/","title":{"rendered":"Nikon P310 : impressioni"},"content":{"rendered":"<p><a href=\"http:\/\/blog.francescophoto.it\/wp-content\/uploads\/2012\/02\/p310_bk_front34r_lo.jpg\"><img loading=\"lazy\" decoding=\"async\" class=\"alignright size-thumbnail wp-image-10695\" title=\"P310_BK_front34r_lo\" src=\"http:\/\/blog.francescophoto.it\/wp-content\/uploads\/2012\/02\/p310_bk_front34r_lo.jpg?w=128\" alt=\"\" width=\"128\" height=\"91\" srcset=\"https:\/\/francescophoto.it\/blog\/wp-content\/uploads\/2012\/02\/p310_bk_front34r_lo.jpg 640w, https:\/\/francescophoto.it\/blog\/wp-content\/uploads\/2012\/02\/p310_bk_front34r_lo-500x356.jpg 500w\" sizes=\"auto, (max-width: 128px) 100vw, 128px\" \/><\/a>La P310 \u00e8 una delle ultime novit\u00e0 di Nikon nel settore delle compatte. La sua caratteristica principale \u00e8 l&#8217;obiettivo, uno zoom 4x equivalente ad un 24-100 mm con la notevole luminosit\u00e0 di f71,8 in posizione grandangolo. Ha un sensore BSi CMOS (retroilluminato) da 16 mpx, e la possibilit\u00e0 delle regolazioni manuali o a priorit\u00e0, oltre che automatiche. Lo schermo \u00e8 fisso da 3&#8243; e )21.000 pixel. Riprende video Full HD a 1920&#215;1080 pixel. Il corpo \u00e8 squadrato ma abbastanza compatto.<br \/>\n<!--more--><\/p>\n<p>La Nikon P310 ha il suo maggiore punto di interesse nell&#8217;obiettivo ad alta luminosit\u00e0. Questo \u00e8 uno zoom 4,2x 4,3-17,9 mm (equivalente ad un 24-100 mm) f\/1,8-4,9 stabilizzato. La sua luminosit\u00e0 \u00e8 notevole alla minima focale, anche se poi a quella massima diminuisce notevolmente, come nella Canon S100, per motivi di contenimento dell&#8217;ingombro.<br \/>\nA differenza della Canon S100 la P310 per\u00f2 ha un sensore di dimensioni standard per una compatta, 1\/2,3&#8243;, ma BSI CMOS (cio\u00e8 retroilluminato) con 16 Mpx. Non ha poi alcune sofisticate caratteristiche come le due ghiere di comando, l&#8217;anello di impostazione attorno all&#8217;obiettivo e la possibilit\u00e0 di salvare in raw. Questo per\u00f2 consente di contenere il prezzo di vendita che \u00e8 infatti di circa 280 \u20ac.<br \/>\nLa disponibilit\u00e0 di un obiettivo molto luminoso, almeno in grandangolo, \u00e8 un notevole vantaggio. Infatti la maggior parte delle compatte hanno obiettivi che partono da luminosit\u00e0 di f\/3,2-3,5. Questo vuol dire che, almeno per le focali grandangolari (24-30 mm). quelle pi\u00f9 usate in interni, la P310 ha da 1,5 a 2 stop di vantaggio in luminosit\u00e0. A parit\u00e0 di esposizione si possono quindi usare sensibilit\u00e0 inferiori con notevole vantaggio per la qualit\u00e0 d&#8217;immagine. Se ad esempio con f\/3,5 si deve usare una sensibilit\u00e0 di 1600 Iso per scattare con un tempo di scatto che non dia rischio di mosso anche in presenza dello stabilizzatore, con f\/1,8 si pu\u00f2 scattare con lo stesso tempo a 400 Iso. Non ci si deve preoccupare della profondit\u00e0 di campo perch\u00e8 con sensori cos\u00ec piccoli anche a f\/1,8 \u00e8 quasi tutto a fuoco. Infine a queste grandi aperture non si risente dell&#8217;effetto della diffrazione che per le compatte si fa sentire gi\u00e0 da f\/2,8.<br \/>\nLo svantaggio di questo obiettivo \u00e8 la lunghezza focale dal lato tele di soli 100 mm. A confronto con i 450-500 mm di certe compatte superzoom sembra poco, ma in relat\u00e0 \u00e8 sufficiente per la maggior parte degli utilizzi. Inoltre le focali cos\u00ec estreme di certe compatte pongono notevoli problemi di utilizzo in quanto la loro luminosit\u00e0 alla focale massima \u00e8 veramente molto bassa f\/5,3-6,8 e questo richiede, se non ci si trova in condizioni di luce abbondante, di aumentare notevolmente la sensibilit\u00e0 per scattare con tempi che evitino il mosso, complice anche il fatto che le compatte senza mirino devono essere tenute a braccia in avanti in posizione poco stabile. Queste focali sono quindi di scarsa utilit\u00e0 pratica.<br \/>\nLe altre caratteristiche della P310 sono uno schermo fisso da 3&#8243; e 921.000 pixel, mpossibilit\u00e0 di regolazione dell&#8217;esposizione automatica, manuale ed a priorit\u00e0, messa a fuoco solo automatica anche in posizione macro, ripresa video Full HD a 1920&#215;1080 pixel e 30 fg\/s in formato H.264 o Mpeg4 con audio stereo, flash incorporato a scomparsa.<\/p>\n<p>La P310 \u00e8 abbastanza piccola e compatta, anche se il suo corpo \u00e8 piuttosto squadrato. In posizione spento l&#8217;obiettivo sporge appena dal corpo quindi la macchina \u00e8 tascabile senza difficolt\u00e0.<br \/>\nI comandi sono quasi tutti concentrati nella parte superiore e posteriore destra. Sulla calotta troviamo da destra la ghiera di regolazione delle impostazioni, il pulsante di scatto con coassiale la leva dello zoom, il pulsante di accensione e la ghiera di impostazione delle modalit\u00e0 di scatto (Auto, Program, A, S, Manuale, Scene e utente). Posterirmente c&#8217;\u00e8 il pulsante diretto per la ripresa video, quello per la revisione degli scatti, il pad a quattro vie per impostazione flash, compensazione dell&#8217;esposizione, impostazione dell&#8217;autofocus e modalit\u00e0 di scatto (singolo, continuo, autoscatto). Al centro il pulsante di conferma. Sotto il pulsante menu e quello per cancellare le foto.<\/p>\n<p>La P310 non ha un mirino, nemmeno opzionale, e si deve inquadrare solo con lo schermo. Non so come si possa vedere in esterni, ma in interni \u00e8 chiaro e ben visibile. La messa a fuoco \u00e8 nella media come velocit\u00e0 e quasi sempre precisa.<br \/>\nHo scattato varie foto a tutte le sensibilit\u00e0 possibili, partendo da 200 Iso grazie alla luminosit\u00e0 dell&#8217;obiettivo in posizione grandangolo, per arrivare a 6.400 Iso. Le altre impostazioni erano A, priorit\u00e0 dei diaframmi per poter usare f\/1,8 o comunque il diaframma pi\u00f9 aperto in rapporto alla focale e bilanciamento del bianco automatico. Le foto sono state salvate in ovviamente in jpeg. Le foto fatte con la focale grandangolare sono scattate con f\/1,8 e tempi adeguati ad evitare il mosso. Quelle con focale tele (la macchina ripresa) invece hanno dovuto usare la focale di f\/4,9 e quindi quelle a 400 e 800 Iso con tempi di 1\/8 e 1\/13 sono mosse, nonostante lo stabilizzatore ottico. Alle foto \u00e8 applicata la riduzione di rumore prevista come standard da Nikon prima del salvataggio in jpeg.<\/p>\n<p>A 400 Iso le tracce residue di rumore possono essere percepite solo sulle superfici poco illuminate di colore uniforme e le foto sono nitide e ben dettagliate. Anche a 800 Iso non si vedono tracce vistose di rumore e le foto conservano ancora un buon dettaglio, anche se si vede un intervento pi\u00f9 pesante della riduzione di rumore. A 1600 Iso il rumore si vede in tutta la foto e la perdita di nitidezza incomincia ad essere consistente. Ci\u00f2 si accentua a 3200 Iso, anche se le foto possono essere ancora considerate accettabili per piccole stampe o web. I 6400 Iso invece \u00e8 meglio lasciarli stare; la riduzione di rumore effettivamente lo attenua molto, ma a prezzo della nitidezza: la foto risulta impastata e priva di dettagli. In sintesi quindi la P310 pu\u00f2 essere usata senza problemi fino a 800 Iso e con qualche riserva a 1600. Questo in unione con la luminosit\u00e0 dell&#8217;obiettivo la rende adatta anche a riprese in luce scarsa a patto che non ci si aspetti la qualit\u00e0 di una reflex.<\/p>\n<p>In conclusione una compatta interessante, venduta ad un prezzo non eccessivo, con una buona qualit\u00e0 d&#8217;immagine alle basse e medie sensibilit\u00e0 e che pu\u00f2 essere anche sfruttata in condizioni di illuminazione non ottimale in virt\u00f9 della luminosit\u00e0 del suo obiettivo. Un&#8217;ottima alternativa alle compatte con zoom da millantaX.<\/p>\n<p>____________________<br \/>\nPassando il cursore sulle foto si potr\u00e0 vedere la sensibilit\u00e0 corrispondente. Per ingrandirle cliccare sopra.<\/p>\n\n","protected":false},"excerpt":{"rendered":"<p>La P310 \u00e8 una delle ultime novit\u00e0 di Nikon nel settore delle compatte. La sua caratteristica principale \u00e8 l&#8217;obiettivo, uno zoom 4x equivalente ad un 24-100 mm con la notevole luminosit\u00e0 di f71,8 in posizione grandangolo. Ha un sensore BSi CMOS (retroilluminato) da 16 mpx, e la possibilit\u00e0 delle regolazioni manuali o a priorit\u00e0, oltre &hellip; <a href=\"https:\/\/francescophoto.it\/blog\/2012\/04\/23\/nikon-p310-impressioni\/\" class=\"more-link\">Continua la lettura di <span class=\"screen-reader-text\">Nikon P310 : impressioni<\/span> <span class=\"meta-nav\">&rarr;<\/span><\/a><\/p>\n","protected":false},"author":1,"featured_media":0,"comment_status":"open","ping_status":"open","sticky":false,"template":"","format":"standard","meta":{"_jetpack_memberships_contains_paid_content":false,"footnotes":""},"categories":[45,8,18],"tags":[905,971],"class_list":["post-11578","post","type-post","status-publish","format-standard","hentry","category-45","category-compatte","category-impressioni-fotocamere","tag-nikon","tag-p310"],"jetpack_featured_media_url":"","jetpack_sharing_enabled":false,"_links":{"self":[{"href":"https:\/\/francescophoto.it\/blog\/wp-json\/wp\/v2\/posts\/11578","targetHints":{"allow":["GET"]}}],"collection":[{"href":"https:\/\/francescophoto.it\/blog\/wp-json\/wp\/v2\/posts"}],"about":[{"href":"https:\/\/francescophoto.it\/blog\/wp-json\/wp\/v2\/types\/post"}],"author":[{"embeddable":true,"href":"https:\/\/francescophoto.it\/blog\/wp-json\/wp\/v2\/users\/1"}],"replies":[{"embeddable":true,"href":"https:\/\/francescophoto.it\/blog\/wp-json\/wp\/v2\/comments?post=11578"}],"version-history":[{"count":0,"href":"https:\/\/francescophoto.it\/blog\/wp-json\/wp\/v2\/posts\/11578\/revisions"}],"wp:attachment":[{"href":"https:\/\/francescophoto.it\/blog\/wp-json\/wp\/v2\/media?parent=11578"}],"wp:term":[{"taxonomy":"category","embeddable":true,"href":"https:\/\/francescophoto.it\/blog\/wp-json\/wp\/v2\/categories?post=11578"},{"taxonomy":"post_tag","embeddable":true,"href":"https:\/\/francescophoto.it\/blog\/wp-json\/wp\/v2\/tags?post=11578"}],"curies":[{"name":"wp","href":"https:\/\/api.w.org\/{rel}","templated":true}]}}