{"id":1103,"date":"2009-03-02T17:07:18","date_gmt":"2009-03-02T16:07:18","guid":{"rendered":"http:\/\/francescophoto.wordpress.com\/?p=1103"},"modified":"2009-03-02T17:07:18","modified_gmt":"2009-03-02T16:07:18","slug":"pma-samsung-serie-nx","status":"publish","type":"post","link":"https:\/\/francescophoto.it\/blog\/2009\/03\/02\/pma-samsung-serie-nx\/","title":{"rendered":"PMA : Samsung serie NX"},"content":{"rendered":"<p><img loading=\"lazy\" decoding=\"async\" class=\"alignright size-thumbnail wp-image-1105\" title=\"samsung_nx\" src=\"http:\/\/blog.francescophoto.it\/wp-content\/uploads\/2009\/03\/samsung_nx.jpg?w=117\" alt=\"samsung_nx\" width=\"117\" height=\"96\" \/>Samsung lancia al PMA 2009 la nuova rivoluzionaria famiglia di fotocamere digitali ibride della serie NX, dopo aver preannunciato la sua intenzione alla Photokina dello scorso anno.\u00a0La serie NX offre le prestazioni e la qualit\u00e0 d&#8217;immagine di una DSLR e la portabilit\u00e0 e la convenienza di una compatta, similmente a quanto fatto da Olympus e Panasonic con il sistema Micro 4\/3.<br \/>\nLA serie NX \u00e8 l&#8217;anello di congiunzione fra le DSRL e le compatte combinando molti vantaggi dell&#8217;una e dell&#8217;altra. Come le reflex la serie NX utilizza un sensore di dimensioni APS con una superficie molto maggiore di una compatta e quindi con un&#8217;alta qualit\u00e0 d&#8217;immagine. Non ha per\u00f2 lo specchio e il pentaprisma, ma utilizza un mirino elettronico a elevata risoluzione.<!--more--><br \/>\nQuesto ha permesso di ridurre significativamente lo spessore e il peso della nuova fotocamera riducendo la distanza fra obiettivo e sensore di circa il 60 % rispetto ad una reflex. In aggiunta al mirino elettronico \u00e8 possibile anche visualizzare le immagini sul display ad alta risoluzione.<br \/>\nLa serie NX \u00e8 quindi molto pi\u00f9 leggera e meno ingombrante di una reflex pur mantenendo una qualit\u00e0 di immagine uguale, grazie al suo grande sensore APS, con una superficie molte volte superiore a quella delle compatte. Rispetto a queste la resa sar\u00e0 molto superiore specialmente alle alte sensibilit\u00e0 e in condizioni di scarsa luminosit\u00e0.<br \/>\nIl primo modello della nuova serie sar\u00e0 disponibile nella seconda met\u00e0 del 2009.<br \/>\nDopo l&#8217;annuncio, alla scorsa Photokina, del sistema Micro 4\/3 da parte di Olympus e Panasonic e la presentazione della prima fotocamera in questo standard, la Panasonic G1, Samsung segue con un annuncio simile a distanza di pochi mesi, perdipi\u00f9 con una fotocamera con il sensore APS intrinsicamente superiore al 4\/3 in virt\u00f9 della sua maggiore superficie.<br \/>\nSi tratta senza dubbio di fotocamere interessanti e la concorrenza fra pi\u00f9 sistemi stimoler\u00e0 certamente il loro miglioramento.<br \/>\nResta il dubbio per\u00f2 su a chi sono destinate e a cosa servano.<br \/>\nSe devono essere fotocamere facilmente trasportabili in realt\u00e0 non lo sono perch\u00e8 non entrano in una tasca, come le reflex, e in realt\u00e0 le loro dimensioni non differiscono troppo da quelle delle reflex pi\u00f9 compatte. Se devono essere alternative alle reflex il loro mirino, per quanto buono, non potr\u00e0 mai essere paragonato alla visione ottica diretta, inoltre il loro parco ottiche, almeno per il momento \u00e8 piuttosto limitato. Anche dal lato prezzo per adesso l&#8217;unica in vendita, la Panasonic G1, \u00e8 pi\u00f9 costosa delle reflex entry level. Speriamo che le nuove Samsung siano pi\u00f9 convenienti.<br \/>\nPresumibilmente si rivolgono al pubblico, piuttosto numeroso, proveniente dalle compatte e che vorrebbe qualcosa di pi\u00f9, ma viene intimidito dalle reflex che gli sembrano troppo complicate e impegnative e che si limiteranno ad untilizzare l&#8217;obiettivo in dotazione o al massimo un secondo.<br \/>\nLa speranza \u00e8 per\u00f2 che sulla base di qusti sistemi possano essere sviluppate delle vere compatte tascabili, ad obiettivo intercambiabile e che producano finalmente immagini di buona qualit\u00e0.<\/p>\n<p>\u00a0<\/p>\n<p>\u00a0<img loading=\"lazy\" decoding=\"async\" class=\"alignnone size-large wp-image-1113\" title=\"nx_bk_f\" src=\"http:\/\/blog.francescophoto.it\/wp-content\/uploads\/2009\/03\/nx_bk_f.jpg?w=500\" alt=\"nx_bk_f\" width=\"500\" height=\"360\" srcset=\"https:\/\/francescophoto.it\/blog\/wp-content\/uploads\/2009\/03\/nx_bk_f.jpg 640w, https:\/\/francescophoto.it\/blog\/wp-content\/uploads\/2009\/03\/nx_bk_f-500x360.jpg 500w\" sizes=\"auto, (max-width: 500px) 100vw, 500px\" \/><\/p>\n<p>\u00a0<\/p>\n<p>\u00a0<\/p>\n<p>\u00a0<img loading=\"lazy\" decoding=\"async\" class=\"alignnone size-large wp-image-1114\" title=\"nx_bk_b\" src=\"http:\/\/blog.francescophoto.it\/wp-content\/uploads\/2009\/03\/nx_bk_b.jpg?w=500\" alt=\"nx_bk_b\" width=\"500\" height=\"360\" srcset=\"https:\/\/francescophoto.it\/blog\/wp-content\/uploads\/2009\/03\/nx_bk_b.jpg 640w, https:\/\/francescophoto.it\/blog\/wp-content\/uploads\/2009\/03\/nx_bk_b-500x360.jpg 500w\" sizes=\"auto, (max-width: 500px) 100vw, 500px\" \/><\/p>\n<p>\u00a0<\/p>\n<p>\u00a0<\/p>\n<p>\u00a0<img loading=\"lazy\" decoding=\"async\" class=\"alignnone size-large wp-image-1115\" title=\"nx_bk_t\" src=\"http:\/\/blog.francescophoto.it\/wp-content\/uploads\/2009\/03\/nx_bk_t.jpg?w=500\" alt=\"nx_bk_t\" width=\"500\" height=\"289\" srcset=\"https:\/\/francescophoto.it\/blog\/wp-content\/uploads\/2009\/03\/nx_bk_t.jpg 640w, https:\/\/francescophoto.it\/blog\/wp-content\/uploads\/2009\/03\/nx_bk_t-500x289.jpg 500w\" sizes=\"auto, (max-width: 500px) 100vw, 500px\" \/><\/p>\n","protected":false},"excerpt":{"rendered":"<p>Samsung lancia al PMA 2009 la nuova rivoluzionaria famiglia di fotocamere digitali ibride della serie NX, dopo aver preannunciato la sua intenzione alla Photokina dello scorso anno.\u00a0La serie NX offre le prestazioni e la qualit\u00e0 d&#8217;immagine di una DSLR e la portabilit\u00e0 e la convenienza di una compatta, similmente a quanto fatto da Olympus e &hellip; <a href=\"https:\/\/francescophoto.it\/blog\/2009\/03\/02\/pma-samsung-serie-nx\/\" class=\"more-link\">Continua la lettura di <span class=\"screen-reader-text\">PMA : Samsung serie NX<\/span> <span class=\"meta-nav\">&rarr;<\/span><\/a><\/p>\n","protected":false},"author":1,"featured_media":0,"comment_status":"open","ping_status":"open","sticky":false,"template":"","format":"standard","meta":{"_jetpack_memberships_contains_paid_content":false,"footnotes":""},"categories":[42,8,10,23],"tags":[1012,1130],"class_list":["post-1103","post","type-post","status-publish","format-standard","hentry","category-42","category-compatte","category-dslr","category-novita","tag-pma","tag-samsung"],"jetpack_featured_media_url":"","jetpack_sharing_enabled":true,"_links":{"self":[{"href":"https:\/\/francescophoto.it\/blog\/wp-json\/wp\/v2\/posts\/1103","targetHints":{"allow":["GET"]}}],"collection":[{"href":"https:\/\/francescophoto.it\/blog\/wp-json\/wp\/v2\/posts"}],"about":[{"href":"https:\/\/francescophoto.it\/blog\/wp-json\/wp\/v2\/types\/post"}],"author":[{"embeddable":true,"href":"https:\/\/francescophoto.it\/blog\/wp-json\/wp\/v2\/users\/1"}],"replies":[{"embeddable":true,"href":"https:\/\/francescophoto.it\/blog\/wp-json\/wp\/v2\/comments?post=1103"}],"version-history":[{"count":0,"href":"https:\/\/francescophoto.it\/blog\/wp-json\/wp\/v2\/posts\/1103\/revisions"}],"wp:attachment":[{"href":"https:\/\/francescophoto.it\/blog\/wp-json\/wp\/v2\/media?parent=1103"}],"wp:term":[{"taxonomy":"category","embeddable":true,"href":"https:\/\/francescophoto.it\/blog\/wp-json\/wp\/v2\/categories?post=1103"},{"taxonomy":"post_tag","embeddable":true,"href":"https:\/\/francescophoto.it\/blog\/wp-json\/wp\/v2\/tags?post=1103"}],"curies":[{"name":"wp","href":"https:\/\/api.w.org\/{rel}","templated":true}]}}