{"id":10876,"date":"2012-03-01T19:26:45","date_gmt":"2012-03-01T18:26:45","guid":{"rendered":"http:\/\/francescophoto.wordpress.com\/?p=10876"},"modified":"2012-03-01T19:26:45","modified_gmt":"2012-03-01T18:26:45","slug":"canon-5d-mark-iii-sara-presentata-domani","status":"publish","type":"post","link":"https:\/\/francescophoto.it\/blog\/2012\/03\/01\/canon-5d-mark-iii-sara-presentata-domani\/","title":{"rendered":"Canon 5D Mark III: sar\u00e0 presentata domani"},"content":{"rendered":"<p><a href=\"http:\/\/blog.francescophoto.it\/wp-content\/uploads\/2012\/03\/5dmarkiii2470-575x506.jpg\"><img loading=\"lazy\" decoding=\"async\" class=\"alignright size-thumbnail wp-image-10883\" title=\"5dmarkiii2470-575x506\" src=\"http:\/\/blog.francescophoto.it\/wp-content\/uploads\/2012\/03\/5dmarkiii2470-575x506.jpg?w=109\" alt=\"\" width=\"109\" height=\"96\" \/><\/a>Domani Canon presenter\u00e0 la tanto attesa ed anticipata 5D Mark III che sostituir\u00e0 la precedente Mark II. La nuova versione avr\u00e0 un sensore fullframe CMOS da 22 Mpx, con una sensibilit\u00e0 che potr\u00e0 essere estesa fino a 102.400 Iso, un sistema autofocus completamente nuovo con 61 punti AF, uno schermo da 3,2&#8243;, una raffica fino a 6 fg\/s, ripresa video Full HD e un corpo abbastanza simile alla 5D II.<!--more--><br \/>\nLe principali caratteristiche della Canon 5D III saranno:<\/p>\n<p>&#8211; sensore fullframe CMOS da 22,3 Mpx<br \/>\n&#8211; elaboratore d&#8217;immagine Digic 5+<br \/>\n&#8211; sensibilit\u00e0 Iso da 100 a 25.600 estensibile a 50 e 102.400<br \/>\n&#8211; autofocus con 61 punti AF di cui 41 a croce<br \/>\n&#8211; mirino con copertura del 100 %<br \/>\n&#8211; schermo da 3,2&#8243; con 1.040.000 pixel<br \/>\n&#8211; sistema di misurazione dell&#8217;esposizione iFCL con 63 zone e con modalit\u00e0 valutativa, a prevalenza centrale, parziale e spot<br \/>\n&#8211; otturatore con tempi da 30 secondi a 1\/8000 di secondo collaudato per 150.000 scatti<br \/>\n&#8211; modalit\u00e0 di scatto silenziosa e con vibrazioni ridotte<br \/>\n&#8211; velocit\u00e0 di raffica di 6 fg\/s<br \/>\n&#8211; liveview<br \/>\n&#8211; modalit\u00e0 di esposizione HDR<br \/>\n&#8211; possibilit\u00e0 di esposizioni multiple<br \/>\n&#8211; ripresa video Full HD con sensibilit\u00e0 da 100 a 12.800 Iso estendibile a 25.600<br \/>\n&#8211; corpo in metallo protetto da infiltrazioni di polvere ed acqua<br \/>\n&#8211; doppio alloggiamento per schede Compact Flash e SD<br \/>\n&#8211; dimensioni 152x116x76 mm<\/p>\n<p>&nbsp;<\/p>\n<p><a href=\"http:\/\/blog.francescophoto.it\/wp-content\/uploads\/2012\/03\/5dmarkiii2470-575x506.jpg\"><img loading=\"lazy\" decoding=\"async\" class=\"alignnone size-large wp-image-10883\" title=\"5dmarkiii2470-575x506\" src=\"http:\/\/blog.francescophoto.it\/wp-content\/uploads\/2012\/03\/5dmarkiii2470-575x506.jpg?w=454\" alt=\"\" width=\"454\" height=\"400\" \/><\/a><\/p>\n<p><a href=\"http:\/\/blog.francescophoto.it\/wp-content\/uploads\/2012\/03\/5d3front.png\"><img loading=\"lazy\" decoding=\"async\" class=\"alignnone size-large wp-image-10877\" title=\"5d3front\" src=\"http:\/\/blog.francescophoto.it\/wp-content\/uploads\/2012\/03\/5d3front.png?w=500\" alt=\"\" width=\"500\" height=\"327\" srcset=\"https:\/\/francescophoto.it\/blog\/wp-content\/uploads\/2012\/03\/5d3front.png 524w, https:\/\/francescophoto.it\/blog\/wp-content\/uploads\/2012\/03\/5d3front-500x327.png 500w\" sizes=\"auto, (max-width: 500px) 100vw, 500px\" \/><\/a><\/p>\n<p><a href=\"http:\/\/blog.francescophoto.it\/wp-content\/uploads\/2012\/03\/5d3back.png\"><img loading=\"lazy\" decoding=\"async\" class=\"alignnone size-large wp-image-10878\" title=\"5d3back\" src=\"http:\/\/blog.francescophoto.it\/wp-content\/uploads\/2012\/03\/5d3back.png?w=500\" alt=\"\" width=\"500\" height=\"352\" srcset=\"https:\/\/francescophoto.it\/blog\/wp-content\/uploads\/2012\/03\/5d3back.png 519w, https:\/\/francescophoto.it\/blog\/wp-content\/uploads\/2012\/03\/5d3back-500x353.png 500w\" sizes=\"auto, (max-width: 500px) 100vw, 500px\" \/><\/a><\/p>\n<p><a href=\"http:\/\/blog.francescophoto.it\/wp-content\/uploads\/2012\/03\/5d3top.png\"><img loading=\"lazy\" decoding=\"async\" class=\"alignnone size-large wp-image-10879\" title=\"5d3top\" src=\"http:\/\/blog.francescophoto.it\/wp-content\/uploads\/2012\/03\/5d3top.png?w=500\" alt=\"\" width=\"500\" height=\"305\" \/><\/a><\/p>\n","protected":false},"excerpt":{"rendered":"<p>Domani Canon presenter\u00e0 la tanto attesa ed anticipata 5D Mark III che sostituir\u00e0 la precedente Mark II. La nuova versione avr\u00e0 un sensore fullframe CMOS da 22 Mpx, con una sensibilit\u00e0 che potr\u00e0 essere estesa fino a 102.400 Iso, un sistema autofocus completamente nuovo con 61 punti AF, uno schermo da 3,2&#8243;, una raffica fino &hellip; <a href=\"https:\/\/francescophoto.it\/blog\/2012\/03\/01\/canon-5d-mark-iii-sara-presentata-domani\/\" class=\"more-link\">Continua la lettura di <span class=\"screen-reader-text\">Canon 5D Mark III: sar\u00e0 presentata domani<\/span> <span class=\"meta-nav\">&rarr;<\/span><\/a><\/p>\n","protected":false},"author":1,"featured_media":0,"comment_status":"open","ping_status":"open","sticky":false,"template":"","format":"standard","meta":{"_jetpack_memberships_contains_paid_content":false,"footnotes":""},"categories":[10,23],"tags":[142,280,585],"class_list":["post-10876","post","type-post","status-publish","format-standard","hentry","category-dslr","category-novita","tag-5d-iii","tag-canon","tag-fullframe"],"jetpack_featured_media_url":"","jetpack_sharing_enabled":true,"_links":{"self":[{"href":"https:\/\/francescophoto.it\/blog\/wp-json\/wp\/v2\/posts\/10876","targetHints":{"allow":["GET"]}}],"collection":[{"href":"https:\/\/francescophoto.it\/blog\/wp-json\/wp\/v2\/posts"}],"about":[{"href":"https:\/\/francescophoto.it\/blog\/wp-json\/wp\/v2\/types\/post"}],"author":[{"embeddable":true,"href":"https:\/\/francescophoto.it\/blog\/wp-json\/wp\/v2\/users\/1"}],"replies":[{"embeddable":true,"href":"https:\/\/francescophoto.it\/blog\/wp-json\/wp\/v2\/comments?post=10876"}],"version-history":[{"count":0,"href":"https:\/\/francescophoto.it\/blog\/wp-json\/wp\/v2\/posts\/10876\/revisions"}],"wp:attachment":[{"href":"https:\/\/francescophoto.it\/blog\/wp-json\/wp\/v2\/media?parent=10876"}],"wp:term":[{"taxonomy":"category","embeddable":true,"href":"https:\/\/francescophoto.it\/blog\/wp-json\/wp\/v2\/categories?post=10876"},{"taxonomy":"post_tag","embeddable":true,"href":"https:\/\/francescophoto.it\/blog\/wp-json\/wp\/v2\/tags?post=10876"}],"curies":[{"name":"wp","href":"https:\/\/api.w.org\/{rel}","templated":true}]}}