{"id":10775,"date":"2012-02-07T22:20:05","date_gmt":"2012-02-07T21:20:05","guid":{"rendered":"http:\/\/francescophoto.wordpress.com\/?p=10775"},"modified":"2012-02-07T22:20:05","modified_gmt":"2012-02-07T21:20:05","slug":"nuovi-obiettivi-canon-per-fullframe","status":"publish","type":"post","link":"https:\/\/francescophoto.it\/blog\/2012\/02\/07\/nuovi-obiettivi-canon-per-fullframe\/","title":{"rendered":"Nuovi obiettivi Canon per fullframe"},"content":{"rendered":"<p><a href=\"http:\/\/blog.francescophoto.it\/wp-content\/uploads\/2012\/02\/canonlens_3.jpg\"><img loading=\"lazy\" decoding=\"async\" class=\"alignright size-thumbnail wp-image-10776\" title=\"canonlens_3\" src=\"http:\/\/blog.francescophoto.it\/wp-content\/uploads\/2012\/02\/canonlens_3.jpg?w=61\" alt=\"\" width=\"61\" height=\"96\" srcset=\"https:\/\/francescophoto.it\/blog\/wp-content\/uploads\/2012\/02\/canonlens_3.jpg 511w, https:\/\/francescophoto.it\/blog\/wp-content\/uploads\/2012\/02\/canonlens_3-320x500.jpg 320w\" sizes=\"auto, (max-width: 61px) 100vw, 61px\" \/><\/a>Canon ha annunciato oggi tre nuovi obiettivi dedicati alle fullframe. Sono la revisione di obiettivi gi\u00e0 esistenti ed in pi\u00f9 i due grandangoli a focale fissa acquisiscono la stabilizzazione. Il primo \u00e8 il Canon EF 24-70\/2,8 L II USM completamente riprogettato per fornire migliori prestazioni. Gli altri sono i Canon EF 24\/2,8 IS USM e EF 28\/2,8 IS USM, i primi grandangoli a focale fissa ad avere la stabilizzazione.<!--more--><br \/>\nLe caratteristiche principali del Canon 24-70\/2,8 L II USM sono:<\/p>\n<p>&#8211; focale 24-70 mm con copertura fullframe<br \/>\n&#8211; apertura f\/2,8 costante<br \/>\n&#8211; angolo di campo 84\u00b0-34\u00b0 su fullframe, 59\u00b0-21\u00b0 su APS Canon<br \/>\n&#8211; composizione 18 elementi in 13 gruppi<br \/>\n&#8211; minima distanza di messa a fuoco 0,38 metri<br \/>\n&#8211; ingrandimento massimo 0,2x<br \/>\n&#8211; lunghezza 113 mm<br \/>\n&#8211; diametro 88 mm<br \/>\n&#8211; diametro filtri 82 mm<br \/>\n&#8211; peso 805 grammi<\/p>\n<p>Il prezzo previsto \u00e8 di 2299 \u20ac<\/p>\n<p>I due grandangoli Canon EF 24\/2,8 IS USM e EF 28\/2,8 IS USM sono i primi della loro categoria ad avere il sistema di stabilizzazione. Secondo Canon il guadagno \u00e8 di 4 stop. Questo li rende molto interessanti per riprese, anche notturne, di paesaggi e monumenti. Anche questi due grandangoli sono stati riprogettati per ottenere una migliore definizione e qualit\u00e0.<\/p>\n<p>I prezzi previsti sono di 799 \u20ac per il 28\/2,8 IS e di 829 \u20ac per il 24\/2,8 IS.<\/p>\n<p><a href=\"http:\/\/blog.francescophoto.it\/wp-content\/uploads\/2012\/02\/canonlens_3.jpg\"><img loading=\"lazy\" decoding=\"async\" class=\"size-large wp-image-10776 alignnone\" title=\"canonlens_3\" src=\"http:\/\/blog.francescophoto.it\/wp-content\/uploads\/2012\/02\/canonlens_3.jpg?w=255\" alt=\"\" width=\"255\" height=\"400\" \/><\/a><\/p>\n<p><a href=\"http:\/\/blog.francescophoto.it\/wp-content\/uploads\/2012\/02\/canonlens_1.jpg\"><img loading=\"lazy\" decoding=\"async\" class=\"alignnone size-large wp-image-10777\" title=\"canonlens_1\" src=\"http:\/\/blog.francescophoto.it\/wp-content\/uploads\/2012\/02\/canonlens_1.jpg?w=319\" alt=\"\" width=\"319\" height=\"400\" srcset=\"https:\/\/francescophoto.it\/blog\/wp-content\/uploads\/2012\/02\/canonlens_1.jpg 638w, https:\/\/francescophoto.it\/blog\/wp-content\/uploads\/2012\/02\/canonlens_1-399x500.jpg 399w\" sizes=\"auto, (max-width: 319px) 100vw, 319px\" \/><\/a><\/p>\n<p><a href=\"http:\/\/blog.francescophoto.it\/wp-content\/uploads\/2012\/02\/canonlens_2.jpg\"><img loading=\"lazy\" decoding=\"async\" class=\"alignnone size-large wp-image-10778\" title=\"canonlens_2\" src=\"http:\/\/blog.francescophoto.it\/wp-content\/uploads\/2012\/02\/canonlens_2.jpg?w=336\" alt=\"\" width=\"336\" height=\"400\" srcset=\"https:\/\/francescophoto.it\/blog\/wp-content\/uploads\/2012\/02\/canonlens_2.jpg 672w, https:\/\/francescophoto.it\/blog\/wp-content\/uploads\/2012\/02\/canonlens_2-420x500.jpg 420w\" sizes=\"auto, (max-width: 336px) 100vw, 336px\" \/><\/a><\/p>\n","protected":false},"excerpt":{"rendered":"<p>Canon ha annunciato oggi tre nuovi obiettivi dedicati alle fullframe. Sono la revisione di obiettivi gi\u00e0 esistenti ed in pi\u00f9 i due grandangoli a focale fissa acquisiscono la stabilizzazione. Il primo \u00e8 il Canon EF 24-70\/2,8 L II USM completamente riprogettato per fornire migliori prestazioni. Gli altri sono i Canon EF 24\/2,8 IS USM e &hellip; <a href=\"https:\/\/francescophoto.it\/blog\/2012\/02\/07\/nuovi-obiettivi-canon-per-fullframe\/\" class=\"more-link\">Continua la lettura di <span class=\"screen-reader-text\">Nuovi obiettivi Canon per fullframe<\/span> <span class=\"meta-nav\">&rarr;<\/span><\/a><\/p>\n","protected":false},"author":1,"featured_media":0,"comment_status":"open","ping_status":"open","sticky":false,"template":"","format":"standard","meta":{"_jetpack_memberships_contains_paid_content":false,"footnotes":""},"categories":[45,23],"tags":[280,585,936],"class_list":["post-10775","post","type-post","status-publish","format-standard","hentry","category-45","category-novita","tag-canon","tag-fullframe","tag-obiettivi"],"jetpack_featured_media_url":"","jetpack_sharing_enabled":true,"_links":{"self":[{"href":"https:\/\/francescophoto.it\/blog\/wp-json\/wp\/v2\/posts\/10775","targetHints":{"allow":["GET"]}}],"collection":[{"href":"https:\/\/francescophoto.it\/blog\/wp-json\/wp\/v2\/posts"}],"about":[{"href":"https:\/\/francescophoto.it\/blog\/wp-json\/wp\/v2\/types\/post"}],"author":[{"embeddable":true,"href":"https:\/\/francescophoto.it\/blog\/wp-json\/wp\/v2\/users\/1"}],"replies":[{"embeddable":true,"href":"https:\/\/francescophoto.it\/blog\/wp-json\/wp\/v2\/comments?post=10775"}],"version-history":[{"count":0,"href":"https:\/\/francescophoto.it\/blog\/wp-json\/wp\/v2\/posts\/10775\/revisions"}],"wp:attachment":[{"href":"https:\/\/francescophoto.it\/blog\/wp-json\/wp\/v2\/media?parent=10775"}],"wp:term":[{"taxonomy":"category","embeddable":true,"href":"https:\/\/francescophoto.it\/blog\/wp-json\/wp\/v2\/categories?post=10775"},{"taxonomy":"post_tag","embeddable":true,"href":"https:\/\/francescophoto.it\/blog\/wp-json\/wp\/v2\/tags?post=10775"}],"curies":[{"name":"wp","href":"https:\/\/api.w.org\/{rel}","templated":true}]}}