{"id":10716,"date":"2012-02-03T18:09:52","date_gmt":"2012-02-03T17:09:52","guid":{"rendered":"http:\/\/francescophoto.wordpress.com\/?p=10716"},"modified":"2012-02-03T18:09:52","modified_gmt":"2012-02-03T17:09:52","slug":"neve-a-roma","status":"publish","type":"post","link":"https:\/\/francescophoto.it\/blog\/2012\/02\/03\/neve-a-roma\/","title":{"rendered":"Neve a Roma"},"content":{"rendered":"<p><a href=\"http:\/\/blog.francescophoto.it\/wp-content\/uploads\/2012\/02\/dsc_7316s.jpg\"><img loading=\"lazy\" decoding=\"async\" class=\"alignright  wp-image-10719\" title=\"DSC_7316s\" src=\"http:\/\/blog.francescophoto.it\/wp-content\/uploads\/2012\/02\/dsc_7316s.jpg?w=500\" alt=\"\" width=\"350\" height=\"232\" srcset=\"https:\/\/francescophoto.it\/blog\/wp-content\/uploads\/2012\/02\/dsc_7316s.jpg 1536w, https:\/\/francescophoto.it\/blog\/wp-content\/uploads\/2012\/02\/dsc_7316s-500x331.jpg 500w, https:\/\/francescophoto.it\/blog\/wp-content\/uploads\/2012\/02\/dsc_7316s-768x509.jpg 768w\" sizes=\"auto, (max-width: 350px) 100vw, 350px\" \/><\/a>Oggi nevica a Roma! Non \u00e8 una nevicata da poco, da stamattina sta nevicando e lo far\u00e0 tutto domani. E&#8217; una cosa rara. Qualche spruzzo di breve durata si vede ogni anno, ma cos\u00ec erano pi\u00f9 di 20 anni che non succedeva.<br \/>\nE la citt\u00e0 si paralizza! All&#8217;una tutti sono usciti dagli uffici per tornare a casa ed \u00e8 stato il caos. Strade bloccate, guidatori che non sanno guidare con la neve, pochi con le gomme termiche. Ho impiegato quasi 4 ore per fare 20 km.<br \/>\nNon si deve per\u00f2 criticare tanto Roma per questo. Qui come detto \u00e8 un evento raro, anche se previsto, e penso che molti, come anche io, abbiano pensato ad una nevicata come quella dell&#8217;anno scorso: imbianc\u00f2 anche il Colosseo, ma nel pomeriggio la neve si era gi\u00e0 sciolta. Tutti sono quindi usciti tranquilli e sono stati sorpresi dalla nevicata.<br \/>\nAl nord, dalla Toscana, dove sono nato, in su invece la neve \u00e8 molto pi\u00f9 comune, eppure quando nevica non sono pronti lo stesso, come successe fra Bologna, Firenze e Siena lo scorso anno, con il blocco dell&#8217;autostrada, o come \u00e8 successo quest&#8217;anno con il blocco di diversi treni.<br \/>\nMa la neve per qualcuno \u00e8 anche una festa, sopra tutto per i bambini, ma anche per i fotografi. Purtroppo durante il mio tragitto per la citt\u00e0 non avevo la macchina fotografica ed ero anche troppo stanco e nervoso per scattare qualcosa con il cellulare, anche perch\u00e8 non c&#8217;erano soggetti interessanti tipo Colosseo o San Pietro nelle vicinanze.<br \/>\nL&#8217;unica foto che posso pubblicare \u00e8 quella del tetto di casa mia.<br \/>\nBuona neve a tutti!<\/p>\n","protected":false},"excerpt":{"rendered":"<p>Oggi nevica a Roma! Non \u00e8 una nevicata da poco, da stamattina sta nevicando e lo far\u00e0 tutto domani. E&#8217; una cosa rara. Qualche spruzzo di breve durata si vede ogni anno, ma cos\u00ec erano pi\u00f9 di 20 anni che non succedeva. E la citt\u00e0 si paralizza! All&#8217;una tutti sono usciti dagli uffici per tornare &hellip; <a href=\"https:\/\/francescophoto.it\/blog\/2012\/02\/03\/neve-a-roma\/\" class=\"more-link\">Continua la lettura di <span class=\"screen-reader-text\">Neve a Roma<\/span> <span class=\"meta-nav\">&rarr;<\/span><\/a><\/p>\n","protected":false},"author":1,"featured_media":0,"comment_status":"open","ping_status":"open","sticky":false,"template":"","format":"standard","meta":{"_jetpack_memberships_contains_paid_content":false,"footnotes":""},"categories":[17],"tags":[],"class_list":["post-10716","post","type-post","status-publish","format-standard","hentry","category-generale"],"jetpack_featured_media_url":"","jetpack_sharing_enabled":true,"_links":{"self":[{"href":"https:\/\/francescophoto.it\/blog\/wp-json\/wp\/v2\/posts\/10716","targetHints":{"allow":["GET"]}}],"collection":[{"href":"https:\/\/francescophoto.it\/blog\/wp-json\/wp\/v2\/posts"}],"about":[{"href":"https:\/\/francescophoto.it\/blog\/wp-json\/wp\/v2\/types\/post"}],"author":[{"embeddable":true,"href":"https:\/\/francescophoto.it\/blog\/wp-json\/wp\/v2\/users\/1"}],"replies":[{"embeddable":true,"href":"https:\/\/francescophoto.it\/blog\/wp-json\/wp\/v2\/comments?post=10716"}],"version-history":[{"count":0,"href":"https:\/\/francescophoto.it\/blog\/wp-json\/wp\/v2\/posts\/10716\/revisions"}],"wp:attachment":[{"href":"https:\/\/francescophoto.it\/blog\/wp-json\/wp\/v2\/media?parent=10716"}],"wp:term":[{"taxonomy":"category","embeddable":true,"href":"https:\/\/francescophoto.it\/blog\/wp-json\/wp\/v2\/categories?post=10716"},{"taxonomy":"post_tag","embeddable":true,"href":"https:\/\/francescophoto.it\/blog\/wp-json\/wp\/v2\/tags?post=10716"}],"curies":[{"name":"wp","href":"https:\/\/api.w.org\/{rel}","templated":true}]}}