{"id":10445,"date":"2012-01-04T22:06:56","date_gmt":"2012-01-04T21:06:56","guid":{"rendered":"http:\/\/francescophoto.wordpress.com\/?p=10445"},"modified":"2012-01-04T22:06:56","modified_gmt":"2012-01-04T21:06:56","slug":"nikon-d4","status":"publish","type":"post","link":"https:\/\/francescophoto.it\/blog\/2012\/01\/04\/nikon-d4\/","title":{"rendered":"Nikon D4"},"content":{"rendered":"<p><a href=\"http:\/\/blog.francescophoto.it\/wp-content\/uploads\/2012\/01\/nikon-d4-logo.png\"><img loading=\"lazy\" decoding=\"async\" class=\"alignright size-thumbnail wp-image-10447\" title=\"nikon-d4-logo\" src=\"http:\/\/blog.francescophoto.it\/wp-content\/uploads\/2012\/01\/nikon-d4-logo.png?w=128\" alt=\"\" width=\"128\" height=\"79\" \/><\/a>E&#8217; ormai imminente il debutto della Nikon D4, la nuova fullframe di cas aNikon destinata a sostituire la D3s. Sar\u00e0 il regalo della Befana per i nikonisti visto che sar\u00e0 presentata il 6 gennaio in una conferenza stampa fissata in Thailandia.<br \/>\nLe voci in rete parlano di &#8220;soli&#8221; 16,2 megapixel per la top di gamma Nikon ma con in cambio incredibili capacit\u00e0 di ripresa alle alte sensibilit\u00e0, alta velocit\u00e0 operativa, sezione AF di altissimo livello ed una serie di innovazioni completamente inedite sparse un p\u00f2 ovunque. Quando fra qualche mese sar\u00e0 presentata anche la D800, accreditata dalle voci di 36 Mpx, si riproporr\u00e0 il binomio attuale D3s-D3x, con due fotocamere, una molto veloce e con elevata sensibilit\u00e0, destinata alle riprese sportive e di cronaca, anche in difficli condizioni di luce, ed un&#8217;altra per la massima qualit\u00e0 in studio o comunque in riprese pi\u00f9 statiche.<!--more--><\/p>\n<p><a href=\"http:\/\/blog.francescophoto.it\/wp-content\/uploads\/2012\/01\/01_nikond4event_resize.jpg\"><img loading=\"lazy\" decoding=\"async\" class=\"alignnone size-large wp-image-10448\" title=\"01_NikonD4event_resize\" src=\"http:\/\/blog.francescophoto.it\/wp-content\/uploads\/2012\/01\/01_nikond4event_resize.jpg?w=500\" alt=\"\" width=\"500\" height=\"256\" srcset=\"https:\/\/francescophoto.it\/blog\/wp-content\/uploads\/2012\/01\/01_nikond4event_resize.jpg 586w, https:\/\/francescophoto.it\/blog\/wp-content\/uploads\/2012\/01\/01_nikond4event_resize-500x257.jpg 500w\" sizes=\"auto, (max-width: 500px) 100vw, 500px\" \/><\/a><\/p>\n<p>La nuova Nikon \u00a0sar\u00e0 compatibile con le nuovissime schede di memoria Compact Flash XQD, futuro standard di riferimento del settore professionale.<br \/>\nLa D4 dovrebbe essere disponibile da febbraio 2012 ad un prezzo orientativo di circa 6000$<\/p>\n<p>Le sue principali caratteristiche dovrebbero essere:<\/p>\n<p>&#8211; sensore digitale CMOS da 16,2 Mpx<br \/>\n&#8211; corpo pi\u00f9 leggero delle precedenti D3\/D3s<br \/>\n&#8211; velocit\u00e0 di scatto 11 fps<br \/>\n&#8211; sensibilit\u00e0 Iso variabile da 100 a 102,400 ISO, espandibile a 50 e 204,800<br \/>\n&#8211; sensore RGB per la misurazione dell&#8217;esposizione da 91.000 pixel<br \/>\n&#8211; doppio slot per schede di memoria CF + XQD<br \/>\n&#8211; connessione Ethernet<br \/>\n&#8211; mirino con copertura del 100 %<br \/>\n&#8211; funzione per il riconoscimento dei volti<br \/>\n&#8211; pulsante dedicato per le riprese video<br \/>\n&#8211; uscita video HDMI non compresso<br \/>\n&#8211; controllo apertura diaframma durante la ripresa video<br \/>\n&#8211; ripresa video con compressione H.264 B Frame, filtro low-pass ed autofocus a rilevamento di contrasto<br \/>\n&#8211; autofocus a 51 punti migliorato con sensibilit\u00e0 sino a -2.0 EV (-1.0 EV per la D3s) e nove sensori a croce operativi sino ad f\/8<br \/>\n&#8211; pulsanti funzione illuminati<\/p>\n<p>Il prezzo atteso per la Nikon D4 solo corpo \u00e8 di circa 6000$, la disponibilit\u00e0 \u00e8 prevista per febbraio 2012.<\/p>\n<p>Insieme alla D4 sar\u00e0 presentata la nuova versione dell&#8217;obiettivo 85\/1,8 denominata Nikkor AF-S 85mm f\/1.8G. Il prezzo previsto sar\u00e0 di circa 500 $.<\/p>\n<p><a href=\"http:\/\/blog.francescophoto.it\/wp-content\/uploads\/2012\/01\/nikon-d4.jpg\"><img loading=\"lazy\" decoding=\"async\" class=\"alignnone size-full wp-image-10449\" title=\"Nikon-D4\" src=\"http:\/\/blog.francescophoto.it\/wp-content\/uploads\/2012\/01\/nikon-d4.jpg\" alt=\"\" width=\"450\" height=\"407\" \/><\/a><\/p>\n","protected":false},"excerpt":{"rendered":"<p>E&#8217; ormai imminente il debutto della Nikon D4, la nuova fullframe di cas aNikon destinata a sostituire la D3s. Sar\u00e0 il regalo della Befana per i nikonisti visto che sar\u00e0 presentata il 6 gennaio in una conferenza stampa fissata in Thailandia. Le voci in rete parlano di &#8220;soli&#8221; 16,2 megapixel per la top di gamma &hellip; <a href=\"https:\/\/francescophoto.it\/blog\/2012\/01\/04\/nikon-d4\/\" class=\"more-link\">Continua la lettura di <span class=\"screen-reader-text\">Nikon D4<\/span> <span class=\"meta-nav\">&rarr;<\/span><\/a><\/p>\n","protected":false},"author":1,"featured_media":0,"comment_status":"open","ping_status":"open","sticky":false,"template":"","format":"standard","meta":{"_jetpack_memberships_contains_paid_content":false,"footnotes":""},"categories":[10,11,23],"tags":[341,585,905],"class_list":["post-10445","post","type-post","status-publish","format-standard","hentry","category-dslr","category-eventi","category-novita","tag-d4","tag-fullframe","tag-nikon"],"jetpack_featured_media_url":"","jetpack_sharing_enabled":true,"_links":{"self":[{"href":"https:\/\/francescophoto.it\/blog\/wp-json\/wp\/v2\/posts\/10445","targetHints":{"allow":["GET"]}}],"collection":[{"href":"https:\/\/francescophoto.it\/blog\/wp-json\/wp\/v2\/posts"}],"about":[{"href":"https:\/\/francescophoto.it\/blog\/wp-json\/wp\/v2\/types\/post"}],"author":[{"embeddable":true,"href":"https:\/\/francescophoto.it\/blog\/wp-json\/wp\/v2\/users\/1"}],"replies":[{"embeddable":true,"href":"https:\/\/francescophoto.it\/blog\/wp-json\/wp\/v2\/comments?post=10445"}],"version-history":[{"count":0,"href":"https:\/\/francescophoto.it\/blog\/wp-json\/wp\/v2\/posts\/10445\/revisions"}],"wp:attachment":[{"href":"https:\/\/francescophoto.it\/blog\/wp-json\/wp\/v2\/media?parent=10445"}],"wp:term":[{"taxonomy":"category","embeddable":true,"href":"https:\/\/francescophoto.it\/blog\/wp-json\/wp\/v2\/categories?post=10445"},{"taxonomy":"post_tag","embeddable":true,"href":"https:\/\/francescophoto.it\/blog\/wp-json\/wp\/v2\/tags?post=10445"}],"curies":[{"name":"wp","href":"https:\/\/api.w.org\/{rel}","templated":true}]}}