{"id":1034,"date":"2009-02-21T01:20:59","date_gmt":"2009-02-21T00:20:59","guid":{"rendered":"http:\/\/francescophoto.wordpress.com\/?p=1034"},"modified":"2009-02-21T01:20:59","modified_gmt":"2009-02-21T00:20:59","slug":"prossime-novita","status":"publish","type":"post","link":"https:\/\/francescophoto.it\/blog\/2009\/02\/21\/prossime-novita\/","title":{"rendered":"Prossime novit\u00e0"},"content":{"rendered":"<p><img loading=\"lazy\" decoding=\"async\" class=\"alignright size-full wp-image-1054\" title=\"pma09o\" src=\"http:\/\/blog.francescophoto.it\/wp-content\/uploads\/2009\/02\/pma09o.jpg\" alt=\"pma09o\" width=\"88\" height=\"40\" \/>Il PMA di LAs Vegas, la pi\u00f9 importante mostra americana dedicata alle attrezzature fotografiche sta per aprirsi il 3 marzo, perci\u00f2 ho cercato di raccogliere molte delle voci che circolano in rete sulle imminenti novit\u00e0 che potrebbero essere presentate in questa importante fiera e anche nei mesi successivi ad essa. Le ho integrate anche con le deduzioni che si possono fare in base alla storia delle precedenti presentazioni di novit\u00e0 da parte dei produttori in base alla cadenza media di sostituzione dei loro modelli. Le previsioni si riferiscono al segmento delle DSRL o comunque delle fotocamere ad obiettivo intercambiabile, in quanto il mondo delle compatte \u00e8 troppo dinamico per seguirne dettagliatamente l&#8217;evoluzione e comunque in questo segmento ci saranno sicuramente altre novit\u00e0, molte delle quali sono gi\u00e0 state presentate nei giorni scorsi.<br \/>\nNonostante la crisi economica abbia un po&#8217; rallentato i nuovi sviluppi ci saranno comunque numerose novit\u00e0 interessanti.<!--more--><\/p>\n<p style=\"text-align:left;\"><strong>\u00a0<\/strong><\/p>\n<p style=\"text-align:left;\"><strong>CANON<\/strong><\/p>\n<p><strong><\/strong><br \/>\n<span style=\"text-decoration:underline;\">500D<\/span>\u00a0\u00a0 non dovrebbe essere annunciata al PMA forse a agosto<br \/>\n15 Mpx, Digic IV, display da 3&#8242; VGA<\/p>\n<p>\u00a0<br \/>\n<span style=\"text-decoration:underline;\">1D Mk III<\/span>\u00a0 non sar\u00e0 sostituita per adesso.<\/p>\n<p>\u00a0<\/p>\n<p style=\"text-align:left;\"><strong>NIKON<\/strong><\/p>\n<p><strong><\/strong><br \/>\n<span style=\"text-decoration:underline;\">D5000<\/span>\u00a0\u00a0 3 marzo al PMA, sostituir\u00e0 la D40 e forse anche la D60<br \/>\n12 Mpx CMOS, come D90, corpo di dimensioni ridotte simile\u00a0\u00a0\u00a0D40\/D60, 9 punti AF, non avr\u00e0 il motore di messa a fuoco, forse 599 $.<\/p>\n<p>\u00a0<br \/>\n<span style=\"text-decoration:underline;\">D400<\/span>\u00a0\u00a0 probabilmente a giugno, sostituir\u00e0 la D300<br \/>\n15 Mpx CMOS, nuovo EXPEED Plus pi\u00f9 veloce del 30 %, otturatore da 200.000 scatti, 51 punti AF, 7 fg\/s, possibilit\u00e0 di video HD 1080P 24 fg\/s con audio stereo, orizzonte virtuale, calibrazione fuoco per 20 obiettivi, correzione vignettatura, tropicalizzata.<\/p>\n<p>\u00a0<br \/>\n<span style=\"text-decoration:underline;\">D700x\/D800<\/span>\u00a0 per adesso sono solo voci. Dovrebbe essere una D700 con sensore da 24 Mpx come la D3x.<\/p>\n<p>\u00a0<\/p>\n<p style=\"text-align:left;\"><strong>OLYMPUS\u00a0<\/strong><\/p>\n<p><strong><\/strong><br \/>\n<span style=\"text-decoration:underline;\">M100<\/span>\u00a0\u00a0 al PMA<br \/>\nCompatta Micro 4\/3 il cui prototipo \u00e8 stato presentato alla Photokina 2008.\u00a0\u00a0Dovrebbe avere un display da 3,3&#8242; e essere venduta in kit con un 14-70\/3,5-5,6. Purtroppo sembra che non avr\u00e0 un mirino.<\/p>\n<p>\u00a0<br \/>\n<span style=\"text-decoration:underline;\">M1<\/span>\u00a0\u00a0 al PMA<br \/>\nCorpo tropicalizzato, potra riprendere video HD fino al 1080P, con un 12-45\/2,4-3,5. Chiss\u00e0 se manterr\u00e0 il nome, che \u00e8 quello di una Leica degli anni 50, altrimenti potrebbe chiamarsi OM1 (sic!)<\/p>\n<p>\u00a0<\/p>\n<p style=\"text-align:left;\"><strong>PENTAX<\/strong><\/p>\n<p><strong>\u00a0<\/strong><br \/>\n<span style=\"text-decoration:underline;\">K30D<\/span>\u00a0\u00a0 forse al PMA<br \/>\nSensore da 14 Mpx CMOS di formato APS-H con fattore moltiplicativo 1,3, come la Canon 1D sfruttando il fatto che molti obiettivi Pentax hanno una copertura maggiore dell&#8217;APS-C standard, migliore autofocus e migliore qualit\u00e0 Iso, 3,5 fg\/s e 6,5 fg\/s a\u00a06 Mpx.<\/p>\n<p>\u00a0<br \/>\n<span style=\"text-decoration:underline;\">K300D<\/span>\u00a0\u00a0 forse al PMA<br \/>\nsensore 10 Mpx APS-C CMOS<\/p>\n<p>\u00a0<\/p>\n<p style=\"text-align:left;\"><strong>SONY<\/strong><\/p>\n<p><span style=\"text-decoration:underline;\">A800<\/span>\u00a0\u00a0 al PMA, sostituir\u00e0 la A700<br \/>\n15 Mpx CMOS, 100-12800 Iso, 6,5 fg\/s, 23 punti AF di cui 9 a croce, Live View con forse un display orientabile, Wi-Fi interno, calibrazione AF, eyestart con prefocus, mirino con copertura 100 %.<\/p>\n","protected":false},"excerpt":{"rendered":"<p>Il PMA di LAs Vegas, la pi\u00f9 importante mostra americana dedicata alle attrezzature fotografiche sta per aprirsi il 3 marzo, perci\u00f2 ho cercato di raccogliere molte delle voci che circolano in rete sulle imminenti novit\u00e0 che potrebbero essere presentate in questa importante fiera e anche nei mesi successivi ad essa. Le ho integrate anche con &hellip; <a href=\"https:\/\/francescophoto.it\/blog\/2009\/02\/21\/prossime-novita\/\" class=\"more-link\">Continua la lettura di <span class=\"screen-reader-text\">Prossime novit\u00e0<\/span> <span class=\"meta-nav\">&rarr;<\/span><\/a><\/p>\n","protected":false},"author":1,"featured_media":0,"comment_status":"open","ping_status":"open","sticky":false,"template":"","format":"standard","meta":{"_jetpack_memberships_contains_paid_content":false,"footnotes":""},"categories":[10,23],"tags":[256,280,878,879,905,943,996,1012,1171],"class_list":["post-1034","post","type-post","status-publish","format-standard","hentry","category-dslr","category-novita","tag-aps","tag-canon","tag-micro-4-3","tag-microfourthirds","tag-nikon","tag-olympus","tag-pentax","tag-pma","tag-sony"],"jetpack_featured_media_url":"","jetpack_sharing_enabled":true,"_links":{"self":[{"href":"https:\/\/francescophoto.it\/blog\/wp-json\/wp\/v2\/posts\/1034","targetHints":{"allow":["GET"]}}],"collection":[{"href":"https:\/\/francescophoto.it\/blog\/wp-json\/wp\/v2\/posts"}],"about":[{"href":"https:\/\/francescophoto.it\/blog\/wp-json\/wp\/v2\/types\/post"}],"author":[{"embeddable":true,"href":"https:\/\/francescophoto.it\/blog\/wp-json\/wp\/v2\/users\/1"}],"replies":[{"embeddable":true,"href":"https:\/\/francescophoto.it\/blog\/wp-json\/wp\/v2\/comments?post=1034"}],"version-history":[{"count":0,"href":"https:\/\/francescophoto.it\/blog\/wp-json\/wp\/v2\/posts\/1034\/revisions"}],"wp:attachment":[{"href":"https:\/\/francescophoto.it\/blog\/wp-json\/wp\/v2\/media?parent=1034"}],"wp:term":[{"taxonomy":"category","embeddable":true,"href":"https:\/\/francescophoto.it\/blog\/wp-json\/wp\/v2\/categories?post=1034"},{"taxonomy":"post_tag","embeddable":true,"href":"https:\/\/francescophoto.it\/blog\/wp-json\/wp\/v2\/tags?post=1034"}],"curies":[{"name":"wp","href":"https:\/\/api.w.org\/{rel}","templated":true}]}}