{"id":10228,"date":"2011-12-29T12:58:13","date_gmt":"2011-12-29T11:58:13","guid":{"rendered":"http:\/\/francescophoto.wordpress.com\/?p=10228"},"modified":"2011-12-29T12:58:13","modified_gmt":"2011-12-29T11:58:13","slug":"quali-novita-nel-2012","status":"publish","type":"post","link":"https:\/\/francescophoto.it\/blog\/2011\/12\/29\/quali-novita-nel-2012\/","title":{"rendered":"Quali novit\u00e0 nel 2012?"},"content":{"rendered":"<p><a href=\"http:\/\/blog.francescophoto.it\/wp-content\/uploads\/2011\/12\/previsioni.jpg\"><img loading=\"lazy\" decoding=\"async\" class=\"alignright size-thumbnail wp-image-10229\" title=\"Previsioni\" src=\"http:\/\/blog.francescophoto.it\/wp-content\/uploads\/2011\/12\/previsioni.jpg?w=84\" alt=\"\" width=\"84\" height=\"96\" \/><\/a>Nei giorni di fine anno si leggono e vedono da ogni parte previsioni e profezie per il nuovo anno. Spesso dopo averle lette si dimenticano e nessuno va poi a controllare se si siano avverate o meno. Nel settore fotografico non \u00e8 cos\u00ec e sicuramente si potr\u00e0 verificare se quanto previsto si \u00e8 poi verificato. Fare previsioni sulle novit\u00e0 del prossimo anno \u00e8 quindi pi\u00f9 difficile ed impegnativo, ma ci provo ugualmente, anche perch\u00e8 alcune sono imminenti ed ormai ben definite ed abbastanza note.<!--more--><\/p>\n<p>Elencando per marca queste sono le voci pi\u00f9 attendibili che circolano in rete:<\/p>\n<h2><strong>Canon<\/strong><\/h2>\n<p>La prima novit\u00e0 dovrebbe essere la <strong>5D Mk III<\/strong>, che sar\u00e0 presentata probabilmente alla fine di marzo o primi di aprile e sar\u00e0 disponibile entro l&#8217;estate. Non si sa ancora se avr\u00e0 un sensore sopra i 30 Mpx o lo stesso della 1Dx da 18 Mpx. L&#8217;autofocus sar\u00e0 una versione ridotta di quello della 7D e la raffica non molto veloce, 3-4 fg\/s.<br \/>\nPer la Photokina 2012 in settembre dovrebbe essere presentata la <strong>7D Mk II<\/strong> che continuer\u00e0 ad avere un sensore di formato APS-C.<br \/>\nNon si sa nulla di eventuali progetti per una mirrorless, ma Canon si chiede se necessariamente una mirrorless debba avere gli obiettivi intercambiabili.<\/p>\n<h2><strong>Fuji<\/strong><\/h2>\n<p>Proseguir\u00e0 sulla strada intrapresa con le X100 e X10, perfezionando l&#8217;autofocus e le altre caratteristiche.<\/p>\n<h2><strong>Nikon<\/strong><\/h2>\n<p>Il 6 gennaio presenter\u00e0 la <strong>D4<\/strong> e nuovi obiettivi.<br \/>\nLe caratteristiche della <strong>D4<\/strong> sono ormai ben definite:<\/p>\n<p>sensore da 16.2 Mpx<br \/>\nraffica a 11 fg\/s<br \/>\nsensibilit\u00e0 100-12,800 ISOestendibile a 50 e 204,800<br \/>\nusa schede CF + le nuoove CF XQD<br \/>\nCompatibile con il nuovo trasmettitore wireless Nikon WT-5<br \/>\nEthernet integrato<br \/>\nFunzione per il riconoscimento dei volti funzionante nel mirino (forse un qualche genere di mirino ibrido?)<br \/>\nVideo migliorato, probabilmente 1080p\/30\/25\/24 and 720p\/60\/30\/25\/24<br \/>\nVideo output non compresso tramite la porta HDMI<br \/>\nAutofocus a 51 punti migliorato<br \/>\nExpeed 3 processor<br \/>\nla sensibilit\u00e0 AF scender\u00e0 fino a EV-2.0 (la D3s arriva a EV -1)<br \/>\nSistema autofocus: avr\u00e0 9 sensori cross-type operativi fino a f\/8<br \/>\nDovrebbe essere disponibile alla fine di gennaio o poche settimane dopo il suo annuncio<\/p>\n<p>Seguir\u00e0 la presentazione della <strong>D800<\/strong> forse al CP+ Show in Giappone in febbraio.<\/p>\n<p><a href=\"http:\/\/blog.francescophoto.it\/wp-content\/uploads\/2011\/12\/nikon-d800-front.jpg\"><img loading=\"lazy\" decoding=\"async\" class=\"alignright size-thumbnail wp-image-10230\" title=\"Nikon-D800-front\" src=\"http:\/\/blog.francescophoto.it\/wp-content\/uploads\/2011\/12\/nikon-d800-front.jpg?w=84\" alt=\"\" width=\"84\" height=\"96\" \/><\/a>Anche per la <strong>D800<\/strong> le caratteristiche sono abbastanza ben definite:<\/p>\n<p>sensore da 36 Mpx (7360&#215;4912 pixel)<br \/>\nmirino con copertura del 100%<br \/>\nAutofocus migliorato con il riconoscimento dei volti \u2013 la D800 Avr\u00e0 ancora 51 punti AF<br \/>\nalloggiamenti per schede di memoria CF+SD<br \/>\nUSB 3.0<br \/>\nGamma ISO: 100 \u2013 6400, ISO LO @ 50 e ISO HI-2 @ 25600<br \/>\nLo schermo sar\u00e0 pi\u00f9 grande di 3 pollici (probabilmente 3.2&#8243;)<br \/>\n<a href=\"http:\/\/blog.francescophoto.it\/wp-content\/uploads\/2011\/12\/nikon-d800-back.jpg\"><img loading=\"lazy\" decoding=\"async\" class=\"alignright size-thumbnail wp-image-10231\" title=\"Nikon-D800-back\" src=\"http:\/\/blog.francescophoto.it\/wp-content\/uploads\/2011\/12\/nikon-d800-back.jpg?w=88\" alt=\"\" width=\"88\" height=\"96\" \/><\/a>La D800 non avr\u00e0 il GPS integrato<br \/>\nExpeed 3 processor<br \/>\nCi saranno due differenti versioni della D800, una delle quali senza filtro antialias<br \/>\nraffica da 4 fg\/s, circa 6 fg\/s in modalit\u00e0 DX mode con il battery pack opzionale<br \/>\nModalit\u00e0 video: 1080p\/30\/25\/24 and 720p\/60\/30\/25\/24<br \/>\nPresa jack per cuffia, pu\u00f2 servire da input per un dispositivo esterno<br \/>\notturatore per 200,000 scatti<br \/>\nUscita HDMI per video non compresso (come la D4)<\/p>\n<p>Inoltre ci saranno nuove compatte al PMA di gennaio.<\/p>\n<h2><strong>Olympus<\/strong><\/h2>\n<p>Sta sviluppando una nuova serie di fotocamere Micro 4\/3 diversa dalla PEN, basata su nuovi concetti ed in particolare su un nuovo mirino.<br \/>\nE&#8217; previsto inoltre lo sviluppo di un&#8217;erede per la E5.<\/p>\n<h2><strong>Panasonic<\/strong><\/h2>\n<p>Oltre allo sviluppo delle mirrorless serie G continuer\u00e0 lo sviluppo della serie di compatte &#8220;premium&#8221; LX con la <strong>LX6<\/strong> che dovrebbe avere un sensore da 1 pollice. Presenter\u00e0 inoltre due zoom 12-35 e 35-100 ad alta luminosit\u00e0 f\/2,0.<\/p>\n<h2><strong>Pentax<\/strong><\/h2>\n<p>Circolano varie voci, ma niente di sicuro e definito. Si sta studiando la possibilit\u00e0 di presentare una mirrorless fullfame ed anche una medio formato con il sensore della 645D.<\/p>\n<h2><strong>Sigma<\/strong><\/h2>\n<p>Espander\u00e0 la serie delle compatte <strong>DP<\/strong> e presenter\u00e0 nuove reflex <strong>SD<\/strong> con sensore di dimensioni APS.<br \/>\nPresenter\u00e0 inoltre anche una serie di obiettivi per mirrorless.<\/p>\n<h2><strong>Sony<\/strong><\/h2>\n<p>Ha molti progetti in cantiere.<br \/>\nA gennaio presenter\u00e0 delle nuove compatte.<br \/>\nA febbraio-marzo presenter\u00e0 nuovi obiettivi, fra cui alcuni &#8220;pancake&#8221;.<br \/>\nIn primaver\u00e0 presenter\u00e0 nuovi modelli NEX e inoltre la novit\u00e0 pi\u00f9 interessante, la <strong>A99<\/strong> fullframe con tecnologia SLT a specchio semitrasparente, con un sensore da 24 Mpx.<br \/>\nInfine alla Photokina di settembre presenter\u00e0 una seconda fullframe ad alta risoluzione, con 36 MPx, forse una NEX fullframe e nuovi obiettivi per NEX.<\/p>\n<p>___<br \/>\nOltre a queste novit\u00e0 pi\u00f9 significative tutti i produttori presenteranno la solit\u00e0 moltitudine di compatte di tutte le speci e dimensioni e per tutti i gusti.<\/p>\n","protected":false},"excerpt":{"rendered":"<p>Nei giorni di fine anno si leggono e vedono da ogni parte previsioni e profezie per il nuovo anno. Spesso dopo averle lette si dimenticano e nessuno va poi a controllare se si siano avverate o meno. Nel settore fotografico non \u00e8 cos\u00ec e sicuramente si potr\u00e0 verificare se quanto previsto si \u00e8 poi verificato. &hellip; <a href=\"https:\/\/francescophoto.it\/blog\/2011\/12\/29\/quali-novita-nel-2012\/\" class=\"more-link\">Continua la lettura di <span class=\"screen-reader-text\">Quali novit\u00e0 nel 2012?<\/span> <span class=\"meta-nav\">&rarr;<\/span><\/a><\/p>\n","protected":false},"author":1,"featured_media":0,"comment_status":"open","ping_status":"open","sticky":false,"template":"","format":"standard","meta":{"_jetpack_memberships_contains_paid_content":false,"footnotes":""},"categories":[11,17,23],"tags":[280,579,905,920,943,985,996,1147,1171],"class_list":["post-10228","post","type-post","status-publish","format-standard","hentry","category-eventi","category-generale","category-novita","tag-canon","tag-fuji","tag-nikon","tag-novita","tag-olympus","tag-panasonic","tag-pentax","tag-sigma","tag-sony"],"jetpack_featured_media_url":"","jetpack_sharing_enabled":true,"_links":{"self":[{"href":"https:\/\/francescophoto.it\/blog\/wp-json\/wp\/v2\/posts\/10228","targetHints":{"allow":["GET"]}}],"collection":[{"href":"https:\/\/francescophoto.it\/blog\/wp-json\/wp\/v2\/posts"}],"about":[{"href":"https:\/\/francescophoto.it\/blog\/wp-json\/wp\/v2\/types\/post"}],"author":[{"embeddable":true,"href":"https:\/\/francescophoto.it\/blog\/wp-json\/wp\/v2\/users\/1"}],"replies":[{"embeddable":true,"href":"https:\/\/francescophoto.it\/blog\/wp-json\/wp\/v2\/comments?post=10228"}],"version-history":[{"count":0,"href":"https:\/\/francescophoto.it\/blog\/wp-json\/wp\/v2\/posts\/10228\/revisions"}],"wp:attachment":[{"href":"https:\/\/francescophoto.it\/blog\/wp-json\/wp\/v2\/media?parent=10228"}],"wp:term":[{"taxonomy":"category","embeddable":true,"href":"https:\/\/francescophoto.it\/blog\/wp-json\/wp\/v2\/categories?post=10228"},{"taxonomy":"post_tag","embeddable":true,"href":"https:\/\/francescophoto.it\/blog\/wp-json\/wp\/v2\/tags?post=10228"}],"curies":[{"name":"wp","href":"https:\/\/api.w.org\/{rel}","templated":true}]}}