{"id":1,"date":"2008-10-06T14:46:42","date_gmt":"2008-10-06T14:46:42","guid":{"rendered":"https:\/\/francescophoto.it\/blog\/2008\/10\/06\/hello-world\/"},"modified":"2024-04-16T16:51:41","modified_gmt":"2024-04-16T14:51:41","slug":"hello-world","status":"publish","type":"post","link":"https:\/\/francescophoto.it\/blog\/2008\/10\/06\/hello-world\/","title":{"rendered":"Photokina 2008"},"content":{"rendered":"<p><a href=\"https:\/\/francescophoto.it\/blog\/wp-content\/uploads\/2008\/10\/photokina_logo_small2.jpg\"><img loading=\"lazy\" decoding=\"async\" class=\"alignright wp-image-12 size-full\" title=\"untitled\" src=\"https:\/\/francescophoto.it\/blog\/wp-content\/uploads\/2008\/10\/photokina_logo_small2.jpg\" alt=\"\" width=\"120\" height=\"170\" \/><\/a>Penso che sia giusto iniziare questo blog con alcune considerazioni sull\u2019ultima Photokina che si \u00e8 svolta lo scorso settembre. Infatti in questa edizione si sono manifestati alcuni fenomeni di mercato e sono state presentate alcune novit\u00e0 che caratterizzeranno fortemente l\u2019evoluzione del mercato fotografico e il modo di fare fotografia per i prossimi anni. prima di parlare in dettaglio delle novit\u00e0 presentate \u00e8 quindi importante capire che direzione sta prendendo il mondo della fotografia.<!--more--><\/p>\n<p>La cosa che ha colpito maggiormente in questa edizione \u00e8 la nuova ridefinizione del mercato delle macchine digitali in base a nuovi parametri di qualit\u00e0 e prezzo e a nuove funzionalit\u00e0.<br \/>\nSi \u00e8 vista in primo luogo la prepotente ascesa delle nuove reflex &#8220;full frame&#8221;, fino a tre mesi fa una nicchia di mercato e ora in forte espansione e con diversi nuovi protagonisti sul mercato da parte di Canon, Nikon e Sony e con forse l&#8217;aggiunta futura di Pentax o Samsung. I prezzi dei nuovi modelli (da 2.200 a 2.500 \u20ac), notevolmente inferiori a quanto si doveva pagare poco tempo fa per FF di questo livello e anche a quanto ci si sarebbe aspettato, ha comportato una ridefinizione del mercato con la compressione dei modelli APS (o mezzo formato!) nella fascia inferiore a livelo di entry (400-600 \u20ac) o di amatoriale evoluto, anche se c&#8217;\u00e8 ancora qualche modello che pu\u00f2 definirsi professionale. Le vere professionali per\u00f2 sono ormai le FF con tutti i vantaggi che comporta l&#8217;uso di un formato pieno.<br \/>\noltretutto le uscite di Nikon e Sony hanno ridefinito quale \u00e8 il livello di qualit\u00e0 per quanto riguarda i Mpixel. Le nuove macchine, con sensori FF oltre i 20 Mpx hanno una densit\u00e0 di pixel inferiore a quella delle APS da 12 Mpx e quindi una qualit\u00e0 d&#8217;immagine migliore e un livello di rumore pi\u00f9 basso. Visto che ormai sono disponibili sensori FF con questa risoluzione a prezzi relativamente contenuti ci si potr\u00e0 aspettare in futuro da una parte una loro diffusione su modelli meno costosi, che rinunciano ad alcune caratteristiche professionali, e dall&#8217;altra alla presentzione di nuovi modelli con un numero di Mpx ancora maggiore, senza per questo raggiungere i livelli di densit\u00e0 di pixel delle attuali reflex APS. Mi aspetto perci\u00f2 a breve (PMA?) l&#8217;uscita di qualche novit\u00e0 Nikon che in questo momento \u00e8 un po&#8217; spiazzata perch\u00e8 pur avendo delle ottime FF con un&#8217;elevatissima qualit\u00e0 di immagine ha &#8220;solo&#8221; 12 Mpx. Ha suscitato anche grande scalpore e in molti casi un rifiuto aprioristico l&#8217;introduzione sulle ultime reflex di Canon, 5D MkII, e Nikon, D90, della possibilit\u00e0 di realizzare filmati in alta definizione. Secondo me invece \u00e8 una possibilit\u00e0 che consente spunti creativi notevoli per la realizzazione di DVD multimediali in cui si combinano foto e video insieme a musica e commenti da proiettare su schermi ad alta definizione. I vantaggi sono quelli di doversi portare in giro un solo apparecchio, con relative batterie, caricatori e schede, invece di due e di poter usare gli obiettivi delle reflex, con sensori di grande formato che consentono possibilit\u00e0 creative, come il controllo della profondit\u00e0 di campo, negate alle videocamere amatoriali. Vedremo gli sviluppi, ma secondo me anche in questo caso la Photokina 2008 ha segnato una tendenza ormai irreversibile.<br \/>\nAltra grande novit\u00e0 che dar\u00e0 un volto nuovo all&#8217;offerta di digitali nei prossimi anni \u00e8 il formato micro 4\/3 di Panasonic e Olympus: con questo formato, che prevede ottiche intercambiabili,ma senza lo specchio reflex (utilizzando quindi un mirino elettronico) si spera di poter avere finalmente delle compatte con sensore di grande formato e quindi con una buona qualit\u00e0 di&#8217;immagine.<br \/>\nA questo punto lo spazio per le compatte si \u00e8 ridotto, in particolare quello per le superzoom, anche se c&#8217;\u00e8 stata qualche novit\u00e0 perch\u00e8 questo tipo di macchina \u00e8 molto comodo per il fotografo non molto impegnato che vuol fare buone foto senza porsi troppi problemi. Le compatte tascabili invece sono ormai ridotte a livello di &#8220;commodities&#8221; (come i cellulari) e il loro ciclo di rinnovamento \u00e8 ormai inferiore ai sei mesi, per cui non hanno avuto particolare rilevanza nell&#8217;ambito della fiera. Si pu\u00f2 solo notare una tendenza a presentare qualche modello che cerca di distinguersi dalla massa per la qualit\u00e0 di immagine e si rivolge ad un pubblico pi\u00f9 impegnato o professionale.<br \/>\nInfine non meno importante \u00e8 stata la presentazione, da parte di Leica, della nuova medio formato S2. Leica \u00e8 diventata famosa per le sue macchine compatte, tascabili, ma dall&#8217;eccezionale qualit\u00e0, e ora ha avuto grande coraggio a presentare un modello all&#8217;estremo opposto, grande, pesante da usare prevalentemente in studio, che per\u00f2 riconferma il posizionamento su un numero elevato di Mpx con i suoi 37. Vedremo come andr\u00e0.<br \/>\nPer adesso \u00e8 tutto, nei prossimi giorni vedr\u00f2 di analizzare le singole novit\u00e0 pi\u00f9 significative.<\/p>\n","protected":false},"excerpt":{"rendered":"<p>Penso che sia giusto iniziare questo blog con alcune considerazioni sull\u2019ultima Photokina che si \u00e8 svolta lo scorso settembre. Infatti in questa edizione si sono manifestati alcuni fenomeni di mercato e sono state presentate alcune novit\u00e0 che caratterizzeranno fortemente l\u2019evoluzione del mercato fotografico e il modo di fare fotografia per i prossimi anni. prima di &hellip; <a href=\"https:\/\/francescophoto.it\/blog\/2008\/10\/06\/hello-world\/\" class=\"more-link\">Continua la lettura di <span class=\"screen-reader-text\">Photokina 2008<\/span> <span class=\"meta-nav\">&rarr;<\/span><\/a><\/p>\n","protected":false},"author":1,"featured_media":0,"comment_status":"open","ping_status":"open","sticky":false,"template":"","format":"standard","meta":{"_jetpack_memberships_contains_paid_content":false,"footnotes":""},"categories":[39],"tags":[277,753,1004],"class_list":["post-1","post","type-post","status-publish","format-standard","hentry","category-uncategorized","tag-camera","tag-koln","tag-photokina"],"jetpack_featured_media_url":"","jetpack_sharing_enabled":true,"_links":{"self":[{"href":"https:\/\/francescophoto.it\/blog\/wp-json\/wp\/v2\/posts\/1","targetHints":{"allow":["GET"]}}],"collection":[{"href":"https:\/\/francescophoto.it\/blog\/wp-json\/wp\/v2\/posts"}],"about":[{"href":"https:\/\/francescophoto.it\/blog\/wp-json\/wp\/v2\/types\/post"}],"author":[{"embeddable":true,"href":"https:\/\/francescophoto.it\/blog\/wp-json\/wp\/v2\/users\/1"}],"replies":[{"embeddable":true,"href":"https:\/\/francescophoto.it\/blog\/wp-json\/wp\/v2\/comments?post=1"}],"version-history":[{"count":2,"href":"https:\/\/francescophoto.it\/blog\/wp-json\/wp\/v2\/posts\/1\/revisions"}],"predecessor-version":[{"id":73719,"href":"https:\/\/francescophoto.it\/blog\/wp-json\/wp\/v2\/posts\/1\/revisions\/73719"}],"wp:attachment":[{"href":"https:\/\/francescophoto.it\/blog\/wp-json\/wp\/v2\/media?parent=1"}],"wp:term":[{"taxonomy":"category","embeddable":true,"href":"https:\/\/francescophoto.it\/blog\/wp-json\/wp\/v2\/categories?post=1"},{"taxonomy":"post_tag","embeddable":true,"href":"https:\/\/francescophoto.it\/blog\/wp-json\/wp\/v2\/tags?post=1"}],"curies":[{"name":"wp","href":"https:\/\/api.w.org\/{rel}","templated":true}]}}